{"id":48851,"date":"2025-05-19T11:20:54","date_gmt":"2025-05-19T09:20:54","guid":{"rendered":"https:\/\/edublog.educastur.es\/ixuxu\/?p=48851"},"modified":"2025-05-19T11:21:44","modified_gmt":"2025-05-19T09:21:44","slug":"paulo-freire-defensor-duna-pedagoxia-del-dialogu","status":"publish","type":"post","link":"https:\/\/edublog.educastur.es\/ixuxu\/2025\/05\/paulo-freire-defensor-duna-pedagoxia-del-dialogu\/","title":{"rendered":"Paulo Freire, defensor d&#8217;una pedagox\u00eda del di\u00e1logu"},"content":{"rendered":"<p style=\"text-align: center\">\n<!-- iframe plugin v.6.0 wordpress.org\/plugins\/iframe\/ -->\n<iframe loading=\"lazy\" src=\"https:\/\/www.facebook.com\/plugins\/post.php?href=https%3A%2F%2Fwww.facebook.com%2FCielitoArte%2Fposts%2Fpfbid02HGbMpXBPxpnKT5jNbS9DirXbYUo3DswL7DfGbJG6vgPyLknh63QXL44EmRwuwXrel&#038;show_text=false&#038;width=500\" width=\"500\" height=\"498\" style=\"border:none;overflow:hidden\" scrolling=\"no\" frameborder=\"0\" allowfullscreen=\"true\" allow=\"autoplay; clipboard-write; encrypted-media; picture-in-picture; web-share\" 0=\"\/iframe\" class=\"iframe-class\"><\/iframe>\n<\/p>\n<p style=\"text-align: center\"><span style=\"color: #008080;font-size: 20px\"><strong><em>Educar nun ye tresferir conocencies,<br \/>\nye crear les condiciones<br \/>\npa que les persones construyan<br \/>\nel so propiu saber<\/em><\/strong><\/span> .<\/p>\n<p><strong><span style=\"color: #008080\"> Paulo Freire<\/span><\/strong>, en Pedagox\u00eda del prim\u00edu (1970), cuestion\u00f3 una educaci\u00f3n que trataba al estudiante como un recipiente vac\u00edu, y propunxo nel so llugar <strong><span style=\"color: #008080\">una pedagox\u00eda del di\u00e1logu, de la conciencia cr\u00edtica y del compromisu col tresformamientu social.<\/span><\/strong> El so enfoque recu\u00e9rdanos qu&#8217;ense\u00f1ar ye un actu pol\u00edticu, y que cada aula puede ser un espaciu de llibert\u00e1 o de doma.<\/p>\n<p><strong>Pensar, cuestionar, imaxinar alternatives: eso ye educar en llibert\u00e1.<\/strong> Por eso lluchamos por una educaci\u00f3n que forme mentes despiertes y non a cencielles obedientes \u2728\ud83d\udcda<\/p>\n<p>&nbsp;<\/p>\n","protected":false},"excerpt":{"rendered":"<p>Educar nun ye tresferir conocencies, ye crear les condiciones pa que les persones construyan el so propiu saber . Paulo Freire, en Pedagox\u00eda del prim\u00edu (1970), cuestion\u00f3 una educaci\u00f3n que trataba al estudiante como un recipiente vac\u00edu, y propunxo nel so llugar una pedagox\u00eda del di\u00e1logu, de la conciencia cr\u00edtica y del compromisu col tresformamientu [&hellip;]<\/p>\n","protected":false},"author":117,"featured_media":0,"comment_status":"open","ping_status":"open","sticky":false,"template":"","format":"standard","meta":{"footnotes":""},"categories":[1],"tags":[],"class_list":["post-48851","post","type-post","status-publish","format-standard","hentry","category-sin-categoria"],"_links":{"self":[{"href":"https:\/\/edublog.educastur.es\/ixuxu\/wp-json\/wp\/v2\/posts\/48851","targetHints":{"allow":["GET"]}}],"collection":[{"href":"https:\/\/edublog.educastur.es\/ixuxu\/wp-json\/wp\/v2\/posts"}],"about":[{"href":"https:\/\/edublog.educastur.es\/ixuxu\/wp-json\/wp\/v2\/types\/post"}],"author":[{"embeddable":true,"href":"https:\/\/edublog.educastur.es\/ixuxu\/wp-json\/wp\/v2\/users\/117"}],"replies":[{"embeddable":true,"href":"https:\/\/edublog.educastur.es\/ixuxu\/wp-json\/wp\/v2\/comments?post=48851"}],"version-history":[{"count":2,"href":"https:\/\/edublog.educastur.es\/ixuxu\/wp-json\/wp\/v2\/posts\/48851\/revisions"}],"predecessor-version":[{"id":48854,"href":"https:\/\/edublog.educastur.es\/ixuxu\/wp-json\/wp\/v2\/posts\/48851\/revisions\/48854"}],"wp:attachment":[{"href":"https:\/\/edublog.educastur.es\/ixuxu\/wp-json\/wp\/v2\/media?parent=48851"}],"wp:term":[{"taxonomy":"category","embeddable":true,"href":"https:\/\/edublog.educastur.es\/ixuxu\/wp-json\/wp\/v2\/categories?post=48851"},{"taxonomy":"post_tag","embeddable":true,"href":"https:\/\/edublog.educastur.es\/ixuxu\/wp-json\/wp\/v2\/tags?post=48851"}],"curies":[{"name":"wp","href":"https:\/\/api.w.org\/{rel}","templated":true}]}}