{"id":48859,"date":"2025-05-18T16:29:03","date_gmt":"2025-05-18T14:29:03","guid":{"rendered":"https:\/\/edublog.educastur.es\/ixuxu\/?p=48859"},"modified":"2025-05-18T20:43:30","modified_gmt":"2025-05-18T18:43:30","slug":"i-campeonatu-dasturies-de-fideua-la-meyor-fideua-dasturies-preparase-nun-restoran-avilesin","status":"publish","type":"post","link":"https:\/\/edublog.educastur.es\/ixuxu\/2025\/05\/i-campeonatu-dasturies-de-fideua-la-meyor-fideua-dasturies-preparase-nun-restoran-avilesin\/","title":{"rendered":"I Campeonatu d&#8217;Asturies de Fideu\u00e1: la meyor fideu\u00e1 d&#8217;Asturies prep\u00e1rase nun restor\u00e1n aviles\u00edn"},"content":{"rendered":"<p style=\"text-align: center\"><a href=\"https:\/\/estaticos-cdn.prensaiberica.es\/clip\/c04c4280-f391-4979-9992-785b08916381_source-aspect-ratio_default_0.webp\"><img loading=\"lazy\" decoding=\"async\" class=\"aligncenter \" src=\"https:\/\/estaticos-cdn.prensaiberica.es\/clip\/c04c4280-f391-4979-9992-785b08916381_source-aspect-ratio_default_0.webp\" width=\"641\" height=\"802\" \/><\/a><\/p>\n<p style=\"text-align: left\">El pozu San Jos\u00e9 de Tur\u00f3n acoy\u00f3 l&#8217;<span style=\"color: #008080\"><strong>I Campeonatu d&#8217;Asturies<\/strong><\/span> d&#8217;esti platu, qu&#8217;empericoti\u00f3 a \u00abEl Chigre de Villalegre\u00bb. L&#8217;espaciu cultural Pozo San Jos\u00e9, en Tur\u00f3n, acoy\u00eda esti s\u00e1badu un campeonatu gastron\u00f3micu distintu a los que davezu se celebren na rex\u00f3n. Tr\u00e1tase del <strong>I Campeonatu d&#8217;Asturies de Fideu\u00e1<\/strong>, nel que participaron los mayores especialistes del Princip\u00e1u nesta ellaboraci\u00f3n tan t\u00edpica del llevante espa\u00f1ol. Fonte:<a href=\"https:\/\/www.lne.es\/cuencas\/2025\/05\/18\/mejor-fideua-asturias-prepara-restaurante-117524475.html?utm_medium=Social&amp;utm_campaign=Echobox&amp;utm_source=Facebook&amp;fbclid=IwY2xjawKXBLZleHRuA2FlbQIxMABicmlkETBmRWJqb3JLa0NlZm9EM3FnAR6NjQGc1EQtVGrgrelAXugHwghCLLWHew-DVrKRpUIsJ2kmfoBLIR0Fma54zw_aem_bAKd-bB98lUS42qZy1MGOA#Echobox=1747568518\"> LNE<\/a><\/p>\n<p><!--more--><\/p>\n<p style=\"text-align: left\">El ganador llogr\u00f3&#8217;l derechu a participar nel Concursu Internacional de Gand\u00eda, que se va celebrar el pr\u00f3ximu 5 de xunu. Una prueba asitiada qu&#8217;esti 2025 llega al mediu centenar d&#8217;ediciones.<\/p>\n<p style=\"text-align: center\"><a href=\"https:\/\/estaticos-cdn.prensaiberica.es\/clip\/f6b1b025-54d4-4c4c-bb67-7bee0d94c5cb_16-9-discover-aspect-ratio_default_0.webp\"><img loading=\"lazy\" decoding=\"async\" class=\"aligncenter size-large\" src=\"https:\/\/estaticos-cdn.prensaiberica.es\/clip\/f6b1b025-54d4-4c4c-bb67-7bee0d94c5cb_16-9-discover-aspect-ratio_default_0.webp\" width=\"1200\" height=\"675\" \/><\/a><\/p>\n<p>Los diez restoranes escoy\u00edos<strong> ten\u00eden que preparar la receta orixinal, compuesta por fid\u00e9u del n\u00famberu 4, tomate esmagay\u00e1u, gamba, cigala y rape.<\/strong> Pa decidir al ganador dende Gand\u00eda treslladose a Mieres el presidente de l&#8217;Asociaci\u00f3n cultural y gastron\u00f3mico Fideu\u00e1 de Gand\u00eda, Avelino Alfaro, y el so compa\u00f1eru d&#8217;organizaci\u00f3n, David Pardo.<\/p>\n<p>Nel xur\u00e1u tami\u00e9n tuvieron acompa\u00f1aos el cocineru Luis Alberto Mart\u00ednez (Casa Ferm\u00edn), la cocinera Rosa V\u00e1zquez y el periodista gastron\u00f3micu David Fern\u00e1ndez-Prada. El presidente del concursu valencianu sosprendiose del peraltu nivel amos\u00e1u polos restoranes asturianos, qu&#8217;ufiertaron fideos con una testura casi perfecta y sobremanera unos caldos bien sabrosos, con muncha esencia\u00bb.<\/p>\n<p>La gastronom\u00eda baxa al pozu: \u00abBocamina\u00bb escosa les sos entraes en 15 minutos<\/p>\n<p><strong>El llanto ganador.<\/strong> \u00a0El flamante ganador result\u00f3 ser \u00abEl Chigre de Villalegre\u00bb, d&#8217;Avil\u00e9s, con una receta na que como se\u00f1alaba tres el fallu la cocinera Pilar Meana,<span style=\"color: #008080\"><em> \u201clo m\u00e1s importante de la fideu\u00e1 foi&#8217;l caldu, bas\u00e1u en productos del mar, verdura, \u00f1oras, andaricas, cabrachu y rape\u00bb<\/em><\/span>. La vencedora del certame manifest\u00f3 \u00abtar nuna nube, nun lo puedo creer, porque hab\u00eda compa\u00f1eros bien especialistes que lo faen perbi\u00e9n, n\u00f3s intentamos faelo con aselu y con muncho amor, con un refritu que nun quede demasi\u00e1u turr\u00e1u, que nun quede&#8217;l caldu bien escuro\u00bb.<\/p>\n<p>En segunda posici\u00f3n qued\u00f3&#8217;l restor\u00e1n mierense \u00abLa Consistorial\u00bb, y el tercer puestu foi pa Xix\u00f3n, que ten\u00eda cuatro representantes nesti eventu. En concretu, llevolu el restor\u00e1n Cascandil\u00bb. Nel concursu, que se convirti\u00f3 nuna aut\u00e9ntica fiesta de la gastronom\u00eda, hab\u00eda tami\u00e9n restoranes de Ribesella. Goz\u00f3n y Uvi\u00e9u. Mientres tol d\u00eda l&#8217;<strong>asociaci\u00f3n turonesa Sotufe<\/strong> entamara actividaes pa popularizar l&#8217;eventu, con degustaciones, clases maxistrales al cargu de Jes\u00fas Meleru y xuegos pa ne\u00f1os. Esta acci\u00f3n tuvo impulsada pol Conceyu de Mieres, cuenta col sofitu d&#8217;Hunosa, y foi desenvuelta pola empresa Gustatio.<\/p>\n<p>Agora solo queda saber si&#8217;l meyor fideu\u00e1 d&#8217;Asturies lo va ser tami\u00e9n del mundu. Los ganadores y\u00e1 tienen los billetes d&#8217;avi\u00f3n pa demostrar en Gand\u00eda el 5 de xunu antes otros 33 participantes si esi fondu marineru con productos de la rula d&#8217;Avil\u00e9s ye imbatible. Dase la circunstancia de que va ser la 50.\u00aa edici\u00f3n d&#8217;esti campeonatu mundial, y que va cuntar como xur\u00e1u con cocineros de la talla de Kiko Moya (dos estrelles Michelin), Susi D\u00edaz o Paco Torreblanca.<\/p>\n<p>&nbsp;<\/p>\n","protected":false},"excerpt":{"rendered":"<p>El pozu San Jos\u00e9 de Tur\u00f3n acoy\u00f3 l&#8217;I Campeonatu d&#8217;Asturies d&#8217;esti platu, qu&#8217;empericoti\u00f3 a \u00abEl Chigre de Villalegre\u00bb. L&#8217;espaciu cultural Pozo San Jos\u00e9, en Tur\u00f3n, acoy\u00eda esti s\u00e1badu un campeonatu gastron\u00f3micu distintu a los que davezu se celebren na rex\u00f3n. Tr\u00e1tase del I Campeonatu d&#8217;Asturies de Fideu\u00e1, nel que participaron los mayores especialistes del Princip\u00e1u [&hellip;]<\/p>\n","protected":false},"author":117,"featured_media":0,"comment_status":"open","ping_status":"open","sticky":false,"template":"","format":"standard","meta":{"footnotes":""},"categories":[138,61],"tags":[],"class_list":["post-48859","post","type-post","status-publish","format-standard","hentry","category-alimentos","category-concursu"],"_links":{"self":[{"href":"https:\/\/edublog.educastur.es\/ixuxu\/wp-json\/wp\/v2\/posts\/48859","targetHints":{"allow":["GET"]}}],"collection":[{"href":"https:\/\/edublog.educastur.es\/ixuxu\/wp-json\/wp\/v2\/posts"}],"about":[{"href":"https:\/\/edublog.educastur.es\/ixuxu\/wp-json\/wp\/v2\/types\/post"}],"author":[{"embeddable":true,"href":"https:\/\/edublog.educastur.es\/ixuxu\/wp-json\/wp\/v2\/users\/117"}],"replies":[{"embeddable":true,"href":"https:\/\/edublog.educastur.es\/ixuxu\/wp-json\/wp\/v2\/comments?post=48859"}],"version-history":[{"count":1,"href":"https:\/\/edublog.educastur.es\/ixuxu\/wp-json\/wp\/v2\/posts\/48859\/revisions"}],"predecessor-version":[{"id":48860,"href":"https:\/\/edublog.educastur.es\/ixuxu\/wp-json\/wp\/v2\/posts\/48859\/revisions\/48860"}],"wp:attachment":[{"href":"https:\/\/edublog.educastur.es\/ixuxu\/wp-json\/wp\/v2\/media?parent=48859"}],"wp:term":[{"taxonomy":"category","embeddable":true,"href":"https:\/\/edublog.educastur.es\/ixuxu\/wp-json\/wp\/v2\/categories?post=48859"},{"taxonomy":"post_tag","embeddable":true,"href":"https:\/\/edublog.educastur.es\/ixuxu\/wp-json\/wp\/v2\/tags?post=48859"}],"curies":[{"name":"wp","href":"https:\/\/api.w.org\/{rel}","templated":true}]}}