{"id":48862,"date":"2025-05-18T20:35:07","date_gmt":"2025-05-18T18:35:07","guid":{"rendered":"https:\/\/edublog.educastur.es\/ixuxu\/?p=48862"},"modified":"2025-05-18T20:51:52","modified_gmt":"2025-05-18T18:51:52","slug":"37a-mediu-maraton-edp-ruta-de-la-reconquista","status":"publish","type":"post","link":"https:\/\/edublog.educastur.es\/ixuxu\/2025\/05\/37a-mediu-maraton-edp-ruta-de-la-reconquista\/","title":{"rendered":"37\u00aa Mediu Marat\u00f3n EDP Ruta de la Reconquista: 31 de mayu"},"content":{"rendered":"<div class=\"xu06os2 x1ok221b\">\n<div class=\"html-div xdj266r x11i5rnm xat24cr x1mh8g0r xexx8yu x4uap5 x18d9i69 xkhd6sd\" data-ad-rendering-role=\"profile_name\">\n<ul>\n<li class=\"html-h3 x11i5rnm xat24cr x1mh8g0r xexx8yu x4uap5 x18d9i69 xkhd6sd x1vvkbs x1heor9g x1qlqyl8 x1pd3egz x1a2a7pz x1gslohp x1yc453h\"><span class=\"x1lliihq x6ikm8r x10wlt62 x1n2onr6\"><span class=\"xt0psk2\"><span class=\"xjp7ctv\"><a class=\"x1i10hfl xjbqb8w x1ejq31n xd10rxx x1sy0etr x17r0tee x972fbf xcfux6l x1qhh985 xm0m39n x9f619 x1ypdohk xt0psk2 xe8uvvx xdj266r x11i5rnm xat24cr x1mh8g0r xexx8yu x4uap5 x18d9i69 xkhd6sd x16tdsg8 x1hl2dhg xggy1nq x1a2a7pz xkrqix3 x1sur9pj xzsf02u x1s688f\" role=\"link\" href=\"https:\/\/www.facebook.com\/rutareconquista?__cft__[0]=AZXoUQntrw-0pZJrTBYBly_Q2T-uS2XR-GMftbs3nUhtNwpXhi3WZtL0GPn55CYNBoxa4zHmWGhNVUrBb7t0v6XRrH_ipYlCUZHOqtx8gOzqkw1N236IC9ol2BsmB__roE5UBh4X_dQ4-WES7MUjxQQ8dwyzUeDZaiB6yLOcxAYIaz2vYwnI6efX031lD6QVg4ASX3m2Q1B68DTtxQB9qp53BXC1jT48AU4iVgyc3BIl4Q&amp;__tn__=-UC%2CP-y-R\"><strong class=\"html-strong xdj266r x11i5rnm xat24cr x1mh8g0r xexx8yu x4uap5 x18d9i69 xkhd6sd x1hl2dhg x16tdsg8 x1vvkbs x1s688f\"><span class=\"html-span xdj266r x11i5rnm xat24cr x1mh8g0r xexx8yu x4uap5 x18d9i69 xkhd6sd x1hl2dhg x16tdsg8 x1vvkbs\">Media Marat\u00f3n EDP Ruta de la Reconquista<\/span><\/strong><\/a><\/span><\/span><\/span>\/<a href=\"https:\/\/rutareconquista.es\/\"> https:\/\/rutareconquista.es<\/a> \/ <a href=\"https:\/\/scontent-bcn1-1.xx.fbcdn.net\/v\/t39.30808-6\/495182973_1121530019991614_6670172429992183979_n.jpg?_nc_cat=106&amp;ccb=1-7&amp;_nc_sid=127cfc&amp;_nc_ohc=AzFMezPWBHMQ7kNvwEvdu1V&amp;_nc_oc=Adk1zyFNaXX1Sa5EJmPq_r8a01YvUsMSUk9D5QRhATiEvRWXWdxOCPWU4K3lI9AuL0XFOfzV0aqCFWojwMMWxCwk&amp;_nc_zt=23&amp;_nc_ht=scontent-bcn1-1.xx&amp;_nc_gid=hWbBnGsJBQ3tHC1Jv534Pw&amp;oh=00_AfIJaxmz9pqcEl4VSwGU9GP0QFkSMbDngB3M0RiJ-H3M2g&amp;oe=682FDFEC\"><strong>CAMISETA<\/strong><\/a><\/li>\n<\/ul>\n<\/div>\n<\/div>\n<div class=\"xu06os2 x1ok221b\">\n<div class=\"html-div xdj266r x11i5rnm xat24cr x1mh8g0r xexx8yu x4uap5 x18d9i69 xkhd6sd x1q0g3np\"><\/div>\n<\/div>\n<div class=\"html-div xdj266r x11i5rnm xat24cr x1mh8g0r xexx8yu x4uap5 x18d9i69 xkhd6sd\" dir=\"auto\">\n<div class=\"html-div xdj266r x11i5rnm xat24cr x1mh8g0r xexx8yu x4uap5 x18d9i69 xkhd6sd\" dir=\"auto\">\n<div class=\"html-div xdj266r x11i5rnm xat24cr x1mh8g0r xexx8yu x4uap5 x18d9i69 xkhd6sd\" data-ad-rendering-role=\"story_message\">\n<div class=\"x1l90r2v x1iorvi4 x1ye3gou xn6708d\" data-ad-comet-preview=\"message\" data-ad-preview=\"message\">\n<div class=\"x78zum5 xdt5ytf xz62fqu x16ldp7u\">\n<div class=\"xu06os2 x1ok221b\">\n<div class=\"xdj266r x11i5rnm xat24cr x1mh8g0r x1vvkbs x126k92a\">\n<div dir=\"auto\"><span class=\"html-span xexx8yu x4uap5 x18d9i69 xkhd6sd x1hl2dhg x16tdsg8 x1vvkbs x3nfvp2 x1j61x8r x1fcty0u xdj266r xat24cr xgzva0m xhhsvwb xxymvpz xlup9mm x1kky2od\"><img loading=\"lazy\" decoding=\"async\" class=\"xz74otr x168nmei x13lgxp2 x5pf9jr xo71vjh\" src=\"https:\/\/static.xx.fbcdn.net\/images\/emoji.php\/v9\/tab\/1\/16\/1f3c3_200d_2642.png\" alt=\"\ud83c\udfc3\u200d\u2642\ufe0f\" width=\"16\" height=\"16\" \/><\/span><span class=\"html-span xexx8yu x4uap5 x18d9i69 xkhd6sd x1hl2dhg x16tdsg8 x1vvkbs x3nfvp2 x1j61x8r x1fcty0u xdj266r xat24cr xgzva0m xhhsvwb xxymvpz xlup9mm x1kky2od\"><img loading=\"lazy\" decoding=\"async\" class=\"xz74otr x168nmei x13lgxp2 x5pf9jr xo71vjh\" src=\"https:\/\/static.xx.fbcdn.net\/images\/emoji.php\/v9\/t96\/1\/16\/1f49c.png\" alt=\"\ud83d\udc9c\" width=\"16\" height=\"16\" \/><\/span> Y\u00e1 ta equ\u00ed la camiseta oficial de la <span style=\"color: #008080\"><strong>37\u00aa Mediu Marat\u00f3n EDP Ruta de la Reconquista<\/strong><\/span>. Inspirada nel cam\u00edn escontra Cuadonga, \u00a1prep\u00e1rate pa ser parte de la hestoria y correr nel Para\u00edsu!<\/div>\n<div dir=\"auto\"><\/div>\n<div dir=\"auto\" style=\"text-align: center\">\n<!-- iframe plugin v.6.0 wordpress.org\/plugins\/iframe\/ -->\n<iframe loading=\"lazy\" src=\"https:\/\/www.facebook.com\/plugins\/post.php?href=https%3A%2F%2Fwww.facebook.com%2Frutareconquista%2Fposts%2Fpfbid0HfJuUfRafBccWRc4CMQkxubuPs6V131vyzz1YNgAuApcyd75EQ4SimF4m9ucMxw1l&#038;show_text=false&#038;width=500\" width=\"500\" height=\"498\" style=\"border:none;overflow:hidden\" scrolling=\"no\" frameborder=\"0\" allowfullscreen=\"true\" allow=\"autoplay; clipboard-write; encrypted-media; picture-in-picture; web-share\" 0=\"\/iframe\" class=\"iframe-class\"><\/iframe>\n<\/div>\n<div dir=\"auto\"><!--more--><\/div>\n<div dir=\"auto\">La prueba, que cada a\u00f1u rexunta a amantes del atletismu popular de toes partes d&#8217;Espa\u00f1a, va celebrase&#8217;l<strong> s\u00e1badu, 31 de mayu, a les 17:30 hores, con una participaci\u00f3n m\u00e1xima de 1.200 persones.<\/strong><\/div>\n<div dir=\"auto\" style=\"text-align: center\"><a href=\"https:\/\/rutareconquista.es\/wp-content\/uploads\/2021\/04\/ruta-reconquista-salida-01.jpg\"><img loading=\"lazy\" decoding=\"async\" class=\"aligncenter size-large\" src=\"https:\/\/rutareconquista.es\/wp-content\/uploads\/2021\/04\/ruta-reconquista-salida-01.jpg\" width=\"2048\" height=\"1536\" \/><\/a><\/div>\n<div dir=\"auto\"><\/div>\n<\/div>\n<\/div>\n<\/div>\n<\/div>\n<\/div>\n<\/div>\n<\/div>\n<p style=\"text-align: center\">\n<!-- iframe plugin v.6.0 wordpress.org\/plugins\/iframe\/ -->\n<iframe loading=\"lazy\" src=\"https:\/\/www.google.com\/maps\/d\/embed?mid=1vvrw1wQ_AuS221vuTTJjgIvYuuo&#038;ehbc=2E312F\" width=\"640\" height=\"480\" 0=\"\/iframe\" scrolling=\"yes\" class=\"iframe-class\" frameborder=\"0\"><\/iframe>\n<\/p>\n","protected":false},"excerpt":{"rendered":"<p>Media Marat\u00f3n EDP Ruta de la Reconquista\/ https:\/\/rutareconquista.es \/ CAMISETA Y\u00e1 ta equ\u00ed la camiseta oficial de la 37\u00aa Mediu Marat\u00f3n EDP Ruta de la Reconquista. Inspirada nel cam\u00edn escontra Cuadonga, \u00a1prep\u00e1rate pa ser parte de la hestoria y correr nel Para\u00edsu!<\/p>\n","protected":false},"author":117,"featured_media":0,"comment_status":"open","ping_status":"open","sticky":false,"template":"","format":"standard","meta":{"footnotes":""},"categories":[133,1],"tags":[],"class_list":["post-48862","post","type-post","status-publish","format-standard","hentry","category-deportes","category-sin-categoria"],"_links":{"self":[{"href":"https:\/\/edublog.educastur.es\/ixuxu\/wp-json\/wp\/v2\/posts\/48862","targetHints":{"allow":["GET"]}}],"collection":[{"href":"https:\/\/edublog.educastur.es\/ixuxu\/wp-json\/wp\/v2\/posts"}],"about":[{"href":"https:\/\/edublog.educastur.es\/ixuxu\/wp-json\/wp\/v2\/types\/post"}],"author":[{"embeddable":true,"href":"https:\/\/edublog.educastur.es\/ixuxu\/wp-json\/wp\/v2\/users\/117"}],"replies":[{"embeddable":true,"href":"https:\/\/edublog.educastur.es\/ixuxu\/wp-json\/wp\/v2\/comments?post=48862"}],"version-history":[{"count":7,"href":"https:\/\/edublog.educastur.es\/ixuxu\/wp-json\/wp\/v2\/posts\/48862\/revisions"}],"predecessor-version":[{"id":48870,"href":"https:\/\/edublog.educastur.es\/ixuxu\/wp-json\/wp\/v2\/posts\/48862\/revisions\/48870"}],"wp:attachment":[{"href":"https:\/\/edublog.educastur.es\/ixuxu\/wp-json\/wp\/v2\/media?parent=48862"}],"wp:term":[{"taxonomy":"category","embeddable":true,"href":"https:\/\/edublog.educastur.es\/ixuxu\/wp-json\/wp\/v2\/categories?post=48862"},{"taxonomy":"post_tag","embeddable":true,"href":"https:\/\/edublog.educastur.es\/ixuxu\/wp-json\/wp\/v2\/tags?post=48862"}],"curies":[{"name":"wp","href":"https:\/\/api.w.org\/{rel}","templated":true}]}}