{"id":48877,"date":"2025-05-19T18:00:28","date_gmt":"2025-05-19T16:00:28","guid":{"rendered":"https:\/\/edublog.educastur.es\/ixuxu\/?p=48877"},"modified":"2025-05-19T14:33:46","modified_gmt":"2025-05-19T12:33:46","slug":"48877","status":"publish","type":"post","link":"https:\/\/edublog.educastur.es\/ixuxu\/2025\/05\/48877\/","title":{"rendered":""},"content":{"rendered":"<p style=\"text-align: center\"><span style=\"color: #800080\"><em><span style=\"font-size: 24px\">\u00abSi verdaderamente consideramos<br \/>\nque la educaci\u00f3n <\/span><\/em><\/span><span style=\"color: #800080\"><em><span style=\"font-size: 24px\">ye&#8217;l desenvolvimientu<br \/>\nde posibilidaes latentes, <\/span><\/em><\/span><br \/>\n<span style=\"color: #800080\"><em><span style=\"font-size: 24px\">en cuenta de utilizar la palabra educaci\u00f3n, <\/span><\/em><\/span><br \/>\n<span style=\"color: #800080\"><em><span style=\"font-size: 24px\">tendr\u00edamos d&#8217;adoptar otra:<strong> cultivar.<\/strong> <\/span><\/em><\/span><\/p>\n<p style=\"text-align: center\"><strong><span style=\"color: #800080\"><em><span style=\"font-size: 24px\">L&#8217;educador tien de cultivar <\/span><\/em><\/span><\/strong><br \/>\n<strong><span style=\"color: #800080\"><em><span style=\"font-size: 24px\">les potencialidaes esistentes nel ne\u00f1u<\/span><\/em><\/span><\/strong><br \/>\n<span style=\"color: #800080\"><em><span style=\"font-size: 24px\"> por que pueda desenvolveles y espandiles. <\/span><\/em><\/span><\/p>\n<p style=\"text-align: center\"><strong><span style=\"color: #800080\"><em><span style=\"font-size: 24px\">Ye esencial aprovechar <\/span><\/em><\/span><\/strong><br \/>\n<strong><span style=\"color: #800080\"><em><span style=\"font-size: 24px\">esti per\u00edodu altamente sensible<\/span><\/em><\/span><\/strong><br \/>\n<span style=\"color: #800080\"><em><span style=\"font-size: 24px\">na vida del ser humanu,<\/span><\/em><\/span><br \/>\n<span style=\"color: #800080\"><em><span style=\"font-size: 24px\"> si en verd\u00e1 quier ameyorase<br \/>\na la humanid\u00e1&#8230;\u00bb.<\/span> <\/em><\/span><\/p>\n<p style=\"text-align: center\">Maria Montessori<\/p>\n","protected":false},"excerpt":{"rendered":"<p>\u00abSi verdaderamente consideramos que la educaci\u00f3n ye&#8217;l desenvolvimientu de posibilidaes latentes, en cuenta de utilizar la palabra educaci\u00f3n, tendr\u00edamos d&#8217;adoptar otra: cultivar. L&#8217;educador tien de cultivar les potencialidaes esistentes nel ne\u00f1u por que pueda desenvolveles y espandiles. Ye esencial aprovechar esti per\u00edodu altamente sensible na vida del ser humanu, si en verd\u00e1 quier ameyorase a [&hellip;]<\/p>\n","protected":false},"author":117,"featured_media":0,"comment_status":"open","ping_status":"open","sticky":false,"template":"","format":"quote","meta":{"footnotes":""},"categories":[1],"tags":[],"class_list":["post-48877","post","type-post","status-publish","format-quote","hentry","category-sin-categoria","post_format-post-format-quote"],"_links":{"self":[{"href":"https:\/\/edublog.educastur.es\/ixuxu\/wp-json\/wp\/v2\/posts\/48877","targetHints":{"allow":["GET"]}}],"collection":[{"href":"https:\/\/edublog.educastur.es\/ixuxu\/wp-json\/wp\/v2\/posts"}],"about":[{"href":"https:\/\/edublog.educastur.es\/ixuxu\/wp-json\/wp\/v2\/types\/post"}],"author":[{"embeddable":true,"href":"https:\/\/edublog.educastur.es\/ixuxu\/wp-json\/wp\/v2\/users\/117"}],"replies":[{"embeddable":true,"href":"https:\/\/edublog.educastur.es\/ixuxu\/wp-json\/wp\/v2\/comments?post=48877"}],"version-history":[{"count":1,"href":"https:\/\/edublog.educastur.es\/ixuxu\/wp-json\/wp\/v2\/posts\/48877\/revisions"}],"predecessor-version":[{"id":48878,"href":"https:\/\/edublog.educastur.es\/ixuxu\/wp-json\/wp\/v2\/posts\/48877\/revisions\/48878"}],"wp:attachment":[{"href":"https:\/\/edublog.educastur.es\/ixuxu\/wp-json\/wp\/v2\/media?parent=48877"}],"wp:term":[{"taxonomy":"category","embeddable":true,"href":"https:\/\/edublog.educastur.es\/ixuxu\/wp-json\/wp\/v2\/categories?post=48877"},{"taxonomy":"post_tag","embeddable":true,"href":"https:\/\/edublog.educastur.es\/ixuxu\/wp-json\/wp\/v2\/tags?post=48877"}],"curies":[{"name":"wp","href":"https:\/\/api.w.org\/{rel}","templated":true}]}}