{"id":48884,"date":"2025-05-19T08:23:08","date_gmt":"2025-05-19T06:23:08","guid":{"rendered":"https:\/\/edublog.educastur.es\/ixuxu\/?p=48884"},"modified":"2025-05-19T08:23:08","modified_gmt":"2025-05-19T06:23:08","slug":"el-tiempu-nasturies-el-comercio-10","status":"publish","type":"post","link":"https:\/\/edublog.educastur.es\/ixuxu\/2025\/05\/el-tiempu-nasturies-el-comercio-10\/","title":{"rendered":"El tiempu n&#8217;Asturies (El Comercio)"},"content":{"rendered":"<p style=\"text-align: center\"><a href=\"https:\/\/s2.ppllstatics.com\/elcomercio\/www\/multimedia\/2025\/05\/18\/tiempo-asturias-19-mayo-lunes-kwPC-U2301404163085IHH-1200x840@El%20Comercio.jpg\"><img loading=\"lazy\" decoding=\"async\" class=\"aligncenter size-large\" src=\"https:\/\/s2.ppllstatics.com\/elcomercio\/www\/multimedia\/2025\/05\/18\/tiempo-asturias-19-mayo-lunes-kwPC-U2301404163085IHH-1200x840@El%20Comercio.jpg\" width=\"1200\" height=\"840\" \/><\/a><\/p>\n<p><strong>Esti llunes<\/strong> vamos empezar la selmana con m\u00e1s chubascos pero, sicas\u00ed, nada van tener que ver les temperatures cuidao que se preve un descensu xeneraliz\u00e1u y notable de les m\u00e1ximes. En tol interior van baxar m\u00e1s de 6 \u00baC al respective de les anotaes el domingu, inclusive va haber zones que puedan baxar hasta 8 \u00baC menos. Na mari\u00f1a tami\u00e9n van baxar pero de forma m\u00e1s moderada. Poro, g\u00fcei va haber poblaciones n&#8217;Asturies que nun lleguen a algamar los 20 \u00baC. <strong>Les m\u00ednimes<\/strong>, pela so parte, van xubir de forma llixera a moderada en casi tol Princip\u00e1u. <strong>Los vientos<\/strong> van predominar de noroeste-oeste, fluexos nel interior y moderaos na mari\u00f1a.<strong> A \u00faltima hora<\/strong>, xornada marcada pola posibilid\u00e1 de bastios d&#8217;orixe tormentosu (que van dir de m\u00e1s a menos mientres el d\u00eda) y por un descensu xeneraliz\u00e1u de les temperatures.<\/p>\n","protected":false},"excerpt":{"rendered":"<p>Esti llunes vamos empezar la selmana con m\u00e1s chubascos pero, sicas\u00ed, nada van tener que ver les temperatures cuidao que se preve un descensu xeneraliz\u00e1u y notable de les m\u00e1ximes. En tol interior van baxar m\u00e1s de 6 \u00baC al respective de les anotaes el domingu, inclusive va haber zones que puedan baxar hasta 8 [&hellip;]<\/p>\n","protected":false},"author":117,"featured_media":0,"comment_status":"open","ping_status":"open","sticky":false,"template":"","format":"standard","meta":{"footnotes":""},"categories":[5],"tags":[],"class_list":["post-48884","post","type-post","status-publish","format-standard","hentry","category-tiempu"],"_links":{"self":[{"href":"https:\/\/edublog.educastur.es\/ixuxu\/wp-json\/wp\/v2\/posts\/48884","targetHints":{"allow":["GET"]}}],"collection":[{"href":"https:\/\/edublog.educastur.es\/ixuxu\/wp-json\/wp\/v2\/posts"}],"about":[{"href":"https:\/\/edublog.educastur.es\/ixuxu\/wp-json\/wp\/v2\/types\/post"}],"author":[{"embeddable":true,"href":"https:\/\/edublog.educastur.es\/ixuxu\/wp-json\/wp\/v2\/users\/117"}],"replies":[{"embeddable":true,"href":"https:\/\/edublog.educastur.es\/ixuxu\/wp-json\/wp\/v2\/comments?post=48884"}],"version-history":[{"count":1,"href":"https:\/\/edublog.educastur.es\/ixuxu\/wp-json\/wp\/v2\/posts\/48884\/revisions"}],"predecessor-version":[{"id":48885,"href":"https:\/\/edublog.educastur.es\/ixuxu\/wp-json\/wp\/v2\/posts\/48884\/revisions\/48885"}],"wp:attachment":[{"href":"https:\/\/edublog.educastur.es\/ixuxu\/wp-json\/wp\/v2\/media?parent=48884"}],"wp:term":[{"taxonomy":"category","embeddable":true,"href":"https:\/\/edublog.educastur.es\/ixuxu\/wp-json\/wp\/v2\/categories?post=48884"},{"taxonomy":"post_tag","embeddable":true,"href":"https:\/\/edublog.educastur.es\/ixuxu\/wp-json\/wp\/v2\/tags?post=48884"}],"curies":[{"name":"wp","href":"https:\/\/api.w.org\/{rel}","templated":true}]}}