{"id":48891,"date":"2025-05-13T12:00:14","date_gmt":"2025-05-13T10:00:14","guid":{"rendered":"https:\/\/edublog.educastur.es\/ixuxu\/?p=48891"},"modified":"2025-05-19T09:21:59","modified_gmt":"2025-05-19T07:21:59","slug":"48891","status":"publish","type":"post","link":"https:\/\/edublog.educastur.es\/ixuxu\/2025\/05\/48891\/","title":{"rendered":"Dex\u00f3nos Pepe M\u00fajica, un gran pol\u00edticu"},"content":{"rendered":"<p style=\"text-align: center\"><strong><span style=\"font-size: 24px;color: #800080\"><em>Nun se cansen de ser bonos,<\/em><\/span><\/strong><br \/>\n<span style=\"font-size: 24px;color: #800080\"><em> anque ser bonu nun sirve pa muncho.<\/em><\/span><br \/>\n<strong><span style=\"font-size: 24px;color: #800080\"><em>Sirve para nun arrepentise<\/em><\/span><\/strong><br \/>\n<strong><span style=\"font-size: 24px;color: #800080\"><em> con unu mesmu.<\/em><\/span><\/strong><\/p>\n<p style=\"text-align: center\">Pepe M\u00fajica (1935-2025)<\/p>\n<p><!--more--><\/p>\n<p style=\"text-align: center\"><span style=\"color: #800080\">\u201cPertenezo a una xeneraci\u00f3n que quixo camudar el mundu,<\/span><br \/>\n<span style=\"color: #800080\"> fui estrap\u00e1u, derrot\u00e1u, pulveriz\u00e1u,<\/span><br \/>\n<span style=\"color: #800080\"> pero sigo sua\u00f1ando que vale la pena lluchar <\/span><br \/>\n<span style=\"color: #800080\">por que la xente pueda vivir un pocu meyor <\/span><br \/>\n<span style=\"color: #800080\">y con un mayor sent\u00edu de la iguald\u00e1\u00bb<\/span><\/p>\n<p><em>1. \u00abL&#8217;home modernu anda siempres apur\u00e1u, porque si la econom\u00eda nun crece ye una traxedia\u00bb.<\/em><br \/>\n<em>2. \u00abEnfrentamos el sedentarismu con caminadores, a la velea con pastilles y a la soled\u00e1 con electr\u00f3nica\u00bb.<\/em><br \/>\n<em>3. \u00abSoi un paisanu *terco. Nun razono en t\u00e9rminos econ\u00f3micos. Pero toi engarr\u00e1u cola civilizaci\u00f3n na que toi viviendo\u00bb.<\/em><br \/>\n<em>4. \u00abLa pol\u00edtica nun ye un pasatiempu, nun ye unu oficiu para vivir d&#8217;ella, ye una pasi\u00f3n col sua\u00f1u d&#8217;intentar construyir un futuru social meyor; a los que-yos gusta la plata, bien llue\u00f1e de la pol\u00edtica\u00bb.<\/em><br \/>\n<em>5. \u00abPrometemos una vida d&#8217;esbardie y espilfarru, que no fondero constit\u00fai una cuenta regresiva contra la naturaleza y contra la humanid\u00e1 como futuru\u00bb.<\/em><br \/>\n<em>6. \u00abSer llibre ye gastar la mayor cantid\u00e1 de tiempu de la nuesa vida naquello que nos gusta faer\u00bb.<\/em><\/p>\n<p><em><strong>6. \u00abSer llibre ye gastar la mayor cantid\u00e1 de tiempu de la nuesa vida naquello que nos gusta faer\u00bb.<\/strong><\/em><br \/>\n<em>7. \u00abLa econom\u00eda puerca, el narcotr\u00e1ficu, la estafa, el fraude y la corrupci\u00f3n son plagues contemporanees acovec\u00edes por ese antivalor, ese que sostien que somos m\u00e1s felices si arriquecemos seya como quier\u00bb.<\/em><br \/>\n<em>8. \u00abNun soi probe, soi sobriu, llivianu d&#8217;equipaxe, vivu con lo cabal por que les coses nun me roben la llibert\u00e1\u00bb.<\/em><br \/>\n<em><strong>9. \u00abHai coses qu&#8217;adquieren valor cuando se pierden\u00bb.<\/strong><\/em><br \/>\n<em>10. \u00abNaide ye m\u00e1s que naide, les rep\u00fabliques se deformen y elles d\u00e9bense a les mayor\u00edes\u00bb.<\/em><br \/>\n<em>11. \u00abProbes nun son los que tienen poco. Son los que quieren enforma. Yo non vivu con probeza, vivu con austerid\u00e1, con renunciamientu. Preciso poco pa vivir\u00bb.<\/em><br \/>\n<em>12. \u00abTen\u00e9monos que xuntar pol plasmu, pa faer daqu\u00e9 nel mundu que nos vien\u00bb.<\/em><br \/>\n<em>13. \u00abSiento rabia, calezo, digo disparates, pero nun puedo cultivar l&#8217;odiu. Hai que respetar, sobremanera cuando m\u00e1s duel\u00bb.<\/em><br \/>\n<em>14. \u00abSi aspir\u00e1ramos nesta humanid\u00e1 a consumir como un americanu promediu, son imprescindibles tr\u00e9s planetes pa poder vivir\u00bb.<\/em><br \/>\n<em>15. \u00abEl nuesu mundu precisa menos organismos mundiales que sirvan a les cadenes hoteleres, y m\u00e1s humanid\u00e1 y ciencia\u00bb.<\/em><br \/>\n<em>16. \u00abAfaramos les selves verdaderes y enllantamos selves an\u00f3nimes de cementu\u00bb.<\/em><br \/>\n<em><strong>17. \u00abPel cam\u00edn m\u00e1s llargu ye&#8217;l viaxe m\u00e1s curtiu\u00bb.<\/strong><\/em><br \/>\n<em><strong>18. \u00abDesenvolvimientu ensin felicid\u00e1 nun sirve\u00bb.<\/strong><\/em><br \/>\n<em>19. \u00abUna cosa ye vivir porque se naci\u00f3 o vivir por una causa\u00bb.<\/em><br \/>\n<em>20. \u00abEl poder nun camuda a les persones, nam\u00e1 revela qui\u00e9n verdaderamente son\u00bb.<\/em><br \/>\n<em>21. \u00abL&#8217;home instruy\u00edu pue ser muncho m\u00e1s bestia que daqui\u00e9n que nun lo ta. <strong>Detr\u00e1s de la ense\u00f1anza tien qu&#8217;haber valores\u00bb.<\/strong><\/em><br \/>\n<em>22. \u00abQuiciabes tea equivoc\u00e1u, porque yo equiv\u00f3come enforma; pero digo lo que piensu\u00bb.<\/em><br \/>\n<em>23. \u00abCuando te #empezar a dicir qu\u00e9 bien que tas, tas tost\u00e1u\u00bb.<\/em><br \/>\n<em>24. \u00abNun defendo les adicciones pero que les hai, hai. <strong>Nenguna adicci\u00f3n ye bona sacantes l&#8217;amor\u00bb.<\/strong><\/em><br \/>\n<em>25. \u00abLa econom\u00eda globalizada nun tien otra conducci\u00f3n que l&#8217;inter\u00e9s priv\u00e1u de bien pocos\u00bb.<\/em><br \/>\n<em><strong>26. \u00abLa pol\u00edtica ye la llucha pola felicid\u00e1 de toos\u00bb.<\/strong><\/em><br \/>\n<em>27. \u00abS\u00ed, ye posible un mundu con una humanid\u00e1 meyor. Pero seique g\u00fcei la primer xera s\u00eda salvar la vida\u00bb.<\/em><br \/>\n<em>28. \u00abL&#8217;home ye l&#8217;\u00fanicu bichu que sotierra los sos muertos. Por qu\u00e9 va ser\u2026\u00bb.<\/em><br \/>\n<em>29. \u00abLos \u00fanicos derrotaos son los que baxen los abrazos La derrota ye un est\u00e1u psicol\u00f3xicu de la vida\u00bb.<\/em><br \/>\n<em>30. \u00abYo quiero saber la verd\u00e1, pero na xusticia nun creo un coyona\u00bb.<\/em><br \/>\n<em><strong>31. \u00abNun se vive de se\u00f1ardaes, nin d&#8217;alcordances, sin\u00f3n de porvenir\u00bb.<\/strong><\/em><br \/>\n<em>32. \u00abLos pol\u00edticos tenemos que vivir como vive la mayor\u00eda y non como vive la minor\u00eda 33.<\/em><br \/>\n<em>\u00abCargu coles consecuencies de la vixilancia electr\u00f3nica que nos envelena en devan\u00e9u\u00bb.<\/em><br \/>\n<em>34. \u00abYo soi un lluchador social y ando pel mundu falando colos mozos\u00bb.<\/em><br \/>\n<em>35. \u00abLos homes van detr\u00e1s de les idees como los carros de los g\u00fces\u00bb.<\/em><br \/>\n<em>36. \u00abNacimos nam\u00e1 pa consumir y consumir y cuando nun podemos, cargamos cola frustraci\u00f3n, la probeza y hasta l&#8217;autoexclusi\u00f3n\u00bb.<\/em><br \/>\n<em>37. \u00abLo inevitable nun se lloramica. Lo inevitable hai qu&#8217;encaralo\u00bb.<\/em><br \/>\n<em><strong>38. \u00abVivir meyor nun ye nam\u00e1 tener m\u00e1s, sin\u00f3n que ye ser m\u00e1s feliz\u00bb.<\/strong><\/em><br \/>\n<em>39. \u00abVa Siguir la guerra hasta que la naturaleza ll\u00e1menos y faiga inevitable nuesa civilizaci\u00f3n\u00bb.<\/em><br \/>\n<em>40. \u00abL&#8217;hom\u00edn promediu dacuando sua\u00f1a con vacaciones y llibert\u00e1. Siempres sua\u00f1a con concluyir les cuentes, hasta qu&#8217;un d\u00eda&#8217;l coraz\u00f3n p\u00e1rase y adi\u00f3s<\/em><\/p>\n","protected":false},"excerpt":{"rendered":"<p>Nun se cansen de ser bonos, anque ser bonu nun sirve pa muncho. Sirve para nun arrepentise con unu mesmu. Pepe M\u00fajica (1935-2025)<\/p>\n","protected":false},"author":117,"featured_media":0,"comment_status":"open","ping_status":"open","sticky":false,"template":"","format":"quote","meta":{"footnotes":""},"categories":[63,1],"tags":[],"class_list":["post-48891","post","type-post","status-publish","format-quote","hentry","category-dexonos","category-sin-categoria","post_format-post-format-quote"],"_links":{"self":[{"href":"https:\/\/edublog.educastur.es\/ixuxu\/wp-json\/wp\/v2\/posts\/48891","targetHints":{"allow":["GET"]}}],"collection":[{"href":"https:\/\/edublog.educastur.es\/ixuxu\/wp-json\/wp\/v2\/posts"}],"about":[{"href":"https:\/\/edublog.educastur.es\/ixuxu\/wp-json\/wp\/v2\/types\/post"}],"author":[{"embeddable":true,"href":"https:\/\/edublog.educastur.es\/ixuxu\/wp-json\/wp\/v2\/users\/117"}],"replies":[{"embeddable":true,"href":"https:\/\/edublog.educastur.es\/ixuxu\/wp-json\/wp\/v2\/comments?post=48891"}],"version-history":[{"count":4,"href":"https:\/\/edublog.educastur.es\/ixuxu\/wp-json\/wp\/v2\/posts\/48891\/revisions"}],"predecessor-version":[{"id":48901,"href":"https:\/\/edublog.educastur.es\/ixuxu\/wp-json\/wp\/v2\/posts\/48891\/revisions\/48901"}],"wp:attachment":[{"href":"https:\/\/edublog.educastur.es\/ixuxu\/wp-json\/wp\/v2\/media?parent=48891"}],"wp:term":[{"taxonomy":"category","embeddable":true,"href":"https:\/\/edublog.educastur.es\/ixuxu\/wp-json\/wp\/v2\/categories?post=48891"},{"taxonomy":"post_tag","embeddable":true,"href":"https:\/\/edublog.educastur.es\/ixuxu\/wp-json\/wp\/v2\/tags?post=48891"}],"curies":[{"name":"wp","href":"https:\/\/api.w.org\/{rel}","templated":true}]}}