{"id":48907,"date":"2025-05-13T09:00:41","date_gmt":"2025-05-13T07:00:41","guid":{"rendered":"https:\/\/edublog.educastur.es\/ixuxu\/?p=48907"},"modified":"2025-05-19T09:38:53","modified_gmt":"2025-05-19T07:38:53","slug":"dia-de-la-infancia-hospitalizada","status":"publish","type":"post","link":"https:\/\/edublog.educastur.es\/ixuxu\/2025\/05\/dia-de-la-infancia-hospitalizada\/","title":{"rendered":"D\u00eda de la Infancia Hospitalizada"},"content":{"rendered":"<div class=\"xu06os2 x1ok221b\">\n<div class=\"html-div xdj266r x11i5rnm xat24cr x1mh8g0r xexx8yu x4uap5 x18d9i69 xkhd6sd\" data-ad-rendering-role=\"profile_name\">\n<ul>\n<li class=\"html-h3 x11i5rnm xat24cr x1mh8g0r xexx8yu x4uap5 x18d9i69 xkhd6sd x1vvkbs x1heor9g x1qlqyl8 x1pd3egz x1a2a7pz x1gslohp x1yc453h\"><span class=\"x1lliihq x6ikm8r x10wlt62 x1n2onr6\"><span class=\"x193iq5w xeuugli x13faqbe x1vvkbs x1xmvt09 x1f6kntn xvq8zen xo1l8bm xi81zsa\"><strong class=\"html-strong xdj266r x11i5rnm xat24cr x1mh8g0r xexx8yu x4uap5 x18d9i69 xkhd6sd x1hl2dhg x16tdsg8 x1vvkbs x1s688f\"><span class=\"xt0psk2\"><span class=\"xjp7ctv\"><span class=\"html-span xdj266r x11i5rnm xat24cr x1mh8g0r xexx8yu x4uap5 x18d9i69 xkhd6sd x1hl2dhg x16tdsg8 x1vvkbs\"><a class=\"x1i10hfl xjbqb8w x1ejq31n xd10rxx x1sy0etr x17r0tee x972fbf xcfux6l x1qhh985 xm0m39n x9f619 x1ypdohk xt0psk2 xe8uvvx xdj266r x11i5rnm xat24cr x1mh8g0r xexx8yu x4uap5 x18d9i69 xkhd6sd x16tdsg8 x1hl2dhg xggy1nq x1a2a7pz xkrqix3 x1sur9pj xzsf02u x1s688f\" role=\"link\" href=\"https:\/\/www.facebook.com\/aulas.hospitalarias.3?__cft__[0]=AZVYDUHG1A5iO1z6RBYhMNcdraR1P0YMv23ya5TiOwW_cVAWlsuQevomlioxQEKJ8niJjc_PANc1IJwzv40xcnVY2zktGv1v7HbgytBl3_mlJji7zgKuaEdXl8rLduCjNncmiy0d4q9F3IGtHBxv69TSvMGSTpYlN2jGJuyd92JOpOM_vtB6-DOLBlPQ6lXlXvkMoc0h7J3V1emXDHqaz85CzWhcTaVduCatXbSFKAeCIQ&amp;__tn__=-]C%2CP-y-R\">Aulas Hospitalarias<\/a><\/span><\/span><\/span><\/strong> \/ <strong class=\"html-strong xdj266r x11i5rnm xat24cr x1mh8g0r xexx8yu x4uap5 x18d9i69 xkhd6sd x1hl2dhg x16tdsg8 x1vvkbs x1s688f\"><span class=\"html-span xdj266r x11i5rnm xat24cr x1mh8g0r xexx8yu x4uap5 x18d9i69 xkhd6sd x1hl2dhg x16tdsg8 x1vvkbs\"><a class=\"x1i10hfl xjbqb8w x1ejq31n xd10rxx x1sy0etr x17r0tee x972fbf xcfux6l x1qhh985 xm0m39n x9f619 x1ypdohk xt0psk2 xe8uvvx xdj266r x11i5rnm xat24cr x1mh8g0r xexx8yu x4uap5 x18d9i69 xkhd6sd x16tdsg8 x1hl2dhg xggy1nq x1a2a7pz xkrqix3 x1sur9pj xzsf02u x1s688f\" role=\"link\" href=\"https:\/\/www.facebook.com\/HUCAOviedo-252630908133033\/?__cft__[0]=AZVYDUHG1A5iO1z6RBYhMNcdraR1P0YMv23ya5TiOwW_cVAWlsuQevomlioxQEKJ8niJjc_PANc1IJwzv40xcnVY2zktGv1v7HbgytBl3_mlJji7zgKuaEdXl8rLduCjNncmiy0d4q9F3IGtHBxv69TSvMGSTpYlN2jGJuyd92JOpOM_vtB6-DOLBlPQ6lXlXvkMoc0h7J3V1emXDHqaz85CzWhcTaVduCatXbSFKAeCIQ&amp;__tn__=kC%2CP-y-R\"><span class=\"xt0psk2\"><span class=\"xjp7ctv\">HUCA,Oviedo<\/span><\/span><\/a><\/span><\/strong><\/span><\/span>\/<span class=\"html-span xdj266r x11i5rnm xat24cr x1mh8g0r xexx8yu x4uap5 x18d9i69 xkhd6sd x1hl2dhg x16tdsg8 x1vvkbs\"><a class=\"x1i10hfl xjbqb8w x1ejq31n xd10rxx x1sy0etr x17r0tee x972fbf xcfux6l x1qhh985 xm0m39n x9f619 x1ypdohk xt0psk2 xe8uvvx xdj266r x11i5rnm xat24cr x1mh8g0r xexx8yu x4uap5 x18d9i69 xkhd6sd x16tdsg8 x1hl2dhg xggy1nq x1a2a7pz xkrqix3 x1sur9pj x1fey0fg x1s688f\" role=\"link\" href=\"https:\/\/www.facebook.com\/hashtag\/d%C3%ADainfanciahospitalizada?__eep__=6&amp;__cft__[0]=AZVYDUHG1A5iO1z6RBYhMNcdraR1P0YMv23ya5TiOwW_cVAWlsuQevomlioxQEKJ8niJjc_PANc1IJwzv40xcnVY2zktGv1v7HbgytBl3_mlJji7zgKuaEdXl8rLduCjNncmiy0d4q9F3IGtHBxv69TSvMGSTpYlN2jGJuyd92JOpOM_vtB6-DOLBlPQ6lXlXvkMoc0h7J3V1emXDHqaz85CzWhcTaVduCatXbSFKAeCIQ&amp;__tn__=*NK-y-R\">#d\u00edainfanciahospitalizada<\/a><\/span> \/<span class=\"html-span xdj266r x11i5rnm xat24cr x1mh8g0r xexx8yu x4uap5 x18d9i69 xkhd6sd x1hl2dhg x16tdsg8 x1vvkbs\"><a class=\"x1i10hfl xjbqb8w x1ejq31n xd10rxx x1sy0etr x17r0tee x972fbf xcfux6l x1qhh985 xm0m39n x9f619 x1ypdohk xt0psk2 xe8uvvx xdj266r x11i5rnm xat24cr x1mh8g0r xexx8yu x4uap5 x18d9i69 xkhd6sd x16tdsg8 x1hl2dhg xggy1nq x1a2a7pz xkrqix3 x1sur9pj x1fey0fg x1s688f\" role=\"link\" href=\"https:\/\/www.facebook.com\/hashtag\/13mayo?__eep__=6&amp;__cft__[0]=AZVYDUHG1A5iO1z6RBYhMNcdraR1P0YMv23ya5TiOwW_cVAWlsuQevomlioxQEKJ8niJjc_PANc1IJwzv40xcnVY2zktGv1v7HbgytBl3_mlJji7zgKuaEdXl8rLduCjNncmiy0d4q9F3IGtHBxv69TSvMGSTpYlN2jGJuyd92JOpOM_vtB6-DOLBlPQ6lXlXvkMoc0h7J3V1emXDHqaz85CzWhcTaVduCatXbSFKAeCIQ&amp;__tn__=*NK-y-R\">#13mayo<\/a><\/span><\/li>\n<\/ul>\n<\/div>\n<\/div>\n<div class=\"html-div xdj266r x11i5rnm xat24cr x1mh8g0r xexx8yu x4uap5 x18d9i69 xkhd6sd\" dir=\"auto\">\n<div class=\"html-div xdj266r x11i5rnm xat24cr x1mh8g0r xexx8yu x4uap5 x18d9i69 xkhd6sd\" dir=\"auto\">\n<div class=\"html-div xdj266r x11i5rnm xat24cr x1mh8g0r xexx8yu x4uap5 x18d9i69 xkhd6sd\" data-ad-rendering-role=\"story_message\">\n<div class=\"x1l90r2v x1iorvi4 x1ye3gou xn6708d\" data-ad-comet-preview=\"message\" data-ad-preview=\"message\">\n<div class=\"x78zum5 xdt5ytf xz62fqu x16ldp7u\">\n<div class=\"xu06os2 x1ok221b\">\n<div class=\"xdj266r x11i5rnm xat24cr x1mh8g0r x1vvkbs x126k92a\">\n<div dir=\"auto\">G\u00fcei 13 de mayu ye un d\u00eda bien especial, celebramos el <strong>D\u00eda de la Infancia Hospitalizada<\/strong> con asociaciones, personal m\u00e9dico y, poques gracies, con nuesos peques. \u00a1Qu\u00e9 importante recordar los sos derechos! <a href=\"https:\/\/scontent-mad2-1.xx.fbcdn.net\/v\/t51.75761-15\/497322047_18385300993139376_1764001989144795961_n.webp?stp=dst-jpg_tt6&amp;_nc_cat=110&amp;ccb=1-7&amp;_nc_sid=127cfc&amp;_nc_ohc=1oUsTlHTotAQ7kNvwGg2ArY&amp;_nc_oc=Adkj60szFtPuUOx7V6DHEHbFP58WxzV3Q71Mf4cSIKYpdHdgtImDc1USlIuSGSuTNOM&amp;_nc_zt=23&amp;_nc_ht=scontent-mad2-1.xx&amp;_nc_gid=8jdsyQuej8a3viMGGA3h_Q&amp;oh=00_AfIDQ0Mvx_N23gkWcpiFcqNyXagRBqgBGkDtV9hI4kRukQ&amp;oe=68309C70\">Derechos de la infancia hospitalizada.<\/a><\/div>\n<div dir=\"auto\"><\/div>\n<div dir=\"auto\" style=\"text-align: center\">\n<!-- iframe plugin v.6.0 wordpress.org\/plugins\/iframe\/ -->\n<iframe loading=\"lazy\" src=\"https:\/\/www.facebook.com\/plugins\/post.php?href=https%3A%2F%2Fwww.facebook.com%2Fphoto.php%3Ffbid%3D4324109684501619%26set%3Da.1398812167031400%26type%3D3&#038;show_text=false&#038;width=500\" width=\"500\" height=\"459\" style=\"border:none;overflow:hidden\" scrolling=\"no\" frameborder=\"0\" allowfullscreen=\"true\" allow=\"autoplay; clipboard-write; encrypted-media; picture-in-picture; web-share\" 0=\"\/iframe\" class=\"iframe-class\"><\/iframe>\n<\/div>\n<\/div>\n<\/div>\n<\/div>\n<\/div>\n<\/div>\n<\/div>\n<\/div>\n","protected":false},"excerpt":{"rendered":"<p>Aulas Hospitalarias \/ HUCA,Oviedo\/#d\u00edainfanciahospitalizada \/#13mayo G\u00fcei 13 de mayu ye un d\u00eda bien especial, celebramos el D\u00eda de la Infancia Hospitalizada con asociaciones, personal m\u00e9dico y, poques gracies, con nuesos peques. \u00a1Qu\u00e9 importante recordar los sos derechos! Derechos de la infancia hospitalizada.<\/p>\n","protected":false},"author":117,"featured_media":0,"comment_status":"open","ping_status":"open","sticky":false,"template":"","format":"standard","meta":{"footnotes":""},"categories":[6],"tags":[],"class_list":["post-48907","post","type-post","status-publish","format-standard","hentry","category-dia-de"],"_links":{"self":[{"href":"https:\/\/edublog.educastur.es\/ixuxu\/wp-json\/wp\/v2\/posts\/48907","targetHints":{"allow":["GET"]}}],"collection":[{"href":"https:\/\/edublog.educastur.es\/ixuxu\/wp-json\/wp\/v2\/posts"}],"about":[{"href":"https:\/\/edublog.educastur.es\/ixuxu\/wp-json\/wp\/v2\/types\/post"}],"author":[{"embeddable":true,"href":"https:\/\/edublog.educastur.es\/ixuxu\/wp-json\/wp\/v2\/users\/117"}],"replies":[{"embeddable":true,"href":"https:\/\/edublog.educastur.es\/ixuxu\/wp-json\/wp\/v2\/comments?post=48907"}],"version-history":[{"count":2,"href":"https:\/\/edublog.educastur.es\/ixuxu\/wp-json\/wp\/v2\/posts\/48907\/revisions"}],"predecessor-version":[{"id":48909,"href":"https:\/\/edublog.educastur.es\/ixuxu\/wp-json\/wp\/v2\/posts\/48907\/revisions\/48909"}],"wp:attachment":[{"href":"https:\/\/edublog.educastur.es\/ixuxu\/wp-json\/wp\/v2\/media?parent=48907"}],"wp:term":[{"taxonomy":"category","embeddable":true,"href":"https:\/\/edublog.educastur.es\/ixuxu\/wp-json\/wp\/v2\/categories?post=48907"},{"taxonomy":"post_tag","embeddable":true,"href":"https:\/\/edublog.educastur.es\/ixuxu\/wp-json\/wp\/v2\/tags?post=48907"}],"curies":[{"name":"wp","href":"https:\/\/api.w.org\/{rel}","templated":true}]}}