{"id":4899,"date":"2021-04-01T14:35:25","date_gmt":"2021-04-01T12:35:25","guid":{"rendered":"https:\/\/edublog.educastur.es\/ixuxu\/?p=4899"},"modified":"2021-04-01T14:42:32","modified_gmt":"2021-04-01T12:42:32","slug":"festival-dintervencion-mural-duvieu","status":"publish","type":"post","link":"https:\/\/edublog.educastur.es\/ixuxu\/2021\/04\/festival-dintervencion-mural-duvieu\/","title":{"rendered":"Festival d&#8217;intervenci\u00f3n mural d&#8217;Uvi\u00e9u"},"content":{"rendered":"<p style=\"text-align: center\"><a href=\"http:\/\/paredesfest.net\/\"><img loading=\"lazy\" decoding=\"async\" class=\"alignnone\" src=\"http:\/\/paredesfest.net\/wp-content\/uploads\/2017\/06\/logo.gif\" alt=\"\" width=\"305\" height=\"67\" \/><\/a><\/p>\n<p><span style=\"font-size: 20px\"><em>Un eventu cultural, social, y art\u00edsticu nel que s&#8217;arreya a la ciudadan\u00eda y artistes para ufiertar a la ciud\u00e1 una nueva mirada al travi\u00e9s de les sos par\u00e9s. Recuperar murales art\u00edsticos realizaos mientres la corriente muralista de los a\u00f1os 80. Medianeres:\u00a0 Murales de gran formatu proxectaos y consensuaos ente artistes y ciudadan\u00eda. Murios: Murales comisariados part\u00edos pela ciud\u00e1. <a href=\"https:\/\/www.instagram.com\/pareesfest\/\">Instagram, <\/a>Web:\u00a0 <a href=\"http:\/\/paredesfest.net\/\"><span style=\"color: #008080\"><strong>http:\/\/paredesfest.net\/<\/strong><\/span><\/a><\/em><\/span><\/p>\n<ul>\n<li><span style=\"font-size: 20px\"><a href=\"http:\/\/paredesfest.net\/parees-festival-intervencion-mural-oviedo\/todos-los-murales-del-parees\/\"><em><span style=\"font-size: 20px\">Ver Tolos murales: Descarga PDF<\/span><\/em><\/a><\/span><\/li>\n<li><em><span style=\"font-size: 20px\"><a href=\"http:\/\/paredesfest.net\/catalogo\/Parees_Festival_de_Intervencion_mural_de_Oviedo_2017.pdf\">Cat\u00e1logu 1\u00aa edici\u00f3n 2017<\/a><\/span><\/em><\/li>\n<li><em><span style=\"font-size: 20px\"><a href=\"https:\/\/youtu.be\/AXAh69FB8lU\">Videu 2017<\/a><\/span><\/em><\/li>\n<li><em><span style=\"font-size: 20px\"><a href=\"http:\/\/paredesfest.net\/catalogo\/Parees_Festival_de_Intervencion_mural_de_Oviedo_2018.pdf\">Cat\u00e1logu 2\u00aa edici\u00f3n 2018<\/a><\/span><\/em><\/li>\n<li><em><span style=\"font-size: 20px\"><a href=\"https:\/\/youtu.be\/GW5qIMV2zXs\">Videu 2018<\/a><\/span><\/em><\/li>\n<li><em><span style=\"font-size: 20px\"><a href=\"http:\/\/paredesfest.net\/catalogo\/Parees_Festival_de_Intervencion_mural_de_Oviedo_2019.pdf\">Cat\u00e1logu 3\u00aa edici\u00f3n 2019<\/a><\/span><\/em><\/li>\n<li><em><span style=\"font-size: 20px\"><a href=\"https:\/\/youtu.be\/Nl7v5zbJHZY\">Videu 2019<\/a><\/span><\/em><\/li>\n<li><em><span style=\"font-size: 20px\"><a href=\"http:\/\/paredesfest.net\/catalogo\/Parees_Festival_de_Intervencion_mural_de_Oviedo_2020.pdf\">Cat\u00e1logu 4\u00aa edici\u00f3n 2020<\/a><\/span><\/em><\/li>\n<li><em><span style=\"font-size: 20px\"><a href=\"https:\/\/youtu.be\/fUnkR7ENdwM\">Videu 2020<\/a><\/span><\/em><\/li>\n<\/ul>\n<p style=\"text-align: center\"><a href=\"http:\/\/paredesfest.net\/wp-content\/uploads\/2021\/02\/136-LIDIA-CAO-Aida-BAJA.jpg\"><img loading=\"lazy\" decoding=\"async\" class=\"alignnone\" src=\"http:\/\/paredesfest.net\/wp-content\/uploads\/2021\/02\/136-LIDIA-CAO-Aida-BAJA.jpg\" alt=\"\" width=\"776\" height=\"517\" \/><\/a><\/p>\n<p style=\"text-align: center\"><em><span style=\"font-size: 20px\">\u00a0Lidia Cao, Homenaxe a <strong>Dolores Medio, <\/strong>escritora.<\/span><\/em><\/p>\n<p><!--more--><\/p>\n<p style=\"text-align: center\">\n<!-- iframe plugin v.6.0 wordpress.org\/plugins\/iframe\/ -->\n<iframe loading=\"lazy\" width=\"100%\" height=\"364\" src=\"https:\/\/www.youtube.com\/embed\/og8MjTMctEw\" title=\"YouTube video player\" frameborder=\"0\" allow=\"accelerometer; autoplay; clipboard-write; encrypted-media; gyroscope; picture-in-picture\" 0=\"allowfullscreen\" 1=\"\/iframe\" scrolling=\"yes\" class=\"iframe-class\"><\/iframe>\n<\/p>\n<ul>\n<li style=\"text-align: center\"><a href=\"http:\/\/paredesfest.net\/artistas\/lidia-cao\/\">Ver p\u00e1xina<\/a><\/li>\n<\/ul>\n","protected":false},"excerpt":{"rendered":"<p>Un eventu cultural, social, y art\u00edsticu nel que s&#8217;arreya a la ciudadan\u00eda y artistes para ufiertar a la ciud\u00e1 una nueva mirada al travi\u00e9s de les sos par\u00e9s. Recuperar murales art\u00edsticos realizaos mientres la corriente muralista de los a\u00f1os 80. Medianeres:\u00a0 Murales de gran formatu proxectaos y consensuaos ente artistes y ciudadan\u00eda. Murios: Murales comisariados [&hellip;]<\/p>\n","protected":false},"author":117,"featured_media":0,"comment_status":"open","ping_status":"open","sticky":false,"template":"","format":"standard","meta":{"footnotes":""},"categories":[154],"tags":[],"class_list":["post-4899","post","type-post","status-publish","format-standard","hentry","category-parees"],"_links":{"self":[{"href":"https:\/\/edublog.educastur.es\/ixuxu\/wp-json\/wp\/v2\/posts\/4899","targetHints":{"allow":["GET"]}}],"collection":[{"href":"https:\/\/edublog.educastur.es\/ixuxu\/wp-json\/wp\/v2\/posts"}],"about":[{"href":"https:\/\/edublog.educastur.es\/ixuxu\/wp-json\/wp\/v2\/types\/post"}],"author":[{"embeddable":true,"href":"https:\/\/edublog.educastur.es\/ixuxu\/wp-json\/wp\/v2\/users\/117"}],"replies":[{"embeddable":true,"href":"https:\/\/edublog.educastur.es\/ixuxu\/wp-json\/wp\/v2\/comments?post=4899"}],"version-history":[{"count":6,"href":"https:\/\/edublog.educastur.es\/ixuxu\/wp-json\/wp\/v2\/posts\/4899\/revisions"}],"predecessor-version":[{"id":4901,"href":"https:\/\/edublog.educastur.es\/ixuxu\/wp-json\/wp\/v2\/posts\/4899\/revisions\/4901"}],"wp:attachment":[{"href":"https:\/\/edublog.educastur.es\/ixuxu\/wp-json\/wp\/v2\/media?parent=4899"}],"wp:term":[{"taxonomy":"category","embeddable":true,"href":"https:\/\/edublog.educastur.es\/ixuxu\/wp-json\/wp\/v2\/categories?post=4899"},{"taxonomy":"post_tag","embeddable":true,"href":"https:\/\/edublog.educastur.es\/ixuxu\/wp-json\/wp\/v2\/tags?post=4899"}],"curies":[{"name":"wp","href":"https:\/\/api.w.org\/{rel}","templated":true}]}}