{"id":48996,"date":"2025-05-19T21:15:04","date_gmt":"2025-05-19T19:15:04","guid":{"rendered":"https:\/\/edublog.educastur.es\/ixuxu\/?p=48996"},"modified":"2025-05-19T21:40:51","modified_gmt":"2025-05-19T19:40:51","slug":"proyeutu-dhorizonte-europa-pa-dar-puxu-poles-llingues-minorizaes","status":"publish","type":"post","link":"https:\/\/edublog.educastur.es\/ixuxu\/2025\/05\/proyeutu-dhorizonte-europa-pa-dar-puxu-poles-llingues-minorizaes\/","title":{"rendered":"Proyeutu d\u2019Horizonte Europa pa dar puxu poles lling\u00fces minorizaes"},"content":{"rendered":"<div class=\"html-div xdj266r x11i5rnm xat24cr x1mh8g0r xexx8yu x1a8lsjc x1swvt13 x1pi30zi\">\n<div class=\"html-div xdj266r x11i5rnm xat24cr x1mh8g0r xexx8yu x4uap5 x18d9i69 xkhd6sd x1jx94hy x78zum5 x1q0g3np\">\n<div class=\"x78zum5 xdt5ytf xz62fqu x16ldp7u\">\n<div class=\"xu06os2 x1ok221b\">\n<div class=\"html-div xdj266r x11i5rnm xat24cr x1mh8g0r xexx8yu x4uap5 x18d9i69 xkhd6sd\" data-ad-rendering-role=\"profile_name\">\n<ul>\n<li class=\"html-h3 x11i5rnm xat24cr x1mh8g0r xexx8yu x4uap5 x18d9i69 xkhd6sd x1vvkbs x1heor9g x1qlqyl8 x1pd3egz x1a2a7pz x1gslohp x1yc453h\"><span class=\"x1lliihq x6ikm8r x10wlt62 x1n2onr6\"><span class=\"xt0psk2\"><a class=\"x1i10hfl xjbqb8w x1ejq31n xd10rxx x1sy0etr x17r0tee x972fbf xcfux6l x1qhh985 xm0m39n x9f619 x1ypdohk xt0psk2 xe8uvvx xdj266r x11i5rnm xat24cr x1mh8g0r xexx8yu x4uap5 x18d9i69 xkhd6sd x16tdsg8 x1hl2dhg xggy1nq x1a2a7pz xkrqix3 x1sur9pj xzsf02u x1s688f\" role=\"link\" href=\"https:\/\/www.facebook.com\/iniciativapolasturianu?__cft__[0]=AZUsZwY9Q_pRIOvTE5MUOaAbIqfetfcBVpVapL5f1hGMgZeA_z1cFGY4X5aEcUdoj8NhA2SoyXwt-zzR65wSjGJOS87GZ10sphpLelP7iA3Fo8B3FbK6JvEZLH7KVmjxDfqVXB8HOYkgv7aVTU_Khw4uakpQeCNm7o6yJY5yUQFhM0WlFQhq8NWdnQjjbwPDGzbdBs37kKzgOy5iyFECRrcNKstBu8n12q78w8xmYO2rjA&amp;__tn__=-UC%2CP-y-R\"><strong class=\"html-strong xdj266r x11i5rnm xat24cr x1mh8g0r xexx8yu x4uap5 x18d9i69 xkhd6sd x1hl2dhg x16tdsg8 x1vvkbs x1s688f\"><span class=\"html-span xdj266r x11i5rnm xat24cr x1mh8g0r xexx8yu x4uap5 x18d9i69 xkhd6sd x1hl2dhg x16tdsg8 x1vvkbs\">Iniciativa pol Asturianu<\/span><\/strong><\/a><\/span><\/span><\/li>\n<\/ul>\n<\/div>\n<\/div>\n<div class=\"xu06os2 x1ok221b\">\n<ul>\n<li class=\"html-div xdj266r x11i5rnm xat24cr x1mh8g0r xexx8yu x4uap5 x18d9i69 xkhd6sd x1q0g3np\"><span class=\"html-span xexx8yu x4uap5 x18d9i69 xkhd6sd x1hl2dhg x16tdsg8 x1vvkbs x3nfvp2 x1j61x8r x1fcty0u xdj266r xat24cr xgzva0m xhhsvwb xxymvpz xlup9mm x1kky2od\"><img loading=\"lazy\" decoding=\"async\" class=\"xz74otr x168nmei x13lgxp2 x5pf9jr xo71vjh\" src=\"https:\/\/static.xx.fbcdn.net\/images\/emoji.php\/v9\/tfb\/1\/16\/1f5e3.png\" alt=\"\ud83d\udde3\ufe0f\" width=\"16\" height=\"16\" \/><\/span> <span class=\"html-span xdj266r x11i5rnm xat24cr x1mh8g0r xexx8yu x4uap5 x18d9i69 xkhd6sd x1hl2dhg x16tdsg8 x1vvkbs\"><a class=\"x1i10hfl xjbqb8w x1ejq31n xd10rxx x1sy0etr x17r0tee x972fbf xcfux6l x1qhh985 xm0m39n x9f619 x1ypdohk xt0psk2 xe8uvvx xdj266r x11i5rnm xat24cr x1mh8g0r xexx8yu x4uap5 x18d9i69 xkhd6sd x16tdsg8 x1hl2dhg xggy1nq x1a2a7pz xkrqix3 x1sur9pj x1fey0fg x1s688f\" role=\"link\" href=\"https:\/\/www.facebook.com\/hashtag\/fosterlang?__eep__=6&amp;__cft__[0]=AZUsZwY9Q_pRIOvTE5MUOaAbIqfetfcBVpVapL5f1hGMgZeA_z1cFGY4X5aEcUdoj8NhA2SoyXwt-zzR65wSjGJOS87GZ10sphpLelP7iA3Fo8B3FbK6JvEZLH7KVmjxDfqVXB8HOYkgv7aVTU_Khw4uakpQeCNm7o6yJY5yUQFhM0WlFQhq8NWdnQjjbwPDGzbdBs37kKzgOy5iyFECRrcNKstBu8n12q78w8xmYO2rjA&amp;__tn__=*NK-y-R\">#FOSTERLANG<\/a><\/span>, el<strong><span style=\"color: #008080\"> nuevu proyeutu d\u2019Horizonte Europa<\/span> <\/strong>pa dar puxu poles lling\u00fces minorizaes. El proyeutu d\u2019ELEN ta form\u00e1u por un consorciu de 14 instituciones y 48 comunidaes lling\u00fc\u00edstiques.<\/li>\n<\/ul>\n<p>La\u00a0<a href=\"https:\/\/elen.ngo\/\">Rede Europea d\u2019Iguald\u00e1 Lling\u00fc\u00edstica (ELEN)<\/a>, <strong>entid\u00e1 a la que pertenez Iniciativa pol Asturianu<\/strong>, ta acabante d\u2019anunciar el llanzamientu de\u00a0<strong>FOSTERLANG<\/strong>, entitul\u00e1u <em><span style=\"text-decoration: underline\"><span style=\"color: #008080;text-decoration: underline\">\u2018Promocionando\u2019l capital lling\u00fc\u00edsticu: una fueya de ruta pa revertir la crisis de diversid\u00e1 y activar beneficios sociales n\u2019Europa\u2019.<\/span><\/span><\/em><\/p>\n<p><img loading=\"lazy\" decoding=\"async\" class=\"aligncenter wp-image-7130 td-animation-stack-type0-2\" src=\"https:\/\/iniciativapolasturianu.org\/wp-content\/uploads\/2025\/05\/Fosterlang-1.jpg\" alt=\"Fosterlang\" width=\"340\" height=\"367\" \/><\/p>\n<p>El proyeutu,\u00a0<a href=\"https:\/\/cordis.europa.eu\/project\/id\/101178387\">financi\u00e1u pola Comisi\u00f3n Europea<\/a>\u00a0so\u2019l programa Horizonte Europa, quier tener un efeutu tresformativu en c\u00f3mo\u2019l capital lling\u00fc\u00edsticu ya humanu de los falantes de lling\u00fces minorizaes y migrantes ye reconoc\u00edu, valor\u00e1u ya reforz\u00e1u pa beneficiu de les sos comunidades y d\u2019Europa en xeneral.<\/p>\n<p><!--more--><\/p>\n<ul>\n<li>El\u00a0<a href=\"https:\/\/elen.ngo\/2025\/05\/09\/3073\/\">nuevu proyeutu insinia europ\u00e9u<\/a>, entam\u00e1u el primeru de mayu, cunta con un presupuestu de 3 millones d\u2019euros pa dar puxu a lling\u00fces minorizaes y promocionar el capital lling\u00fc\u00edsticu europ\u00e9u.<\/li>\n<\/ul>\n<p>El proyeutu ta form\u00e1u por un consorciu de 14 instituciones y 48 comunidaes lling\u00fc\u00edstiques que combinen la so especialid\u00e1 en lling\u00fc\u00edstica decolonial, pol\u00edtica lling\u00fc\u00edstica, recuperaci\u00f3n lling\u00fc\u00edstica, antropolox\u00eda social, educaci\u00f3n plurilling\u00fc\u00edstica y pedagox\u00eda, planificaci\u00f3n lling\u00fc\u00edstica y tecnolox\u00eda de la innovaci\u00f3n. FOSTERLANG incluir\u00e1 estudios comparativos, desenrollos ente casos ya implementaciones piloto de soluciones pr\u00e1utiques.<\/p>\n<p>Unu de los mayores resultaos sedr\u00e1 una Fueya de Ruta del Capital Lling\u00fc\u00edsticu, qu\u2019afitar\u00e1 delles recomendaciones sustanciales con estratexes efeutives y significatives a curtiu, mediu y llargu plazu pa promocionar el capital lling\u00fc\u00edsticu d\u2019Europa y protexer les lling\u00fces minorizaes.<\/p>\n<p>El secretariu-xeneral d\u2019<a href=\"https:\/\/iniciativapolasturianu.org\/tag\/elen\/\">ELEN<\/a>, Davyth Hicks, declar\u00f3: \u201cTamos encantaos de poner Fosterlang a trabayar y de tener el sofitu d\u2019Horizonte Europa. Ta destin\u00e1u a ser un proyeutu europ\u00e9u insinia clave pa guiar pol\u00edtiques lling\u00fc\u00edstiques na Uni\u00f3n Europea nos vinientes a\u00f1os. Como la principal organizaci\u00f3n representante de lling\u00fces europ\u00e9es minorizaes y en peligru, ye vital disponer d\u2019investigaci\u00f3n concreta y precisa p\u2019ayudanos a ser m\u00e1s efeutivos na nuesa campa\u00f1a pa protexer les nueses lling\u00fces\u201d.<\/p>\n<p>\u201cCon Fosterlang, trabayaremos con un equipu punteru d\u2019espertos lling\u00fc\u00edsticos a nivel mundial con un ampliu rangu d\u2019esperiencia. Pa n\u00f3s, ye importante tener esta alianza ente la socied\u00e1 civil ya\u2019l mundu acad\u00e9micu, especialmente no tocante a obtener mensaxes clave del proyectu pa les nueses comunidaes lling\u00fc\u00edstiques a nivel base\u00bb.<\/p>\n<p>\u201c\u00dan de los resultaos m\u00e1s importantes del proyeutu sedr\u00e1 la Fueya de Ruta de Capital Lling\u00fc\u00edsticu y les recomendaciones arreyaes que presentaremos a la Xuni\u00f3n Europea, les Naciones Xun\u00edes, el Conseyu d\u2019Europa, la Organizaci\u00f3n pola Segurid\u00e1 y la Cooperaci\u00f3n n\u2019Europa (OSCE), la UNESCO y los gobiernos al cabu\u2019l proyectu. Munches de les nueses lling\u00fces t\u00e1n en seriu peligru y urxiremos a toles instituciones y gobiernos a adoptar les nueses propuestes urxentemente.\u201d<\/p>\n<p><img loading=\"lazy\" decoding=\"async\" class=\"alignnone wp-image-7131 size-full td-animation-stack-type0-2\" src=\"https:\/\/iniciativapolasturianu.org\/wp-content\/uploads\/2025\/05\/Fosterlang2.png\" alt=\"Mapa lling\u00fc\u00edsticu europ\u00e9u\" width=\"753\" height=\"470\" \/><\/p>\n<p>El proyectu centrar\u00e1se en promocionar el capital lling\u00fc\u00edsticu non s\u00f3lo dende la perspectiva de protexer la diversid\u00e1 lling\u00fc\u00edstica, sinon tami\u00e9n amosar c\u00f3mo falantes de lling\u00fces diverses pueden fomentar los componentes econ\u00f3micos, demogr\u00e1ficos, sociales y de sal\u00fa del capital humanu.<\/p>\n<p>El proyeutu, de tr\u00e9s a\u00f1os, va tar llider\u00e1u pola Universid\u00e1 de Varsovia, en comu\u00f1a con ELEN, Linguapax International, la Universid\u00e1 Adam Mickiewicz en Pozna\u0144, l\u2019Institutu de Psicolling\u00fc\u00edstica Max Planck, Euskal Herriko Unibertsitatea, la Universid\u00e1 d\u2019Oslo, la Universid\u00e1 de les Highlands and Islands, Prifysgol Cymru Y Drindod Dewi Sant, la Universid\u00e1 de Dublin City, ya P\u00e4dagogische Hochschule K\u00e4rnten. A ellos unir\u00e1nse-yos organizaciones ensin porg\u00fceyu econ\u00f3micu representando Kashubian, Lemko y Wymysorys (Naja Skola, Association Ruska Bursa y Association Wilamowianie), organizaciones miembro d\u2019ELEN, ente les que ta Iniciativa pol Asturianu, y otres comunidaes lling\u00fc\u00edstiques collaboradores.<\/p>\n<p>&nbsp;<\/p>\n<\/div>\n<\/div>\n<\/div>\n<\/div>\n<p>&nbsp;<\/p>\n","protected":false},"excerpt":{"rendered":"<p>Iniciativa pol Asturianu #FOSTERLANG, el nuevu proyeutu d\u2019Horizonte Europa pa dar puxu poles lling\u00fces minorizaes. El proyeutu d\u2019ELEN ta form\u00e1u por un consorciu de 14 instituciones y 48 comunidaes lling\u00fc\u00edstiques. La\u00a0Rede Europea d\u2019Iguald\u00e1 Lling\u00fc\u00edstica (ELEN), entid\u00e1 a la que pertenez Iniciativa pol Asturianu, ta acabante d\u2019anunciar el llanzamientu de\u00a0FOSTERLANG, entitul\u00e1u \u2018Promocionando\u2019l capital lling\u00fc\u00edsticu: una fueya [&hellip;]<\/p>\n","protected":false},"author":117,"featured_media":0,"comment_status":"open","ping_status":"open","sticky":false,"template":"","format":"standard","meta":{"footnotes":""},"categories":[450],"tags":[],"class_list":["post-48996","post","type-post","status-publish","format-standard","hentry","category-proyectu-elen"],"_links":{"self":[{"href":"https:\/\/edublog.educastur.es\/ixuxu\/wp-json\/wp\/v2\/posts\/48996","targetHints":{"allow":["GET"]}}],"collection":[{"href":"https:\/\/edublog.educastur.es\/ixuxu\/wp-json\/wp\/v2\/posts"}],"about":[{"href":"https:\/\/edublog.educastur.es\/ixuxu\/wp-json\/wp\/v2\/types\/post"}],"author":[{"embeddable":true,"href":"https:\/\/edublog.educastur.es\/ixuxu\/wp-json\/wp\/v2\/users\/117"}],"replies":[{"embeddable":true,"href":"https:\/\/edublog.educastur.es\/ixuxu\/wp-json\/wp\/v2\/comments?post=48996"}],"version-history":[{"count":3,"href":"https:\/\/edublog.educastur.es\/ixuxu\/wp-json\/wp\/v2\/posts\/48996\/revisions"}],"predecessor-version":[{"id":49012,"href":"https:\/\/edublog.educastur.es\/ixuxu\/wp-json\/wp\/v2\/posts\/48996\/revisions\/49012"}],"wp:attachment":[{"href":"https:\/\/edublog.educastur.es\/ixuxu\/wp-json\/wp\/v2\/media?parent=48996"}],"wp:term":[{"taxonomy":"category","embeddable":true,"href":"https:\/\/edublog.educastur.es\/ixuxu\/wp-json\/wp\/v2\/categories?post=48996"},{"taxonomy":"post_tag","embeddable":true,"href":"https:\/\/edublog.educastur.es\/ixuxu\/wp-json\/wp\/v2\/tags?post=48996"}],"curies":[{"name":"wp","href":"https:\/\/api.w.org\/{rel}","templated":true}]}}