{"id":48999,"date":"2025-05-19T17:17:32","date_gmt":"2025-05-19T15:17:32","guid":{"rendered":"https:\/\/edublog.educastur.es\/ixuxu\/?p=48999"},"modified":"2025-05-19T21:23:41","modified_gmt":"2025-05-19T19:23:41","slug":"noveda-por-mi-diba-volver-a-nacer-2","status":"publish","type":"post","link":"https:\/\/edublog.educastur.es\/ixuxu\/2025\/05\/noveda-por-mi-diba-volver-a-nacer-2\/","title":{"rendered":"Noved\u00e1: \u00abPor mi diba volver a nacer\u00bb"},"content":{"rendered":"<div dir=\"auto\">Esti vienres 23 de mayu, <span class=\"html-span xdj266r x11i5rnm xat24cr x1mh8g0r xexx8yu x4uap5 x18d9i69 xkhd6sd x1hl2dhg x16tdsg8 x1vvkbs\"><a class=\"x1i10hfl xjbqb8w x1ejq31n xd10rxx x1sy0etr x17r0tee x972fbf xcfux6l x1qhh985 xm0m39n x9f619 x1ypdohk xt0psk2 xe8uvvx xdj266r x11i5rnm xat24cr x1mh8g0r xexx8yu x4uap5 x18d9i69 xkhd6sd x16tdsg8 x1hl2dhg xggy1nq x1a2a7pz xkrqix3 x1sur9pj x1fey0fg x1s688f\" role=\"link\" href=\"https:\/\/www.facebook.com\/patricia.saez.733?__cft__[0]=AZVVu0CIAmRnxuL5cxFjyMHvGIDkxxPo9h2s2nme-VqeV5t5UhL3OwvtroOQziM-w1Z3CCOKeR7g6RQBBZUjY6mfFqV29aO1Uc-fqVmae8vaL1yHMoTE05ukcTsUIs94h5BZQ9zNamhjVx_AR6xX7YpjO9uQSpto9RSGnrjqBOlEaQ&amp;__tn__=-]K-R\"><span class=\"xt0psk2\"><span class=\"xjp7ctv\">Patricia Saez<\/span><\/span><\/a><\/span> y yo taremos en <span class=\"html-span xdj266r x11i5rnm xat24cr x1mh8g0r xexx8yu x4uap5 x18d9i69 xkhd6sd x1hl2dhg x16tdsg8 x1vvkbs\"><a class=\"x1i10hfl xjbqb8w x1ejq31n xd10rxx x1sy0etr x17r0tee x972fbf xcfux6l x1qhh985 xm0m39n x9f619 x1ypdohk xt0psk2 xe8uvvx xdj266r x11i5rnm xat24cr x1mh8g0r xexx8yu x4uap5 x18d9i69 xkhd6sd x16tdsg8 x1hl2dhg xggy1nq x1a2a7pz xkrqix3 x1sur9pj x1fey0fg x1s688f\" role=\"link\" href=\"https:\/\/www.facebook.com\/libroviedo?__cft__[0]=AZVVu0CIAmRnxuL5cxFjyMHvGIDkxxPo9h2s2nme-VqeV5t5UhL3OwvtroOQziM-w1Z3CCOKeR7g6RQBBZUjY6mfFqV29aO1Uc-fqVmae8vaL1yHMoTE05ukcTsUIs94h5BZQ9zNamhjVx_AR6xX7YpjO9uQSpto9RSGnrjqBOlEaQ&amp;__tn__=-]K-R\"><span class=\"xt0psk2\"><span class=\"xjp7ctv\">LibrOviedo<\/span><\/span><\/a><\/span> a les 17:30h na Carpa Jirafa (cai Pelayo) presentando<span style=\"color: #008080\"><strong> \u00abPor mi diba volver a nacer\u00bb<\/strong> <\/span>(edici\u00f3n billing\u00fce castellanu\/asturianu) d&#8217;<span class=\"html-span xdj266r x11i5rnm xat24cr x1mh8g0r xexx8yu x4uap5 x18d9i69 xkhd6sd x1hl2dhg x16tdsg8 x1vvkbs\"><a class=\"x1i10hfl xjbqb8w x1ejq31n xd10rxx x1sy0etr x17r0tee x972fbf xcfux6l x1qhh985 xm0m39n x9f619 x1ypdohk xt0psk2 xe8uvvx xdj266r x11i5rnm xat24cr x1mh8g0r xexx8yu x4uap5 x18d9i69 xkhd6sd x16tdsg8 x1hl2dhg xggy1nq x1a2a7pz xkrqix3 x1sur9pj x1fey0fg x1s688f\" role=\"link\" href=\"https:\/\/www.facebook.com\/EdicionesTrabe?__cft__[0]=AZVVu0CIAmRnxuL5cxFjyMHvGIDkxxPo9h2s2nme-VqeV5t5UhL3OwvtroOQziM-w1Z3CCOKeR7g6RQBBZUjY6mfFqV29aO1Uc-fqVmae8vaL1yHMoTE05ukcTsUIs94h5BZQ9zNamhjVx_AR6xX7YpjO9uQSpto9RSGnrjqBOlEaQ&amp;__tn__=-]K-R\"><span class=\"xt0psk2\"><span class=\"xjp7ctv\">Ediciones Trabe<\/span><\/span><\/a><\/span>. Am\u00e1s tenemos prepar\u00e1u un taller familiar mui guapu pa que vos acab\u00e9is d&#8217;enamorar del llibru per dientro y per fuera.<\/div>\n<div dir=\"auto\"><\/div>\n<div dir=\"auto\" style=\"text-align: center\">\n<!-- iframe plugin v.6.0 wordpress.org\/plugins\/iframe\/ -->\n<iframe loading=\"lazy\" src=\"https:\/\/www.facebook.com\/plugins\/post.php?href=https%3A%2F%2Fwww.facebook.com%2Fphoto%2F%3Ffbid%3D24697712256485980%26set%3Da.455304124486798&#038;show_text=false&#038;width=500\" width=\"500\" height=\"814\" style=\"border:none;overflow:hidden\" scrolling=\"no\" frameborder=\"0\" allowfullscreen=\"true\" allow=\"autoplay; clipboard-write; encrypted-media; picture-in-picture; web-share\" 0=\"\/iframe\" class=\"iframe-class\"><\/iframe>\n<\/div>\n","protected":false},"excerpt":{"rendered":"<p>Esti vienres 23 de mayu, Patricia Saez y yo taremos en LibrOviedo a les 17:30h na Carpa Jirafa (cai Pelayo) presentando \u00abPor mi diba volver a nacer\u00bb (edici\u00f3n billing\u00fce castellanu\/asturianu) d&#8217;Ediciones Trabe. Am\u00e1s tenemos prepar\u00e1u un taller familiar mui guapu pa que vos acab\u00e9is d&#8217;enamorar del llibru per dientro y per fuera.<\/p>\n","protected":false},"author":117,"featured_media":0,"comment_status":"open","ping_status":"open","sticky":false,"template":"","format":"standard","meta":{"footnotes":""},"categories":[10],"tags":[],"class_list":["post-48999","post","type-post","status-publish","format-standard","hentry","category-llibros-reciella"],"_links":{"self":[{"href":"https:\/\/edublog.educastur.es\/ixuxu\/wp-json\/wp\/v2\/posts\/48999","targetHints":{"allow":["GET"]}}],"collection":[{"href":"https:\/\/edublog.educastur.es\/ixuxu\/wp-json\/wp\/v2\/posts"}],"about":[{"href":"https:\/\/edublog.educastur.es\/ixuxu\/wp-json\/wp\/v2\/types\/post"}],"author":[{"embeddable":true,"href":"https:\/\/edublog.educastur.es\/ixuxu\/wp-json\/wp\/v2\/users\/117"}],"replies":[{"embeddable":true,"href":"https:\/\/edublog.educastur.es\/ixuxu\/wp-json\/wp\/v2\/comments?post=48999"}],"version-history":[{"count":1,"href":"https:\/\/edublog.educastur.es\/ixuxu\/wp-json\/wp\/v2\/posts\/48999\/revisions"}],"predecessor-version":[{"id":49000,"href":"https:\/\/edublog.educastur.es\/ixuxu\/wp-json\/wp\/v2\/posts\/48999\/revisions\/49000"}],"wp:attachment":[{"href":"https:\/\/edublog.educastur.es\/ixuxu\/wp-json\/wp\/v2\/media?parent=48999"}],"wp:term":[{"taxonomy":"category","embeddable":true,"href":"https:\/\/edublog.educastur.es\/ixuxu\/wp-json\/wp\/v2\/categories?post=48999"},{"taxonomy":"post_tag","embeddable":true,"href":"https:\/\/edublog.educastur.es\/ixuxu\/wp-json\/wp\/v2\/tags?post=48999"}],"curies":[{"name":"wp","href":"https:\/\/api.w.org\/{rel}","templated":true}]}}