{"id":49001,"date":"2025-05-19T19:26:05","date_gmt":"2025-05-19T17:26:05","guid":{"rendered":"https:\/\/edublog.educastur.es\/ixuxu\/?p=49001"},"modified":"2025-05-19T21:26:50","modified_gmt":"2025-05-19T19:26:50","slug":"revista-viermo-carpinteiro-neonaviego","status":"publish","type":"post","link":"https:\/\/edublog.educastur.es\/ixuxu\/2025\/05\/revista-viermo-carpinteiro-neonaviego\/","title":{"rendered":"Revista: \u00abViermo Carpinteiro\u00bb n&#8217;eonaviego"},"content":{"rendered":"<div class=\"xdj266r x11i5rnm xat24cr x1mh8g0r x1vvkbs x126k92a\">\n<div dir=\"auto\">\n<div class=\"xu06os2 x1ok221b\">\n<div class=\"x1gslohp\">\n<ul>\n<li class=\"html-h2 x11i5rnm xat24cr x1mh8g0r xexx8yu x4uap5 x18d9i69 xkhd6sd x1vvkbs x1heor9g x1qlqyl8 x1pd3egz x1a2a7pz x1gslohp\"><span class=\"x193iq5w xeuugli x13faqbe x1vvkbs x1xmvt09 x1f6kntn xvq8zen xo1l8bm xi81zsa\"><span class=\"xt0psk2\"><a class=\"x1i10hfl xjbqb8w x1ejq31n xd10rxx x1sy0etr x17r0tee x972fbf xcfux6l x1qhh985 xm0m39n x9f619 x1ypdohk xt0psk2 xe8uvvx xdj266r x11i5rnm xat24cr x1mh8g0r xexx8yu x4uap5 x18d9i69 xkhd6sd x16tdsg8 x1hl2dhg xggy1nq x1a2a7pz xkrqix3 x1sur9pj xzsf02u x1s688f\" role=\"link\" href=\"https:\/\/www.facebook.com\/AcademiadelaLlinguaAsturiana?__cft__[0]=AZVPdSjehVWw_ghU2F0j2XIwhXGj1zP10z3TUluScbzC1uBKMuwoofYAawb3WtQZfkdMM7HBIRG1peKlU4-ZEHTcMVCnELZFK6UyKFaFfFeLo4h1t_-tgjlDddOZQwfAnwQFQ0e0ujyZnJ8p7OXS4G94Q2wEJktHo3-_zYz9WVine3ee07VIkdkVRXtfqpv1okFNWRY9u66-OHR6WqUQWmT8p24kog3QrpNjbaKbV8mY2A&amp;__tn__=-UC*F\">Academia de la Llingua Asturiana<\/a><\/span><\/span><\/li>\n<\/ul>\n<\/div>\n<\/div>\n<\/div>\n<div dir=\"auto\">\u00a0El d\u00eda 30 de mayo vai presentarse el primeiro n\u00famaro de \u00ab<strong>Viermo Carpinteiro\u00bb<\/strong>, a <span style=\"color: #008080\"><strong>revista de creaci\u00f3n lliteraria en eonaviego<\/strong> <\/span>da Secretar\u00eda Lling\u00fc\u00edstica del Navia-Eo. <span class=\"html-span xexx8yu x4uap5 x18d9i69 xkhd6sd x1hl2dhg x16tdsg8 x1vvkbs x3nfvp2 x1j61x8r x1fcty0u xdj266r xat24cr xgzva0m xhhsvwb xxymvpz xlup9mm x1kky2od\"><img loading=\"lazy\" decoding=\"async\" class=\"xz74otr x168nmei x13lgxp2 x5pf9jr xo71vjh\" src=\"https:\/\/static.xx.fbcdn.net\/images\/emoji.php\/v9\/t2d\/1\/16\/1f4cd.png\" alt=\"\ud83d\udccd\" width=\"16\" height=\"16\" \/><\/span> Sala \u00abEl Pajar\u00bb del Complexo Culturas As Quintas (A Carid\u00e1) \u00e1s 19 h.<\/div>\n<div dir=\"auto\"><\/div>\n<div dir=\"auto\" style=\"text-align: center\">\n<!-- iframe plugin v.6.0 wordpress.org\/plugins\/iframe\/ -->\n<iframe loading=\"lazy\" src=\"https:\/\/www.facebook.com\/plugins\/post.php?href=https%3A%2F%2Fwww.facebook.com%2FAcademiadelaLlinguaAsturiana%2Fposts%2Fpfbid02S5G3FRxermHix6dKeYzHKeGkpKuYmWdmwauTkQDtwzMBVXK2Tayz2jWGt4aBhxh8l&#038;show_text=false&#038;width=500\" width=\"500\" height=\"498\" style=\"border:none;overflow:hidden\" scrolling=\"no\" frameborder=\"0\" allowfullscreen=\"true\" allow=\"autoplay; clipboard-write; encrypted-media; picture-in-picture; web-share\" 0=\"\/iframe\" class=\"iframe-class\"><\/iframe>\n<\/div>\n<\/div>\n","protected":false},"excerpt":{"rendered":"<p>Academia de la Llingua Asturiana \u00a0El d\u00eda 30 de mayo vai presentarse el primeiro n\u00famaro de \u00abViermo Carpinteiro\u00bb, a revista de creaci\u00f3n lliteraria en eonaviego da Secretar\u00eda Lling\u00fc\u00edstica del Navia-Eo. Sala \u00abEl Pajar\u00bb del Complexo Culturas As Quintas (A Carid\u00e1) \u00e1s 19 h.<\/p>\n","protected":false},"author":117,"featured_media":0,"comment_status":"open","ping_status":"open","sticky":false,"template":"","format":"standard","meta":{"footnotes":""},"categories":[65,393,49],"tags":[],"class_list":["post-49001","post","type-post","status-publish","format-standard","hentry","category-alla","category-eonaviego","category-revistes"],"_links":{"self":[{"href":"https:\/\/edublog.educastur.es\/ixuxu\/wp-json\/wp\/v2\/posts\/49001","targetHints":{"allow":["GET"]}}],"collection":[{"href":"https:\/\/edublog.educastur.es\/ixuxu\/wp-json\/wp\/v2\/posts"}],"about":[{"href":"https:\/\/edublog.educastur.es\/ixuxu\/wp-json\/wp\/v2\/types\/post"}],"author":[{"embeddable":true,"href":"https:\/\/edublog.educastur.es\/ixuxu\/wp-json\/wp\/v2\/users\/117"}],"replies":[{"embeddable":true,"href":"https:\/\/edublog.educastur.es\/ixuxu\/wp-json\/wp\/v2\/comments?post=49001"}],"version-history":[{"count":1,"href":"https:\/\/edublog.educastur.es\/ixuxu\/wp-json\/wp\/v2\/posts\/49001\/revisions"}],"predecessor-version":[{"id":49002,"href":"https:\/\/edublog.educastur.es\/ixuxu\/wp-json\/wp\/v2\/posts\/49001\/revisions\/49002"}],"wp:attachment":[{"href":"https:\/\/edublog.educastur.es\/ixuxu\/wp-json\/wp\/v2\/media?parent=49001"}],"wp:term":[{"taxonomy":"category","embeddable":true,"href":"https:\/\/edublog.educastur.es\/ixuxu\/wp-json\/wp\/v2\/categories?post=49001"},{"taxonomy":"post_tag","embeddable":true,"href":"https:\/\/edublog.educastur.es\/ixuxu\/wp-json\/wp\/v2\/tags?post=49001"}],"curies":[{"name":"wp","href":"https:\/\/api.w.org\/{rel}","templated":true}]}}