{"id":49025,"date":"2025-05-20T08:30:18","date_gmt":"2025-05-20T06:30:18","guid":{"rendered":"https:\/\/edublog.educastur.es\/ixuxu\/?p=49025"},"modified":"2025-05-20T18:38:24","modified_gmt":"2025-05-20T16:38:24","slug":"tiempu-nasturies-el-comercio-16","status":"publish","type":"post","link":"https:\/\/edublog.educastur.es\/ixuxu\/2025\/05\/tiempu-nasturies-el-comercio-16\/","title":{"rendered":"Tiempu n&#8217;Asturies (El Comercio)"},"content":{"rendered":"<p style=\"text-align: center\"><a href=\"https:\/\/s2.ppllstatics.com\/elcomercio\/www\/multimedia\/2025\/05\/19\/tiempo-asturias-kI0C-U2301404163085IHH-1200x840@El%20Comercio.jpg\"><img loading=\"lazy\" decoding=\"async\" class=\"aligncenter size-large\" src=\"https:\/\/s2.ppllstatics.com\/elcomercio\/www\/multimedia\/2025\/05\/19\/tiempo-asturias-kI0C-U2301404163085IHH-1200x840@El%20Comercio.jpg\" width=\"1200\" height=\"840\" \/><\/a><\/p>\n<p><strong>Eperamos una xornada estable en tol Princip\u00e1u d&#8217;Asturies<\/strong>.<\/p>\n<ul>\n<li>La probabilid\u00e1 de <strong>precipitaciones<\/strong> va ser pr\u00e1cticamente nula. S\u00eda que non, nun se refuga que pueda escapase dalguna gota ensin importancia nel cordal pela tarde. Pero que&#8217;l d\u00eda s\u00eda estable nun tien por qu\u00e9 ser sin\u00f3nimu de cielos soleyeros.<\/li>\n<li>Concretamente, prevese abondo nubosidad sobremanera na met\u00e1 norte de la rex\u00f3n<strong> pela ma\u00f1ana<\/strong> y m\u00e1s claros escontra&#8217;l sur. Conforme meyora&#8217;l d\u00eda, la nubosidad tami\u00e9n va afectar al cordal y restu de zones del interior.<\/li>\n<\/ul>\n<p><!--more--><\/p>\n<ul>\n<li><strong>Los vientos<\/strong> van ser fluexos predominando de norte-noroeste. <strong>Les temperatures m\u00e1ximes<\/strong> van xubir hasta 3 o 4 \u00baC na met\u00e1 sur y un par de graos na met\u00e1 norte, salvo na mari\u00f1a onde l&#8217;ascensu va ser bien llixeru. <strong>Les m\u00ednimes<\/strong> van xubir nel suroccidente, van baxar en delles zones del sector oriental y van caltenese ensin cambeos nel restu.<\/li>\n<li><strong>El mi\u00e9rcoles<\/strong> tami\u00e9n va predominar la nubosidad n&#8217;Asturies pero ensin precipitaciones. Les temperatures m\u00e1ximes, nel casu de ma\u00f1ana, van baxar de forma xeneralizada y bien significativa. Los vientos van siguir siendo fluexos de norte-noroeste.<\/li>\n<\/ul>\n","protected":false},"excerpt":{"rendered":"<p>Eperamos una xornada estable en tol Princip\u00e1u d&#8217;Asturies. La probabilid\u00e1 de precipitaciones va ser pr\u00e1cticamente nula. S\u00eda que non, nun se refuga que pueda escapase dalguna gota ensin importancia nel cordal pela tarde. Pero que&#8217;l d\u00eda s\u00eda estable nun tien por qu\u00e9 ser sin\u00f3nimu de cielos soleyeros. Concretamente, prevese abondo nubosidad sobremanera na met\u00e1 norte [&hellip;]<\/p>\n","protected":false},"author":117,"featured_media":0,"comment_status":"open","ping_status":"open","sticky":false,"template":"","format":"standard","meta":{"footnotes":""},"categories":[1,5],"tags":[],"class_list":["post-49025","post","type-post","status-publish","format-standard","hentry","category-sin-categoria","category-tiempu"],"_links":{"self":[{"href":"https:\/\/edublog.educastur.es\/ixuxu\/wp-json\/wp\/v2\/posts\/49025","targetHints":{"allow":["GET"]}}],"collection":[{"href":"https:\/\/edublog.educastur.es\/ixuxu\/wp-json\/wp\/v2\/posts"}],"about":[{"href":"https:\/\/edublog.educastur.es\/ixuxu\/wp-json\/wp\/v2\/types\/post"}],"author":[{"embeddable":true,"href":"https:\/\/edublog.educastur.es\/ixuxu\/wp-json\/wp\/v2\/users\/117"}],"replies":[{"embeddable":true,"href":"https:\/\/edublog.educastur.es\/ixuxu\/wp-json\/wp\/v2\/comments?post=49025"}],"version-history":[{"count":3,"href":"https:\/\/edublog.educastur.es\/ixuxu\/wp-json\/wp\/v2\/posts\/49025\/revisions"}],"predecessor-version":[{"id":49086,"href":"https:\/\/edublog.educastur.es\/ixuxu\/wp-json\/wp\/v2\/posts\/49025\/revisions\/49086"}],"wp:attachment":[{"href":"https:\/\/edublog.educastur.es\/ixuxu\/wp-json\/wp\/v2\/media?parent=49025"}],"wp:term":[{"taxonomy":"category","embeddable":true,"href":"https:\/\/edublog.educastur.es\/ixuxu\/wp-json\/wp\/v2\/categories?post=49025"},{"taxonomy":"post_tag","embeddable":true,"href":"https:\/\/edublog.educastur.es\/ixuxu\/wp-json\/wp\/v2\/tags?post=49025"}],"curies":[{"name":"wp","href":"https:\/\/api.w.org\/{rel}","templated":true}]}}