{"id":49033,"date":"2025-05-20T10:24:02","date_gmt":"2025-05-20T08:24:02","guid":{"rendered":"https:\/\/edublog.educastur.es\/ixuxu\/?p=49033"},"modified":"2025-05-20T13:50:35","modified_gmt":"2025-05-20T11:50:35","slug":"49033","status":"publish","type":"post","link":"https:\/\/edublog.educastur.es\/ixuxu\/2025\/05\/49033\/","title":{"rendered":"El Cachuchu, en Ribeseya, primer reserva protexida puramente marina d&#8217;Espa\u00f1a"},"content":{"rendered":"<ul>\n<li><a href=\"http:\/\/www.lorpexfish.com\/es\/productos-frescos\/22-cachucho.html\">FICHA CACHUCHO<\/a> \/ 40 cms largo y 1,3 Kg pesu \/<a href=\"https:\/\/www.miteco.gob.es\/es\/biodiversidad\/temas\/biodiversidad-marina\/espacios-marinos-protegidos\/red-natura-2000-ambito-marino\/zec-el-cachucho.html\"> ficha Ministeriu<\/a> \/<\/li>\n<li>Bancu de Danois: <a href=\"https:\/\/es.wikipedia.org\/wiki\/El_Cachucho\">Wiki<\/a> \/<\/li>\n<\/ul>\n<p>El <span style=\"color: #008080\"><strong>Cachuchu<\/strong><\/span>, tami\u00e9n conoc\u00edu como <span style=\"color: #008080\"><strong>Bancu de Danois<\/strong><\/span>, ye unu monte submar\u00edn asitiada nel mar Cant\u00e1bricu frente a les mari\u00f1es d&#8217;Asturies. Remanez dende les fondures del golfu de Vizcaya, a 4500 metros de fondura, hasta unos 500 metros de fondura.\u00a0 Tien unu llargor de 57 km y unu anchor de 17 km y tien una gran <strong>riqueza faun\u00edstica y biol\u00f3xica<\/strong>. Por esti motivu foi protex\u00edu col establecimientu de la <strong>primer reserva protexida puramente marina d&#8217;Espa\u00f1a<\/strong>, pos hasta ent\u00f3s solu parques como Do\u00f1ana, Cabrera o les isles atl\u00e1ntiques de Galicia protex\u00eden en parte territoriu mar\u00edn.<\/p>\n<p style=\"text-align: center\"><a href=\"https:\/\/imgs.search.brave.com\/AtRErLUKhmV_0H_Goc1HUkPiTqfvPs71gE5D2UwtCZw\/rs:fit:860:0:0:0\/g:ce\/aHR0cDovL3d3dy5j\/b2ZyYWRpYWRlcmli\/YWRlc2VsbGEuY29t\/L2ltYWdlcy9jb250\/ZW5pZG8vYXJlYS1w\/cm90ZWdpZGEtZWwt\/Y2FjaHVjaG8vY29m\/cmFkaWEtcmliYWRl\/c2VsbGEtdmlyZ2Vu\/LWFyZWEtcHJvdGVn\/aWRhLWVsLWNhY2h1\/Y2hvLTEuanBn\"><img loading=\"lazy\" decoding=\"async\" class=\"aligncenter size-large\" src=\"https:\/\/imgs.search.brave.com\/AtRErLUKhmV_0H_Goc1HUkPiTqfvPs71gE5D2UwtCZw\/rs:fit:860:0:0:0\/g:ce\/aHR0cDovL3d3dy5j\/b2ZyYWRpYWRlcmli\/YWRlc2VsbGEuY29t\/L2ltYWdlcy9jb250\/ZW5pZG8vYXJlYS1w\/cm90ZWdpZGEtZWwt\/Y2FjaHVjaG8vY29m\/cmFkaWEtcmliYWRl\/c2VsbGEtdmlyZ2Vu\/LWFyZWEtcHJvdGVn\/aWRhLWVsLWNhY2h1\/Y2hvLTEuanBn\" width=\"565\" height=\"449\" \/><\/a><\/p>\n<p><!--more--><\/p>\n<ul>\n<li>La declaraci\u00f3n de\u00a0El Cachuchu\u00a0como AMP supunxo un finxu para&#8217;l caltenimientu del patrimoniu natural mar\u00edn espa\u00f1ol. Esp\u00e9rase qu&#8217;esti espaciu protex\u00edu s\u00eda&#8217;l primeru de toa una serie que constituya un sistema coherente, bien xestion\u00e1u y acorde cola nuesa rica biodiversid\u00e1 marina y colos compromisos internacionales adquir\u00edos per Espa\u00f1a que garantice&#8217;l so leg\u00e1u a les xeneraciones futures.<\/li>\n<li>At\u00f3pase asiti\u00e1u al norte de la pen\u00ednsula Ib\u00e9rica, nel mar Cant\u00e1bricu, frente a la localid\u00e1 asturiana de Ribesella y a una distancia de 65 km de la mari\u00f1a nel llargor 5\u00baW. La superficie total del espaciu ye de 234.950,16 hect\u00e1rees.<\/li>\n<li>M\u00e1s de 680 especies sobro los sos fondos, siquier cinco d&#8217;elles descrites como nueves pa la ciencia<\/li>\n<\/ul>\n<p style=\"text-align: center\"><a href=\"https:\/\/imgs.search.brave.com\/dxg4IQA4ROUImxNnRVkaf45JcZnHWzcoYVSrpKquFZI\/rs:fit:500:0:0:0\/g:ce\/aHR0cHM6Ly9pbWdz\/LnNlYXJjaC5icmF2\/ZS5jb20vME5Fa1NF\/bmd5eGl6cEpYQlIz\/cElrRXRoRGY5REdL\/VHd1ZEtIdzBEMXlU\/TS9yczpmaXQ6NTYw\/OjMyMDoxOjAvZzpj\/ZS9hSFIwY0hNNkx5\/OWpaRzR1L1lXZGxi\/bU5wWVhOcGJtTXUv\/WlhNdmRtRnlMMlY2\/ZDJWaS9hVzVmYzJs\/MFpTOXpkRzl5L1lX\/ZGxMMmx0WVdkbGN5\/OWYvWVd4cFlYTmxj\/eTlwYldkZi9NV052\/YkM5dWIzUnBZMmxo\/L2N5OWxiQzFqWVdO\/b2RXTm8vYnkxd2Nt\/bHRaWEpoTFdGeS9a\/V0V0YldGeWFXNWhM\/WEJ5L2IzUmxaMmxr\/WVMxbGJpMWwvYzNC\/aGJtRXZNVGc0TlRj\/MC9PUzAyTFdWemJD\/MU5XQzlGL2JDMURZ\/V05vZFdOb2J5MXcv\/Y21sdFpYSmhMV0Z5\/WldFdC9iV0Z5YVc1\/aExYQnliM1JsL1oy\/bGtZUzFsYmkxRmMz\/QmgvYm1FdWFuQm4.jpeg\"><img loading=\"lazy\" decoding=\"async\" class=\"aligncenter size-large\" src=\"https:\/\/imgs.search.brave.com\/dxg4IQA4ROUImxNnRVkaf45JcZnHWzcoYVSrpKquFZI\/rs:fit:500:0:0:0\/g:ce\/aHR0cHM6Ly9pbWdz\/LnNlYXJjaC5icmF2\/ZS5jb20vME5Fa1NF\/bmd5eGl6cEpYQlIz\/cElrRXRoRGY5REdL\/VHd1ZEtIdzBEMXlU\/TS9yczpmaXQ6NTYw\/OjMyMDoxOjAvZzpj\/ZS9hSFIwY0hNNkx5\/OWpaRzR1L1lXZGxi\/bU5wWVhOcGJtTXUv\/WlhNdmRtRnlMMlY2\/ZDJWaS9hVzVmYzJs\/MFpTOXpkRzl5L1lX\/ZGxMMmx0WVdkbGN5\/OWYvWVd4cFlYTmxj\/eTlwYldkZi9NV052\/YkM5dWIzUnBZMmxo\/L2N5OWxiQzFqWVdO\/b2RXTm8vYnkxd2Nt\/bHRaWEpoTFdGeS9a\/V0V0YldGeWFXNWhM\/WEJ5L2IzUmxaMmxr\/WVMxbGJpMWwvYzNC\/aGJtRXZNVGc0TlRj\/MC9PUzAyTFdWemJD\/MU5XQzlGL2JDMURZ\/V05vZFdOb2J5MXcv\/Y21sdFpYSmhMV0Z5\/WldFdC9iV0Z5YVc1\/aExYQnliM1JsL1oy\/bGtZUzFsYmkxRmMz\/QmgvYm1FdWFuQm4.jpeg\" width=\"500\" height=\"314\" \/><\/a><\/p>\n<div class=\"text aem-GridColumn--phone--12 aem-GridColumn aem-GridColumn--default--7 aem-GridColumn--sm--12 aem-GridColumn--tablet--7 aem-GridColumn--lg--7\">\n<div id=\"text-0ed0f7169d\" class=\"cmp-text\" data-cmp-data-layer=\"{&quot;text-0ed0f7169d&quot;:{&quot;@type&quot;:&quot;miterd\/components\/text&quot;,&quot;xdm:text&quot;:&quot;\\n &lt;p&gt;El &lt;strong&gt;&lt;a href=\\&quot;https:\/\/www.boe.es\/buscar\/act.php?id=BOE-A-2011-19246\\&quot; target=\\&quot;_blank\\&quot; title=\\&quot;Real Decreto 1629\/2011, de 14 de noviembre\\&quot;&gt;Real Decreto 1629\/2011&lt;\/a&gt;, de 14 de noviembre, por el que se declara como \u00c1rea Marina Protegida y como Zona Especial de Conservaci\u00f3n el espacio marino de El Cachucho, y se aprueban las correspondientes medidas de conservaci\u00f3n&lt;\/strong&gt;, culmina un largo camino para hacer efectiva la declaraci\u00f3n de El Cachucho como la primera \u00c1rea Marina Protegida (AMP) de Espa\u00f1a \u2013de acuerdo con lo establecido en el art\u00edculo 32 de la &lt;a href=\\&quot;https:\/\/www.boe.es\/buscar\/act.php?id=BOE-A-2007-21490\\&quot; target=\\&quot;_blank\\&quot; title=\\&quot;Ley 42\/2007, de 13 de diciembre, del Patrimonio Natural y de la Biodiversidad\\&quot;&gt;Ley 42\/2007, de 13 de diciembre, del Patrimonio Natural y de la Biodiversidad&lt;\/a&gt; y en el art\u00edculo 27.1 de la &lt;a href=\\&quot;https:\/\/www.boe.es\/buscar\/act.php?id=BOE-A-2010-20050\\&quot; target=\\&quot;_blank\\&quot; title=\\&quot;Ley 41\/2010, de 29 de diciembre, de protecci\u00f3n del medio marino\\&quot;&gt;Ley 41\/2010, de 29 de diciembre, de protecci\u00f3n del medio marino&lt;\/a&gt;\u2013.&lt;\/p&gt;\\n&lt;p&gt;La declaraci\u00f3n de &lt;strong&gt;El Cachucho&lt;\/strong&gt; como AMP ha supuesto un hito para la conservaci\u00f3n del patrimonio natural marino espa\u00f1ol. Se espera que este espacio protegido sea el primero de toda una serie que constituya un sistema coherente, bien gestionado y acorde con nuestra rica biodiversidad marina y con los compromisos internacionales adquiridos por Espa\u00f1a que garantice su legado a las generaciones futuras.&lt;\/p&gt;\\n&lt;p&gt;Se encuentra situado al norte de la pen\u00ednsula Ib\u00e9rica, en el mar Cant\u00e1brico, frente a la localidad asturiana de Ribadesella y a una distancia de 65 km de la costa en la longitud 5\u00baW. La superficie total del espacio es de 234.950,16 hect\u00e1reas.&lt;\/p&gt;&quot;}}\">\n<p>El\u00a0<strong><a title=\"Real Decreto 1629\/2011, de 14 de noviembre\" href=\"https:\/\/www.boe.es\/buscar\/act.php?id=BOE-A-2011-19246\" target=\"_blank\" rel=\"noopener\">Real Decreto 1629\/2011<\/a>, de 14 de noviembre, por el que se declara como \u00c1rea Marina Protegida y como Zona Especial de Conservaci\u00f3n el espacio marino de El Cachucho, y se aprueban las correspondientes medidas de conservaci\u00f3n<\/strong>, culmina un largo camino para hacer efectiva la declaraci\u00f3n de El Cachucho como la primera \u00c1rea Marina Protegida (AMP) de Espa\u00f1a \u2013de acuerdo con lo establecido en el art\u00edculo 32 de la\u00a0<a title=\"Ley 42\/2007, de 13 de diciembre, del Patrimonio Natural y de la Biodiversidad\" href=\"https:\/\/www.boe.es\/buscar\/act.php?id=BOE-A-2007-21490\" target=\"_blank\" rel=\"noopener\">Ley 42\/2007, de 13 de diciembre, del Patrimonio Natural y de la Biodiversidad<\/a>\u00a0y en el art\u00edculo 27.1 de la\u00a0<a title=\"Ley 41\/2010, de 29 de diciembre, de protecci\u00f3n del medio marino\" href=\"https:\/\/www.boe.es\/buscar\/act.php?id=BOE-A-2010-20050\" target=\"_blank\" rel=\"noopener\">Ley 41\/2010, de 29 de diciembre, de protecci\u00f3n del medio marino<\/a>\u2013.<\/p>\n<p>&nbsp;<\/p>\n<\/div>\n<\/div>\n<div class=\"links-list aem-GridColumn--phone--12 aem-GridColumn aem-GridColumn--default--7 aem-GridColumn--sm--12 aem-GridColumn--tablet--7 aem-GridColumn--lg--7\">\n<ul>\n<li>\n<div class=\"links-list__item-title\"><a class=\"ficon-pdf-file\" href=\"https:\/\/www.miteco.gob.es\/content\/dam\/miteco\/es\/biodiversidad\/temas\/biodiversidad-marina\/Ficha_ZEC_El_Cachucho_tcm30-521072.pdf\" target=\"_blank\" rel=\"noopener\">Ficha<\/a><\/div>\n<\/li>\n<li>\n<div class=\"links-list__item-title\"><a class=\"ficon-pdf-file\" href=\"https:\/\/www.miteco.gob.es\/content\/dam\/miteco\/es\/biodiversidad\/temas\/biodiversidad-marina\/LIGERO_ZECES90ATL01_MAR_2014_tcm30-521075.pdf\" target=\"_blank\" rel=\"noopener\">Tr\u00edptico<\/a><\/div>\n<\/li>\n<li>\n<div class=\"links-list__item-title\"><a class=\"ficon-pdf-file\" href=\"https:\/\/www.miteco.gob.es\/content\/dam\/miteco\/es\/biodiversidad\/temas\/biodiversidad-marina\/25-PANEL-El-Cachucho-ES90ATL01_tcm30-521073.pdf\" target=\"_blank\" rel=\"noopener\">Panel<\/a><\/div>\n<\/li>\n<li>\n<div class=\"links-list__item-title\"><a class=\"ficon-pdf-file\" href=\"https:\/\/www.miteco.gob.es\/content\/dam\/miteco\/es\/biodiversidad\/temas\/biodiversidad-marina\/25-El-Cachucho-ES90ATL01_NOV_2013_tcm30-521074.pdf\" target=\"_blank\" rel=\"noopener\">P\u00f3ster<\/a><\/div>\n<\/li>\n<\/ul>\n<\/div>\n<p style=\"text-align: center\"><a href=\"https:\/\/imgs.search.brave.com\/bIbcI8Lomn6mU3VQtqGBR02EqsfxhlWcLIw_3zPJlmw\/rs:fit:860:0:0:0\/g:ce\/aHR0cHM6Ly93YXN0\/ZW1hZ2F6aW5lLmVz\/L2ZvdG9zMi9lbGNh\/Y2h1Y2hvLXViaWNh\/Y2lvbi5qcGc\"><img loading=\"lazy\" decoding=\"async\" class=\"aligncenter size-large\" src=\"https:\/\/imgs.search.brave.com\/bIbcI8Lomn6mU3VQtqGBR02EqsfxhlWcLIw_3zPJlmw\/rs:fit:860:0:0:0\/g:ce\/aHR0cHM6Ly93YXN0\/ZW1hZ2F6aW5lLmVz\/L2ZvdG9zMi9lbGNh\/Y2h1Y2hvLXViaWNh\/Y2lvbi5qcGc\" width=\"630\" height=\"344\" \/><\/a><\/p>\n<p>&nbsp;<\/p>\n<p>Las campa\u00f1as de investigaci\u00f3n realizadas en la zona han mostrado<strong> la existencia de una gran riqueza biol\u00f3gica.<\/strong> Hasta la fecha se han identificado<strong> m\u00e1s de 680 especies sobre sus fondos, al menos cinco de ellas descritas como nuevas para la ciencia<\/strong>. Una de las causas de esta riqueza estriba en la estructura rocosa del<br \/>\nBanco, que permite el asentamiento de organismos fijos al fondo como corales, esponjas y gorgonias, lo que determina la existencia de un h\u00e1bitat complejo muy favorable como refugio para multitud de otras especies.<\/p>\n<p>Los estudios llevados a cabo en El Cachucho han confirmado la<strong> presencia de adultos reproductores de varias especies de inter\u00e9s comercial como la locha, el lirio, la cabra de altura y el cabracho de profundidad, muy abundantes en el Banco durante la \u00e9poca de puesta.<\/strong> Los h\u00e1bitats presentes en esta zona son esenciales para las poblaciones de estas especies, y consecuentemente, imprescindibles para el mantenimiento de las pesquer\u00edas que se realizan en las zonas pr\u00f3ximas de la plataforma del mar Cant\u00e1brico, convirtiendo a <strong>El Cachucho en una fuente o reserva de recursos pesqueros de enorme valor. <\/strong><\/p>\n<p style=\"text-align: center\"><a href=\"https:\/\/s1.ppllstatics.com\/elcorreo\/www\/multimedia\/202107\/13\/media\/cortadas\/depensa1-k4lH-U1401016028596jXE-1248x770@El%20Correo.jpg\"><img loading=\"lazy\" decoding=\"async\" class=\"aligncenter \" src=\"https:\/\/s1.ppllstatics.com\/elcorreo\/www\/multimedia\/202107\/13\/media\/cortadas\/depensa1-k4lH-U1401016028596jXE-1248x770@El%20Correo.jpg\" width=\"642\" height=\"396\" \/><\/a><\/p>\n<p>Virrei, el pexe desconoc\u00edo a 60 euros el quilu Una ayalga gastron\u00f3mica de los cordales submarinos del Atl\u00e1nticu qu&#8217;hasta va unos a\u00f1os nam\u00e1 consum\u00eden el pescadores de Galicia, Asturies o los Azores.<\/p>\n<p style=\"text-align: center\"><strong>Perrei o palometa roxa, cachuchu<\/strong><\/p>\n","protected":false},"excerpt":{"rendered":"<p>FICHA CACHUCHO \/ 40 cms largo y 1,3 Kg pesu \/ ficha Ministeriu \/ Bancu de Danois: Wiki \/ El Cachuchu, tami\u00e9n conoc\u00edu como Bancu de Danois, ye unu monte submar\u00edn asitiada nel mar Cant\u00e1bricu frente a les mari\u00f1es d&#8217;Asturies. Remanez dende les fondures del golfu de Vizcaya, a 4500 metros de fondura, hasta unos [&hellip;]<\/p>\n","protected":false},"author":117,"featured_media":0,"comment_status":"open","ping_status":"open","sticky":false,"template":"","format":"standard","meta":{"footnotes":""},"categories":[25],"tags":[],"class_list":["post-49033","post","type-post","status-publish","format-standard","hentry","category-curiosidaes"],"_links":{"self":[{"href":"https:\/\/edublog.educastur.es\/ixuxu\/wp-json\/wp\/v2\/posts\/49033","targetHints":{"allow":["GET"]}}],"collection":[{"href":"https:\/\/edublog.educastur.es\/ixuxu\/wp-json\/wp\/v2\/posts"}],"about":[{"href":"https:\/\/edublog.educastur.es\/ixuxu\/wp-json\/wp\/v2\/types\/post"}],"author":[{"embeddable":true,"href":"https:\/\/edublog.educastur.es\/ixuxu\/wp-json\/wp\/v2\/users\/117"}],"replies":[{"embeddable":true,"href":"https:\/\/edublog.educastur.es\/ixuxu\/wp-json\/wp\/v2\/comments?post=49033"}],"version-history":[{"count":7,"href":"https:\/\/edublog.educastur.es\/ixuxu\/wp-json\/wp\/v2\/posts\/49033\/revisions"}],"predecessor-version":[{"id":49040,"href":"https:\/\/edublog.educastur.es\/ixuxu\/wp-json\/wp\/v2\/posts\/49033\/revisions\/49040"}],"wp:attachment":[{"href":"https:\/\/edublog.educastur.es\/ixuxu\/wp-json\/wp\/v2\/media?parent=49033"}],"wp:term":[{"taxonomy":"category","embeddable":true,"href":"https:\/\/edublog.educastur.es\/ixuxu\/wp-json\/wp\/v2\/categories?post=49033"},{"taxonomy":"post_tag","embeddable":true,"href":"https:\/\/edublog.educastur.es\/ixuxu\/wp-json\/wp\/v2\/tags?post=49033"}],"curies":[{"name":"wp","href":"https:\/\/api.w.org\/{rel}","templated":true}]}}