{"id":49056,"date":"2025-05-25T17:23:43","date_gmt":"2025-05-25T15:23:43","guid":{"rendered":"https:\/\/edublog.educastur.es\/ixuxu\/?p=49056"},"modified":"2025-05-25T19:26:34","modified_gmt":"2025-05-25T17:26:34","slug":"pola-ascension-cereces-nuvieu","status":"publish","type":"post","link":"https:\/\/edublog.educastur.es\/ixuxu\/2025\/05\/pola-ascension-cereces-nuvieu\/","title":{"rendered":"Llega la feria L&#8217;Ascensi\u00f3n, 30 mayu al 1 xunu, n&#8217;Uvi\u00e9u"},"content":{"rendered":"<p>El pr\u00f3ximu vienres 30 empiecen tr\u00e9s d\u00edes nos que&#8217;l campu asturiano ye l&#8217;absolutu protagonista n&#8217;Uvi\u00e9u. La Feria de L&#8217;Ascensi\u00f3n ye una de les grandes fiestes de la ciud\u00e1, na que s&#8217;homenaxa al mundu rural asturianu y esfr\u00fatase los sos productos naturales, artesan\u00eda, gastronom\u00eda y tradici\u00f3n. <strong>30 y 31 de mayu y 1 de xunu<\/strong><\/p>\n<p style=\"text-align: center\"><a href=\"https:\/\/www.visitoviedo.info\/documents\/25059\/2672205\/Cartel+La+Ascensi%C3%B3n+2025.jpeg\/96910355-7239-4dfc-a236-91f54767f508?t=1747741220253\"><img loading=\"lazy\" decoding=\"async\" class=\"aligncenter size-large\" src=\"https:\/\/www.visitoviedo.info\/documents\/25059\/2672205\/Cartel+La+Ascensi%C3%B3n+2025.jpeg\/96910355-7239-4dfc-a236-91f54767f508?t=1747741220253\" width=\"634\" height=\"910\" \/><\/a><\/p>\n<ul>\n<li>Dos escenarios: La redolada de les places de la Catedral y Porlier col merc\u00e1u de quesos y otros productos agroalimentarios.<\/li>\n<li>El Campu San Francisco col merc\u00e1u d&#8217;artesan\u00eda, la m\u00fasica tradicional y les actividaes infantiles.<\/li>\n<\/ul>\n<div class=\"x1cy8zhl x2bj2ny x78zum5 x1q0g3np\">\n<div class=\"x1iyjqo2\">\n<div class=\"x78zum5 xdt5ytf xz62fqu x16ldp7u\">\n<div class=\"xu06os2 x1ok221b\">\n<div class=\"x1gslohp\">\n<ul>\n<li class=\"html-h2 x11i5rnm xat24cr x1mh8g0r xexx8yu x4uap5 x18d9i69 xkhd6sd x1vvkbs x1heor9g x1qlqyl8 x1pd3egz x1a2a7pz x1gslohp\"><span class=\"x193iq5w xeuugli x13faqbe x1vvkbs x1xmvt09 x1f6kntn xvq8zen xo1l8bm xi81zsa\"><span class=\"xt0psk2\"><a class=\"x1i10hfl xjbqb8w x1ejq31n xd10rxx x1sy0etr x17r0tee x972fbf xcfux6l x1qhh985 xm0m39n x9f619 x1ypdohk xt0psk2 xe8uvvx xdj266r x11i5rnm xat24cr x1mh8g0r xexx8yu x4uap5 x18d9i69 xkhd6sd x16tdsg8 x1hl2dhg xggy1nq x1a2a7pz xkrqix3 x1sur9pj xzsf02u x1s688f\" role=\"link\" href=\"https:\/\/www.facebook.com\/oviedoturismo?__cft__[0]=AZXjVJ00-qBuqjOplPhBTqsLkP5ZvNkyttZwy--zDFy8VhKIFx1eQHi-X8X4U0vcGBT3IHyAb6B5scH0DmivJhkgRwCl9QcK9SzN2NcCjUpz8NuV3w2KlGHKWScYc6GNE02l9ScGY8mLuIJEDmJtv2E8_Al36tx1JTuVMVbJvbDl-36pUyDxR_IUuv-OTm_rjMpYObTJG4G0Yh4e0EHY-YRhOSKF21CMosNnpcyfxkh0qw&amp;__tn__=-UC*F\">Ovd Turismo<span class=\"x193iq5w xeuugli x13faqbe x1vvkbs x1xmvt09 x1lliihq x1s928wv xhkezso x1gmr53x x1cpjm7i x1fgarty x1943h6x xudqn12 x3x7a5m x1f6kntn xvq8zen xo1l8bm xzsf02u\" dir=\"auto\">.<\/span><\/a><\/span><\/span> \/<a href=\"https:\/\/www.oviedo.es\/-\/asi-sera-la-ascension-de-este-ano-que-se-celebrara-los-dias-30-31-y-1-de-junio?fbclid=IwY2xjawKZjNJleHRuA2FlbQIxMABicmlkETFhVHNsaFRBS3FUWVpkQm96AR7WsHibJVxdO-PPoFWLHnh1O4duNWEzO8PG2ssI_9uC2mbjZgs4ht8ec64Gpg_aem_QOnJrSjUxACKyePzE05whA\"><strong>info\u00a0<\/strong><\/a> \/\u00a0<a href=\"https:\/\/www.visitoviedo.info\/documents\/25059\/2672205\/Cartel+La+Ascensi%C3%B3n+2025.jpeg\/96910355-7239-4dfc-a236-91f54767f508?t=1747741220253\"> cartelu<\/a>\/\u00a0 <a href=\"https:\/\/l.facebook.com\/l.php?u=https%3A%2F%2Ftinyurl.com%2F43w797dr%3Ffbclid%3DIwZXh0bgNhZW0CMTAAYnJpZBEwdmF6YnNCWWxidW5BbHlQUAEegALpHVoSEyt8144gDNSAUUSpgW1FGpx53thFCBpZ445sI2tsFwCHdoFkDeQ_aem_fzQdr4rAt6TShv2tb1YA0g&amp;h=AT1POcnnn7z7P4QmPrysEHJ9aOJlDzCRNTL7rjK_l1DUwAHQ9RdXUyMfIbImrskMn-jOYODO3A6avBDcCHYfugtjRPbmkv0nM53BkxcFWkurUDYlO_uL5dtBcsG4rPu3wfECNG7vW2fXtAP_uOoRFipjYIQvow&amp;__tn__=-UK-y-R&amp;c[0]=AT2B-92Q90IcA43cp3jicmlcXEHoaMPTzVjWXb2j4bkfmSCRG89xI8j_7fVSSKwEWabPLhQdzYu68_jXaaGbfw_GpAEjicJ61VNUnmUJ-etn6KQ75pIWkqYHH00sQeVnK7wy0o6YIOs_p0nN3s90C00jwaXV5ST5yr0wOTmzusYY9E_X9wS-vTaFPV-nZnfqQ5rDDZR_Xf_kN-3kgftb360p4reokmANbXaEj5tluZIfCakxH_4\"><strong>Programa<\/strong><\/a> \/\u00a0<a id=\"yui_patched_v3_11_0_1_1748193819286_534\" href=\"https:\/\/www.visitoviedo.info\/documents\/25059\/2672205\/ASCENSIO%3FN+PROGRAMA+WEB.pdf\/3aaadb3f-b739-4b4d-9be3-0254a6018236\"><strong>P. COMPLETO<\/strong><\/a> \/<span class=\"x1lliihq x6ikm8r x10wlt62 x1n2onr6\"><span class=\"xt0psk2\"><span class=\"xjp7ctv\"><a class=\"x1i10hfl xjbqb8w x1ejq31n xd10rxx x1sy0etr x17r0tee x972fbf xcfux6l x1qhh985 xm0m39n x9f619 x1ypdohk xt0psk2 xe8uvvx xdj266r x11i5rnm xat24cr x1mh8g0r xexx8yu x4uap5 x18d9i69 xkhd6sd x16tdsg8 x1hl2dhg xggy1nq x1a2a7pz xkrqix3 x1sur9pj xzsf02u x1s688f\" role=\"link\" href=\"https:\/\/www.facebook.com\/www.oviedo.es?__cft__[0]=AZU6vDT8Gn-p9eNMKl4TfrIfFpLDNEqEEXrBxNllFUnYlHBRD0mUrDzx2_TjOMVp4Za-ZQcKp0CMXY-BXyZ1j54yl0srdI6QI3NjsNYJVvCz3yCy7nphhBZTZ_YFQxtvzfiVxPhzrdq8pqUFRyeknmCtNUFIbHdXqhgQHZaohgI52F9vNWS187-VcNdpL6fUPDwZDUfcp5oOm2Sr0WnDO8lbth6XVfxtJ9lBXZcLpczXCw&amp;__tn__=-UC%2CP-y-R\"><strong class=\"html-strong xdj266r x11i5rnm xat24cr x1mh8g0r xexx8yu x4uap5 x18d9i69 xkhd6sd x1hl2dhg x16tdsg8 x1vvkbs x1s688f\"><span class=\"html-span xdj266r x11i5rnm xat24cr x1mh8g0r xexx8yu x4uap5 x18d9i69 xkhd6sd x1hl2dhg x16tdsg8 x1vvkbs\">Ayuntamientu d&#8217;Uvi\u00e9u<\/span><\/strong><\/a>.<\/span><\/span><span class=\"html-span xdj266r x11i5rnm xat24cr x1mh8g0r xexx8yu x4uap5 x18d9i69 xkhd6sd x1hl2dhg x16tdsg8 x1vvkbs x1dor1uw x1n2onr6 xxymvpz\"><br \/>\n<\/span><\/span><\/li>\n<\/ul>\n<\/div>\n<\/div>\n<div class=\"xu06os2 x1ok221b\">\n<div class=\"html-div xdj266r x11i5rnm xat24cr x1mh8g0r xexx8yu x4uap5 x18d9i69 xkhd6sd x1q0g3np\">\u00a0Una de les cites imprescindibles de la primavera uvieina\u00a0\u00a0\ud835\udc0b\ud835\udc1a \ud835\udc05\ud835\udc1e\ud835\udc2b\ud835\udc22\ud835\udc1a \ud835\udc1d\ud835\udc1e \ud835\udc0b\ud835\udc1a \ud835\udc00\ud835\udc2c\ud835\udc1c\ud835\udc1e\ud835\udc27\ud835\udc2c\ud835\udc22\ud835\udc28\u0301\ud835\udc27, <span style=\"color: #008080\">Fiesta d&#8217;Inter\u00e9s Tur\u00edsticu del Princip\u00e1u d&#8217;Asturies<\/span>. 30 y 31 de mayu y 1 de xunu \/ Merc\u00e1u Merc\u00e1u d&#8217;artesan\u00eda,\u00a0 Talleres\u00a0d&#8217;artesan\u00eda,\u00a0 Programaci\u00f3n infantil, \u00a0Conciertos, Folclore, \u00a0Men\u00fa de L&#8217;Ascensi\u00f3n, Esposici\u00f3n de races aut\u00f3ctones y Programaci\u00f3n cultural.<\/div>\n<\/div>\n<div>\n<div class=\"html-div xdj266r xat24cr x1mh8g0r xexx8yu x4uap5 x18d9i69 xkhd6sd x78zum5 x2lah0s xqtp20y x1emribx\">\n<div class=\"xc9qbxq x14qfxbe x6s0dn4 x78zum5 xl56j7k\">\n<div class=\"\"><strong><!--more--><\/strong><\/div>\n<\/div>\n<\/div>\n<div class=\"html-div xdj266r x11i5rnm xat24cr x1mh8g0r xexx8yu x4uap5 x18d9i69 xkhd6sd\" dir=\"auto\">\n<div class=\"html-div xdj266r x11i5rnm xat24cr x1mh8g0r xexx8yu x4uap5 x18d9i69 xkhd6sd\" dir=\"auto\">\n<div class=\"html-div xdj266r x11i5rnm xat24cr x1mh8g0r xexx8yu x4uap5 x18d9i69 xkhd6sd\" data-ad-rendering-role=\"story_message\">\n<div class=\"x1l90r2v x1iorvi4 x1ye3gou xn6708d\" data-ad-comet-preview=\"message\" data-ad-preview=\"message\">\n<div class=\"x78zum5 xdt5ytf xz62fqu x16ldp7u\">\n<div class=\"xu06os2 x1ok221b\">\n<div class=\"html-div xdj266r x11i5rnm xat24cr x1mh8g0r xexx8yu x4uap5 x18d9i69 xkhd6sd\">\n<div class=\"x11i5rnm xat24cr x1mh8g0r x1vvkbs xtlvy1s x126k92a\">\n<div dir=\"auto\"><span class=\"html-span xdj266r x11i5rnm xat24cr x1mh8g0r xexx8yu x4uap5 x18d9i69 xkhd6sd x1hl2dhg x16tdsg8 x1vvkbs\"><a class=\"x1i10hfl xjbqb8w x1ejq31n xd10rxx x1sy0etr x17r0tee x972fbf xcfux6l x1qhh985 xm0m39n x9f619 x1ypdohk xt0psk2 xe8uvvx xdj266r x11i5rnm xat24cr x1mh8g0r xexx8yu x4uap5 x18d9i69 xkhd6sd x16tdsg8 x1hl2dhg xggy1nq x1a2a7pz xkrqix3 x1sur9pj x1fey0fg x1s688f\" role=\"link\" href=\"https:\/\/www.facebook.com\/oviedoturismo?__cft__[0]=AZU6vDT8Gn-p9eNMKl4TfrIfFpLDNEqEEXrBxNllFUnYlHBRD0mUrDzx2_TjOMVp4Za-ZQcKp0CMXY-BXyZ1j54yl0srdI6QI3NjsNYJVvCz3yCy7nphhBZTZ_YFQxtvzfiVxPhzrdq8pqUFRyeknmCtNUFIbHdXqhgQHZaohgI52F9vNWS187-VcNdpL6fUPDwZDUfcp5oOm2Sr0WnDO8lbth6XVfxtJ9lBXZcLpczXCw&amp;__tn__=-]K-y-R\"><span class=\"xt0psk2\"><span class=\"xjp7ctv\">Oviedo Turismo<\/span><\/span><\/a><\/span> <span class=\"html-span xdj266r x11i5rnm xat24cr x1mh8g0r xexx8yu x4uap5 x18d9i69 xkhd6sd x1hl2dhg x16tdsg8 x1vvkbs\"><a class=\"x1i10hfl xjbqb8w x1ejq31n xd10rxx x1sy0etr x17r0tee x972fbf xcfux6l x1qhh985 xm0m39n x9f619 x1ypdohk xt0psk2 xe8uvvx xdj266r x11i5rnm xat24cr x1mh8g0r xexx8yu x4uap5 x18d9i69 xkhd6sd x16tdsg8 x1hl2dhg xggy1nq x1a2a7pz xkrqix3 x1sur9pj x1fey0fg x1s688f\" role=\"link\" href=\"https:\/\/www.facebook.com\/hashtag\/oviedoorigendelcamino?__eep__=6&amp;__cft__[0]=AZU6vDT8Gn-p9eNMKl4TfrIfFpLDNEqEEXrBxNllFUnYlHBRD0mUrDzx2_TjOMVp4Za-ZQcKp0CMXY-BXyZ1j54yl0srdI6QI3NjsNYJVvCz3yCy7nphhBZTZ_YFQxtvzfiVxPhzrdq8pqUFRyeknmCtNUFIbHdXqhgQHZaohgI52F9vNWS187-VcNdpL6fUPDwZDUfcp5oOm2Sr0WnDO8lbth6XVfxtJ9lBXZcLpczXCw&amp;__tn__=*NK-y-R\">#OviedoOrigendelCamino<\/a><\/span> <span class=\"html-span xdj266r x11i5rnm xat24cr x1mh8g0r xexx8yu x4uap5 x18d9i69 xkhd6sd x1hl2dhg x16tdsg8 x1vvkbs\"><a class=\"x1i10hfl xjbqb8w x1ejq31n xd10rxx x1sy0etr x17r0tee x972fbf xcfux6l x1qhh985 xm0m39n x9f619 x1ypdohk xt0psk2 xe8uvvx xdj266r x11i5rnm xat24cr x1mh8g0r xexx8yu x4uap5 x18d9i69 xkhd6sd x16tdsg8 x1hl2dhg xggy1nq x1a2a7pz xkrqix3 x1sur9pj x1fey0fg x1s688f\" role=\"link\" href=\"https:\/\/www.facebook.com\/OviedoDeporte2026?__cft__[0]=AZU6vDT8Gn-p9eNMKl4TfrIfFpLDNEqEEXrBxNllFUnYlHBRD0mUrDzx2_TjOMVp4Za-ZQcKp0CMXY-BXyZ1j54yl0srdI6QI3NjsNYJVvCz3yCy7nphhBZTZ_YFQxtvzfiVxPhzrdq8pqUFRyeknmCtNUFIbHdXqhgQHZaohgI52F9vNWS187-VcNdpL6fUPDwZDUfcp5oOm2Sr0WnDO8lbth6XVfxtJ9lBXZcLpczXCw&amp;__tn__=-]K-y-R\"><span class=\"xt0psk2\"><span class=\"xjp7ctv\">Oviedo Candidata a Ciudad Europea del Deporte 2026<\/span><\/span><\/a><\/span> <span class=\"html-span xdj266r x11i5rnm xat24cr x1mh8g0r xexx8yu x4uap5 x18d9i69 xkhd6sd x1hl2dhg x16tdsg8 x1vvkbs\"><a class=\"x1i10hfl xjbqb8w x1ejq31n xd10rxx x1sy0etr x17r0tee x972fbf xcfux6l x1qhh985 xm0m39n x9f619 x1ypdohk xt0psk2 xe8uvvx xdj266r x11i5rnm xat24cr x1mh8g0r xexx8yu x4uap5 x18d9i69 xkhd6sd x16tdsg8 x1hl2dhg xggy1nq x1a2a7pz xkrqix3 x1sur9pj x1fey0fg x1s688f\" role=\"link\" href=\"https:\/\/www.facebook.com\/oviedo2031?__cft__[0]=AZU6vDT8Gn-p9eNMKl4TfrIfFpLDNEqEEXrBxNllFUnYlHBRD0mUrDzx2_TjOMVp4Za-ZQcKp0CMXY-BXyZ1j54yl0srdI6QI3NjsNYJVvCz3yCy7nphhBZTZ_YFQxtvzfiVxPhzrdq8pqUFRyeknmCtNUFIbHdXqhgQHZaohgI52F9vNWS187-VcNdpL6fUPDwZDUfcp5oOm2Sr0WnDO8lbth6XVfxtJ9lBXZcLpczXCw&amp;__tn__=-]K-y-R\"><span class=\"xt0psk2\"><span class=\"xjp7ctv\">Oviedo2031<\/span><\/span><\/a><\/span><\/div>\n<\/div>\n<\/div>\n<\/div>\n<\/div>\n<\/div>\n<\/div>\n<\/div>\n<\/div>\n<\/div>\n<div class=\"xu06os2 x1ok221b\">\n<div><\/div>\n<div>Angua\u00f1o, volvemos enllenar Uvi\u00e9u de vida, de son\u00edos, de sabores y de la hospitalid\u00e1 que nos caracteriza. Mientres los pr\u00f3ximos d\u00edes 30, 31 de mayu y 1 de xunu, les cais y places de la nuesa ciud\u00e1 van tresformase nun <strong>escaparate del meyor productu local, con protagonismu para&#8217;l campu asturiano, la so gastronom\u00eda y los sos oficios tradicionales<\/strong>.<\/div>\n<div><\/div>\n<div style=\"text-align: center\"><a href=\"https:\/\/www.oviedo.es\/documents\/25041\/2659228\/La+Ascensi%C3%B3n+2025+fotob.jpeg\/438b7ce9-d526-46c0-8f8e-9b1c3e364222?t=1747756512124&amp;imageThumbnail=3\"><img loading=\"lazy\" decoding=\"async\" class=\"aligncenter size-large\" src=\"https:\/\/www.oviedo.es\/documents\/25041\/2659228\/La+Ascensi%C3%B3n+2025+fotob.jpeg\/438b7ce9-d526-46c0-8f8e-9b1c3e364222?t=1747756512124&amp;imageThumbnail=3\" width=\"1000\" height=\"874\" \/><\/a><\/div>\n<\/div>\n<\/div>\n<\/div>\n<\/div>\n<p>&nbsp;<\/p>\n<div><\/div>\n<div class=\"xyinxu5 x4uap5 x1g2khh7 xkhd6sd\"><span class=\"x193iq5w xeuugli x13faqbe x1vvkbs x1xmvt09 x1lliihq x1s928wv xhkezso x1gmr53x x1cpjm7i x1fgarty x1943h6x xudqn12 x3x7a5m x1f6kntn xvq8zen xo1l8bm xzsf02u\" dir=\"auto\">\u201cNel Campu San Francisco allugar\u00e1se&#8217;l <strong>Merc\u00e1u d&#8217;Artesan\u00eda, qu&#8217;angua\u00f1o cunta con 26 puestos<\/strong> y nel que podr\u00e1 atopase acebache, cueru, cer\u00e1mica, cosm\u00e9tica natural, xoyer\u00eda, madera\u2026<\/span><\/div>\n<div><\/div>\n<div class=\"xyinxu5 x4uap5 x1g2khh7 xkhd6sd\"><span class=\"x193iq5w xeuugli x13faqbe x1vvkbs x1xmvt09 x1lliihq x1s928wv xhkezso x1gmr53x x1cpjm7i x1fgarty x1943h6x xudqn12 x3x7a5m x1f6kntn xvq8zen xo1l8bm xzsf02u\" dir=\"auto\">Tami\u00e9n uno exhibici\u00f3n de Races aut\u00f3ctones en collaboraci\u00f3n con Caxa Rural d&#8217;Asturies, na que se van ver exemplares de vaca casina, oveya xalda, gochu asturcelta, asturcones\u2026 y tami\u00e9n vamos esfrutar d&#8217;una exhibici\u00f3n de cetrer\u00eda.<\/span><\/div>\n<div><\/div>\n<div class=\"xyinxu5 x4uap5 x1g2khh7 xkhd6sd\"><span class=\"x193iq5w xeuugli x13faqbe x1vvkbs x1xmvt09 x1lliihq x1s928wv xhkezso x1gmr53x x1cpjm7i x1fgarty x1943h6x xudqn12 x3x7a5m x1f6kntn xvq8zen xo1l8bm xzsf02u\" dir=\"auto\"><span class=\"x193iq5w xeuugli x13faqbe x1vvkbs x1xmvt09 x1lliihq x1s928wv xhkezso x1gmr53x x1cpjm7i x1fgarty x1943h6x xudqn12 x3x7a5m x1f6kntn xvq8zen xo1l8bm xzsf02u\" dir=\"auto\"> Nesti cortil celebrar\u00e1n parte de les actuaciones musicales. Nun va faltar el Festival del Cantar Asturianu en collaboraci\u00f3n cola AICA, los coros del conceyu en collaboraci\u00f3n con FECORAS, les actuaciones de L&amp;R, Herbamora , Brass Rodrigo y la Banda de M\u00fasica Ciud\u00e1 d&#8217;Uvi\u00e9u.<br \/>\n<\/span><\/span><\/div>\n","protected":false},"excerpt":{"rendered":"<p>El pr\u00f3ximu vienres 30 empiecen tr\u00e9s d\u00edes nos que&#8217;l campu asturiano ye l&#8217;absolutu protagonista n&#8217;Uvi\u00e9u. La Feria de L&#8217;Ascensi\u00f3n ye una de les grandes fiestes de la ciud\u00e1, na que s&#8217;homenaxa al mundu rural asturianu y esfr\u00fatase los sos productos naturales, artesan\u00eda, gastronom\u00eda y tradici\u00f3n. 30 y 31 de mayu y 1 de xunu Dos [&hellip;]<\/p>\n","protected":false},"author":117,"featured_media":0,"comment_status":"open","ping_status":"open","sticky":false,"template":"","format":"standard","meta":{"footnotes":""},"categories":[167,33],"tags":[],"class_list":["post-49056","post","type-post","status-publish","format-standard","hentry","category-feries","category-uvieu"],"_links":{"self":[{"href":"https:\/\/edublog.educastur.es\/ixuxu\/wp-json\/wp\/v2\/posts\/49056","targetHints":{"allow":["GET"]}}],"collection":[{"href":"https:\/\/edublog.educastur.es\/ixuxu\/wp-json\/wp\/v2\/posts"}],"about":[{"href":"https:\/\/edublog.educastur.es\/ixuxu\/wp-json\/wp\/v2\/types\/post"}],"author":[{"embeddable":true,"href":"https:\/\/edublog.educastur.es\/ixuxu\/wp-json\/wp\/v2\/users\/117"}],"replies":[{"embeddable":true,"href":"https:\/\/edublog.educastur.es\/ixuxu\/wp-json\/wp\/v2\/comments?post=49056"}],"version-history":[{"count":9,"href":"https:\/\/edublog.educastur.es\/ixuxu\/wp-json\/wp\/v2\/posts\/49056\/revisions"}],"predecessor-version":[{"id":49523,"href":"https:\/\/edublog.educastur.es\/ixuxu\/wp-json\/wp\/v2\/posts\/49056\/revisions\/49523"}],"wp:attachment":[{"href":"https:\/\/edublog.educastur.es\/ixuxu\/wp-json\/wp\/v2\/media?parent=49056"}],"wp:term":[{"taxonomy":"category","embeddable":true,"href":"https:\/\/edublog.educastur.es\/ixuxu\/wp-json\/wp\/v2\/categories?post=49056"},{"taxonomy":"post_tag","embeddable":true,"href":"https:\/\/edublog.educastur.es\/ixuxu\/wp-json\/wp\/v2\/tags?post=49056"}],"curies":[{"name":"wp","href":"https:\/\/api.w.org\/{rel}","templated":true}]}}