{"id":49073,"date":"2025-05-31T20:00:45","date_gmt":"2025-05-31T18:00:45","guid":{"rendered":"https:\/\/edublog.educastur.es\/ixuxu\/?p=49073"},"modified":"2025-06-08T10:14:20","modified_gmt":"2025-06-08T08:14:20","slug":"13-reis","status":"publish","type":"post","link":"https:\/\/edublog.educastur.es\/ixuxu\/2025\/05\/13-reis\/","title":{"rendered":"El poema sinf\u00f3nicu &#8217;13 Reis&#8217; cor\u00f3nase per tolo alto nel Auditoriu."},"content":{"rendered":"<div class=\"x9f619 x1n2onr6 x1ja2u2z xeuugli xs83m0k xjl7jj x1xmf6yo x1emribx x1e56ztr x1i64zmx xnp8db0 x1d1medc x7ep2pv x1xzczws\">\n<div class=\"x7wzq59\">\n<div>\n<div>\n<div>\n<div class=\"x1yztbdb\">\n<div class=\"html-div xdj266r x11i5rnm xat24cr x1mh8g0r xexx8yu x4uap5 x18d9i69 xkhd6sd x78zum5 x1n2onr6 xh8yej3\">\n<div class=\"x1n2onr6 x1ja2u2z x1jx94hy x1qpq9i9 xdney7k xu5ydu1 xt3gfkd x9f619 xh8yej3 x6ikm8r x10wlt62 xquyuld\">\n<div class=\"x1n2onr6 x1ja2u2z x9f619 x78zum5 xdt5ytf x2lah0s x193iq5w xjkvuk6 x1cnzs8\">\n<div class=\"x9f619 x1n2onr6 x1ja2u2z x78zum5 xdt5ytf x1iyjqo2 x2lwn1j\">\n<div class=\"x9f619 x1n2onr6 x1ja2u2z x78zum5 xdt5ytf x2lah0s x193iq5w x1swvt13 x1pi30zi\">\n<div class=\"x78zum5 xdt5ytf x4cne27 xifccgj\">\n<div class=\"xzueoph x1k70j0n\">\n<div class=\"x9f619 x1ja2u2z x78zum5 x2lah0s x1n2onr6 x1qughib x6s0dn4 xozqiw3 x1q0g3np xzt5al7\"><\/div>\n<\/div>\n<\/div>\n<\/div>\n<\/div>\n<\/div>\n<\/div>\n<\/div>\n<\/div>\n<\/div>\n<\/div>\n<\/div>\n<\/div>\n<\/div>\n<div class=\"x9f619 x1n2onr6 x1ja2u2z xeuugli xs83m0k xjl7jj x1xmf6yo x1emribx x1e56ztr x1i64zmx x19h7ccj xu9j1y6 x7ep2pv\">\n<div role=\"feed\">\n<div class=\"x1yztbdb x1n2onr6 xh8yej3 x1ja2u2z\">\n<div class=\"x1n2onr6 x1ja2u2z\">\n<div class=\"x1a2a7pz\" aria-describedby=\"\u00abR1ahnamladaammjabiqapapd5aqH1\u00bb \u00abR1ahnamladaammjabiqapapd5aqH2\u00bb \u00abR1ahnamladaammjabiqapapd5aqH3\u00bb \u00abR1ahnamladaammjabiqapapd5aqH5\u00bb \u00abR1ahnamladaammjabiqapapd5aqH4\u00bb\" aria-labelledby=\"\u00abR2lanamladaammjabiqapapd5aq\u00bb\">\n<div class=\"x78zum5 xdt5ytf\" data-virtualized=\"false\">\n<div class=\"x9f619 x1n2onr6 x1ja2u2z\">\n<div class=\"html-div xdj266r x11i5rnm xat24cr x1mh8g0r xexx8yu x4uap5 x18d9i69 xkhd6sd x78zum5 x1n2onr6 xh8yej3\">\n<div class=\"x1n2onr6 x1ja2u2z x1jx94hy x1qpq9i9 xdney7k xu5ydu1 xt3gfkd x9f619 xh8yej3 x6ikm8r x10wlt62 xquyuld\">\n<div class=\"html-div xdj266r x11i5rnm xat24cr x1mh8g0r xexx8yu x4uap5 x18d9i69 xkhd6sd\">\n<div class=\"html-div xdj266r x11i5rnm xat24cr x1mh8g0r xexx8yu x4uap5 x18d9i69 xkhd6sd\">\n<div class=\"html-div xdj266r x11i5rnm xat24cr x1mh8g0r xexx8yu x4uap5 x18d9i69 xkhd6sd\">\n<div class=\"html-div xdj266r x11i5rnm xat24cr x1mh8g0r xexx8yu x4uap5 x18d9i69 xkhd6sd\">\n<div class=\"html-div xdj266r x11i5rnm x1mh8g0r x18d9i69 x1cy8zhl x78zum5 x1q0g3np xod5an3 xz9dl7a x1ye3gou xn6708d\">\n<div class=\"html-div xdj266r x11i5rnm xat24cr x1mh8g0r xexx8yu x4uap5 x18d9i69 xkhd6sd x1iyjqo2 xeuugli\">\n<div class=\"x78zum5 xdt5ytf xz62fqu x16ldp7u\">\n<div class=\"xu06os2 x1ok221b\">\n<div id=\"\u00abR1ahnamladaammjabiqapapd5aqH1\u00bb\" class=\"html-div xdj266r x11i5rnm xat24cr x1mh8g0r xexx8yu x4uap5 x18d9i69 xkhd6sd x1q0g3np\">\n<div class=\"x6s0dn4 x3nfvp2 xl56j7k\">\n<div class=\"x1i10hfl xjbqb8w x1ejq31n xd10rxx x1sy0etr x17r0tee x972fbf xcfux6l x1qhh985 xm0m39n x9f619 x1ypdohk xt0psk2 xe8uvvx xdj266r x11i5rnm xat24cr x1mh8g0r xexx8yu x4uap5 x18d9i69 xkhd6sd x16tdsg8 x1hl2dhg xggy1nq x1o1ewxj x3x9cwd x1e5q0jg x13rtm0m x87ps6o x1lku1pv x1a2a7pz x1uhb9sk\" role=\"button\" aria-label=\"Editar destinatarios\">\n<div class=\"x6s0dn4 x78zum5 xl56j7k\">\n<div class=\"x139jcc6\">La Banda Sinf\u00f3nica del Aten\u00e9u Musical de Mieres y la de Gaites La Llaguna del Torollu encandilen al p\u00fablicu cola obra de S\u00e1nchez Santianes. <a href=\"https:\/\/www.lne.es\/oviedo\/2025\/06\/02\/ecos-sinfonicos-trono-astur-13-118097036.html?utm_term=Autofeed&amp;utm_medium=Social&amp;utm_source=Facebook&amp;fbclid=IwY2xjawKrwBFleHRuA2FlbQIxMQBicmlkETB3ZUxzZ09mMURTZFgwSzFSAR6gbLYUW9xuJt3uxER-fTRyDCkhZ4HzFtFy8O5NaX8BcpWvQH6EhfTzM35YSw_aem_J6LM9hxqV5I5U6RKNQ0zng#Echobox=1748849811\">LNE<\/a> \/<\/div>\n<div><\/div>\n<\/div>\n<\/div>\n<\/div>\n<\/div>\n<\/div>\n<\/div>\n<\/div>\n<\/div>\n<\/div>\n<div class=\"html-div xdj266r x11i5rnm xat24cr x1mh8g0r xexx8yu x4uap5 x18d9i69 xkhd6sd\">\n<div class=\"html-div xdj266r xat24cr xexx8yu x4uap5 x18d9i69 xkhd6sd x1jx94hy x8cjs6t x1ch86jh x80vd3b xckqwgs x13fuv20 xu3j5b3 x1q0q8m5 x26u7qi x178xt8z xm81vs4 xso031l xy80clv x5jnaft xyy1qs0 x4jtdaj x1n9q4l3 x6ikm8r x10wlt62 x16n37ib xq8finb\">\n<div class=\"html-div x11i5rnm xat24cr x1mh8g0r xexx8yu x4uap5 x18d9i69 xkhd6sd x1y332i5\">\n<div class=\"html-div xdj266r xexx8yu x4uap5 x18d9i69 xkhd6sd x1n2onr6 x1mh8g0r x11i5rnm xod5an3\" style=\"text-align: center\"><a href=\"https:\/\/s3.ppllstatics.com\/elcomercio\/www\/multimedia\/2025\/05\/31\/105521339-kX6G--1200x840@El%20Comercio.jpg\"><img loading=\"lazy\" decoding=\"async\" class=\"aligncenter size-large\" src=\"https:\/\/s3.ppllstatics.com\/elcomercio\/www\/multimedia\/2025\/05\/31\/105521339-kX6G--1200x840@El%20Comercio.jpg\" width=\"1200\" height=\"840\" \/><\/a><\/div>\n<div class=\"html-div xdj266r x11i5rnm xat24cr x1mh8g0r xexx8yu x1a8lsjc x1swvt13 x1pi30zi\">\n<div class=\"html-div xdj266r x11i5rnm xat24cr x1mh8g0r xexx8yu x4uap5 x18d9i69 xkhd6sd x1jx94hy x78zum5 x1q0g3np\">\n<div class=\"x78zum5 xdt5ytf xz62fqu x16ldp7u\">\n<div class=\"xu06os2 x1ok221b\">\n<div class=\"html-div xdj266r x11i5rnm xat24cr x1mh8g0r xexx8yu x4uap5 x18d9i69 xkhd6sd\" data-ad-rendering-role=\"profile_name\">\n<ul>\n<li class=\"html-h3 x11i5rnm xat24cr x1mh8g0r xexx8yu x4uap5 x18d9i69 xkhd6sd x1vvkbs x1heor9g x1qlqyl8 x1pd3egz x1a2a7pz x1gslohp x1yc453h\"><span class=\"x1lliihq x6ikm8r x10wlt62 x1n2onr6\"><span class=\"xt0psk2\"><span class=\"xjp7ctv\"><a class=\"x1i10hfl xjbqb8w x1ejq31n xd10rxx x1sy0etr x17r0tee x972fbf xcfux6l x1qhh985 xm0m39n x9f619 x1ypdohk xt0psk2 xe8uvvx xdj266r x11i5rnm xat24cr x1mh8g0r xexx8yu x4uap5 x18d9i69 xkhd6sd x16tdsg8 x1hl2dhg xggy1nq x1a2a7pz xkrqix3 x1sur9pj xzsf02u x1s688f\" role=\"link\" href=\"https:\/\/www.facebook.com\/profile.php?id=100063544983559&amp;__cft__[0]=AZUg03AhSZk2q2cubKUOlNO5_BXb1IfZgk93tGZp-HGbQn_1ZD-7DC8mT5KWsRqkLsefsUdIYfeqBiEyRFGTENh55A-pnziHPZTc9HgBxgbDCf8hIjfcXoCKG5jmszSS8_iddjEjspLXUbleSWXXz6Y3h73MIQ55rEZowUZALYJfoJCfmGp5MGmq_tUzLuORlNMt0OySwe2_Cs22Bb6TUOuPeRZkARB1YZ-Sw7dkYU5B8w&amp;__tn__=-UC%2CP-y-R\"><strong class=\"html-strong xdj266r x11i5rnm xat24cr x1mh8g0r xexx8yu x4uap5 x18d9i69 xkhd6sd x1hl2dhg x16tdsg8 x1vvkbs x1s688f\"><span class=\"html-span xdj266r x11i5rnm xat24cr x1mh8g0r xexx8yu x4uap5 x18d9i69 xkhd6sd x1hl2dhg x16tdsg8 x1vvkbs\">La Laguna del Torollu<\/span><\/strong><\/a><\/span><\/span><\/span><\/li>\n<li class=\"html-h3 x11i5rnm xat24cr x1mh8g0r xexx8yu x4uap5 x18d9i69 xkhd6sd x1vvkbs x1heor9g x1qlqyl8 x1pd3egz x1a2a7pz x1gslohp x1yc453h\"><img loading=\"lazy\" decoding=\"async\" class=\"xz74otr x168nmei x13lgxp2 x5pf9jr xo71vjh\" src=\"https:\/\/static.xx.fbcdn.net\/images\/emoji.php\/v9\/t5c\/1\/16\/1f5d3.png\" alt=\"\ud83d\uddd3\ufe0f\" width=\"16\" height=\"16\" \/> 31 de mayu de 2025 \/ <span class=\"html-span xexx8yu x4uap5 x18d9i69 xkhd6sd x1hl2dhg x16tdsg8 x1vvkbs x3nfvp2 x1j61x8r x1fcty0u xdj266r xat24cr xgzva0m xhhsvwb xxymvpz xlup9mm x1kky2od\"><img loading=\"lazy\" decoding=\"async\" class=\"xz74otr x168nmei x13lgxp2 x5pf9jr xo71vjh\" src=\"https:\/\/static.xx.fbcdn.net\/images\/emoji.php\/v9\/t34\/1\/16\/23f0.png\" alt=\"\u23f0\" width=\"16\" height=\"16\" \/><\/span> 20:00 hores \/ <span class=\"html-span xexx8yu x4uap5 x18d9i69 xkhd6sd x1hl2dhg x16tdsg8 x1vvkbs x3nfvp2 x1j61x8r x1fcty0u xdj266r xat24cr xgzva0m xhhsvwb xxymvpz xlup9mm x1kky2od\"><img loading=\"lazy\" decoding=\"async\" class=\"xz74otr x168nmei x13lgxp2 x5pf9jr xo71vjh\" src=\"https:\/\/static.xx.fbcdn.net\/images\/emoji.php\/v9\/t2d\/1\/16\/1f4cd.png\" alt=\"\ud83d\udccd\" width=\"16\" height=\"16\" \/><\/span>Auditoriu Pr\u00edncipe Felipe d&#8217;Uvi\u00e9u \/<\/li>\n<li class=\"html-h3 x11i5rnm xat24cr x1mh8g0r xexx8yu x4uap5 x18d9i69 xkhd6sd x1vvkbs x1heor9g x1qlqyl8 x1pd3egz x1a2a7pz x1gslohp x1yc453h\"><span class=\"html-span xexx8yu x4uap5 x18d9i69 xkhd6sd x1hl2dhg x16tdsg8 x1vvkbs x3nfvp2 x1j61x8r x1fcty0u xdj266r xat24cr xgzva0m xhhsvwb xxymvpz xlup9mm x1kky2od\"><img loading=\"lazy\" decoding=\"async\" class=\"xz74otr x168nmei x13lgxp2 x5pf9jr xo71vjh\" src=\"https:\/\/static.xx.fbcdn.net\/images\/emoji.php\/v9\/t1f\/1\/16\/1f3b6.png\" alt=\"\ud83c\udfb6\" width=\"16\" height=\"16\" \/><\/span> Cola <span class=\"html-span xdj266r x11i5rnm xat24cr x1mh8g0r xexx8yu x4uap5 x18d9i69 xkhd6sd x1hl2dhg x16tdsg8 x1vvkbs\"><a class=\"x1i10hfl xjbqb8w x1ejq31n xd10rxx x1sy0etr x17r0tee x972fbf xcfux6l x1qhh985 xm0m39n x9f619 x1ypdohk xt0psk2 xe8uvvx xdj266r x11i5rnm xat24cr x1mh8g0r xexx8yu x4uap5 x18d9i69 xkhd6sd x16tdsg8 x1hl2dhg xggy1nq x1a2a7pz xkrqix3 x1sur9pj x1fey0fg x1s688f\" role=\"link\" href=\"https:\/\/www.facebook.com\/Bandaateneomieres?__cft__[0]=AZUg03AhSZk2q2cubKUOlNO5_BXb1IfZgk93tGZp-HGbQn_1ZD-7DC8mT5KWsRqkLsefsUdIYfeqBiEyRFGTENh55A-pnziHPZTc9HgBxgbDCf8hIjfcXoCKG5jmszSS8_iddjEjspLXUbleSWXXz6Y3h73MIQ55rEZowUZALYJfoJCfmGp5MGmq_tUzLuORlNMt0OySwe2_Cs22Bb6TUOuPeRZkARB1YZ-Sw7dkYU5B8w&amp;__tn__=-]K-y-R\"><span class=\"xt0psk2\"><span class=\"xjp7ctv\">Banda Sinf\u00f3nica del Ateneo Musical de Mieres<\/span><\/span><\/a><\/span><\/li>\n<\/ul>\n<p><!--more--><\/p>\n<p>La sala principal del Auditoriu Pr\u00edncipe Felipe va acoyer a los ocho de la tarde del s\u00e1badu&#8217;l poema sinf\u00f3nicu \u00ab13 Reis\u00bb compuestu por Y\u00f3natan S\u00e1nchez Santianes\u00a0 y empobinada pol so hermanu I\u00f1aki S\u00e1nchez Santianes. Esti recital va fundir la m\u00fasica sinf\u00f3nica coles gaites dando llugar a un espect\u00e1culu de \u00abenorme vistosid\u00e1 y calid\u00e1\u00bb retratando a los reis asturianos.<\/p>\n<p style=\"text-align: center\"><a href=\"https:\/\/estaticos-cdn.prensaiberica.es\/clip\/7bd08d64-4dda-43eb-8dc2-ebc23fd15a5b_16-9-aspect-ratio_default_0.webp\"><img loading=\"lazy\" decoding=\"async\" class=\"aligncenter size-large\" src=\"https:\/\/estaticos-cdn.prensaiberica.es\/clip\/7bd08d64-4dda-43eb-8dc2-ebc23fd15a5b_16-9-aspect-ratio_default_0.webp\" width=\"880\" height=\"495\" \/><\/a><\/p>\n<p>Mientres l&#8217;eventu va haber, seg\u00fan I\u00f1aki S\u00e1nchez Santianes, un momentu apote\u00f3sicu\u00bb con un centenar de m\u00fasicos sobre l&#8217;escenariu. L&#8217;activid\u00e1 taba prevista que se celebrara a principios de payares; sicas\u00ed, la cat\u00e1strofe ambiental asocedida en Valencia por culpa de la dana oblig\u00f3 a suspender los planes.<\/p>\n<p style=\"text-align: center\"><a href=\"https:\/\/actualidad.asturias.es\/documents\/537115\/2602771\/2025_05_31+Presidente+concierto+13+Reyes+2.jpg\/2ac30f72-cc43-a2ab-b96e-0e7e6bd77445?t=1748716730753\"><img loading=\"lazy\" decoding=\"async\" class=\"aligncenter size-large\" src=\"https:\/\/actualidad.asturias.es\/documents\/537115\/2602771\/2025_05_31+Presidente+concierto+13+Reyes+2.jpg\/2ac30f72-cc43-a2ab-b96e-0e7e6bd77445?t=1748716730753\" width=\"1920\" height=\"1279\" \/><\/a><\/p>\n<p style=\"text-align: left\">El poema sinf\u00f3nicu, con narraci\u00f3n introductoria de cada escena, tresllad\u00e1banos una cronolox\u00eda mon\u00e1rquica de los grandes reis \u00e1stures na que los momentos \u00e9picos y grandilocuentes fixeron rellumar una pieza potente, poderosa, con aires inmersivos nes batalles, y sobremanera bien afechiscamente apurrida tocantes a estilu y arreglos musicales.<\/p>\n<p style=\"text-align: center\"><a href=\"https:\/\/actualidad.asturias.es\/documents\/537115\/2602771\/2025_05_31+Presidente+concierto+13+Reyes+1.jpg\/5df5fdb9-b927-fbe4-82cc-0b8609f31cb4?t=1748716730841\"><img loading=\"lazy\" decoding=\"async\" class=\"aligncenter size-large\" src=\"https:\/\/actualidad.asturias.es\/documents\/537115\/2602771\/2025_05_31+Presidente+concierto+13+Reyes+1.jpg\/5df5fdb9-b927-fbe4-82cc-0b8609f31cb4?t=1748716730841\" width=\"1920\" height=\"1279\" \/><\/a><\/p>\n<\/div>\n<\/div>\n<\/div>\n<\/div>\n<\/div>\n<\/div>\n<\/div>\n<\/div>\n<\/div>\n<\/div>\n<\/div>\n<\/div>\n<\/div>\n<\/div>\n<\/div>\n<\/div>\n<\/div>\n<\/div>\n<\/div>\n<\/div>\n<p>Menci\u00f3n especial tien de recibir la pieza dedicada a la reina que pudo reinar, Menc\u00eda, qu&#8217;el mesmu director I\u00f1aki S\u00e1nchez Santianes dedicar\u00eda a la so f\u00eda de mesmu nome, y qu&#8217;apurri\u00f3 una visi\u00f3n del empoderamiento de la muyer siendo una pieza tami\u00e9n en\u00e9rxica y pimpana, delicada, sicas\u00ed, en ciertos desenvolvimientos mel\u00f3dicos, pero con una conmovedora trescendencia al igual que les dedicaes a los sos compa\u00f1eros reis.<\/p>\n<p style=\"text-align: center\">\n<!-- iframe plugin v.6.0 wordpress.org\/plugins\/iframe\/ -->\n<iframe loading=\"lazy\" src=\"https:\/\/www.facebook.com\/plugins\/video.php?height=316&#038;href=https%3A%2F%2Fwww.facebook.com%2F100063544983559%2Fvideos%2F1080149957292992%2F&#038;show_text=false&#038;width=560&#038;t=0\" width=\"560\" height=\"316\" style=\"border:none;overflow:hidden\" scrolling=\"no\" frameborder=\"0\" allowfullscreen=\"true\" allow=\"autoplay; clipboard-write; encrypted-media; picture-in-picture; web-share\" 0=\"\/iframe\" class=\"iframe-class\"><\/iframe>\n<\/p>\n<p><span class=\"x193iq5w xeuugli x13faqbe x1vvkbs x1xmvt09 x1lliihq x1s928wv xhkezso x1gmr53x x1cpjm7i x1fgarty x1943h6x xudqn12 x3x7a5m x1f6kntn xvq8zen xo1l8bm xzsf02u\" dir=\"auto\">Para finalizar el conciertu \u201c13 REYES\u201d <span class=\"html-span xdj266r x14z9mp xat24cr x1lziwak xexx8yu xyri2b x18d9i69 x1c1uobl x1hl2dhg x16tdsg8 x1vvkbs\"><a class=\"x1i10hfl xjbqb8w x1ejq31n x18oe1m7 x1sy0etr xstzfhl x972fbf x10w94by x1qhh985 x14e42zd x9f619 x1ypdohk xt0psk2 xe8uvvx xdj266r x14z9mp xat24cr x1lziwak xexx8yu xyri2b x18d9i69 x1c1uobl x16tdsg8 x1hl2dhg xggy1nq x1a2a7pz xkrqix3 x1sur9pj xzsf02u x1s688f\" role=\"link\" href=\"https:\/\/www.facebook.com\/profile.php?id=100063544983559&amp;__cft__[0]=AZVquRd32ATygzPOq2KG0n6pcpwXZ1Gpj8flzJ6rwLfdGY-wb3W_0h75XIw_0TA9QVlNerHBPQy_1ZWJObD7Z7_HqCFNLxKqfX4nSjT6oJCTQGCpws8zcd_rPrcLyq21Itu9udyLb_bAg1lLo0MgNrnzuPxk4unY7GAFwv1FCPL5NesHvdR6osZPZLOoWyUxHYvxO9241_TikootZ_yLp6vGeacF4gnXbQYWVBOUPiMuog&amp;__tn__=-]K-R\">La Laguna del Torollu<\/a><\/span> &amp; <span class=\"html-span xdj266r x14z9mp xat24cr x1lziwak xexx8yu xyri2b x18d9i69 x1c1uobl x1hl2dhg x16tdsg8 x1vvkbs\"><a class=\"x1i10hfl xjbqb8w x1ejq31n x18oe1m7 x1sy0etr xstzfhl x972fbf x10w94by x1qhh985 x14e42zd x9f619 x1ypdohk xt0psk2 xe8uvvx xdj266r x14z9mp xat24cr x1lziwak xexx8yu xyri2b x18d9i69 x1c1uobl x16tdsg8 x1hl2dhg xggy1nq x1a2a7pz xkrqix3 x1sur9pj xzsf02u x1s688f\" role=\"link\" href=\"https:\/\/www.facebook.com\/Bandaateneomieres?__cft__[0]=AZVquRd32ATygzPOq2KG0n6pcpwXZ1Gpj8flzJ6rwLfdGY-wb3W_0h75XIw_0TA9QVlNerHBPQy_1ZWJObD7Z7_HqCFNLxKqfX4nSjT6oJCTQGCpws8zcd_rPrcLyq21Itu9udyLb_bAg1lLo0MgNrnzuPxk4unY7GAFwv1FCPL5NesHvdR6osZPZLOoWyUxHYvxO9241_TikootZ_yLp6vGeacF4gnXbQYWVBOUPiMuog&amp;__tn__=-]K-R\">Banda Sinf\u00f3nica del Ateneo Musical de Mieres<\/a><\/span> interpretamos \u201cAsturies Patria Querida\u201d bas\u00e1ndonos na partitura qu&#8217;aparez na Llei 1\/1984, de 27 d&#8217;abril, que estableci\u00f3 l&#8217;Himnu del <span class=\"html-span xdj266r x14z9mp xat24cr x1lziwak xexx8yu xyri2b x18d9i69 x1c1uobl x1hl2dhg x16tdsg8 x1vvkbs\"><a class=\"x1i10hfl xjbqb8w x1ejq31n x18oe1m7 x1sy0etr xstzfhl x972fbf x10w94by x1qhh985 x14e42zd x9f619 x1ypdohk xt0psk2 xe8uvvx xdj266r x14z9mp xat24cr x1lziwak xexx8yu xyri2b x18d9i69 x1c1uobl x16tdsg8 x1hl2dhg xggy1nq x1a2a7pz xkrqix3 x1sur9pj xzsf02u x1s688f\" role=\"link\" href=\"https:\/\/www.facebook.com\/gobiernodeasturias?__cft__[0]=AZVquRd32ATygzPOq2KG0n6pcpwXZ1Gpj8flzJ6rwLfdGY-wb3W_0h75XIw_0TA9QVlNerHBPQy_1ZWJObD7Z7_HqCFNLxKqfX4nSjT6oJCTQGCpws8zcd_rPrcLyq21Itu9udyLb_bAg1lLo0MgNrnzuPxk4unY7GAFwv1FCPL5NesHvdR6osZPZLOoWyUxHYvxO9241_TikootZ_yLp6vGeacF4gnXbQYWVBOUPiMuog&amp;__tn__=-]K-R\">Princip\u00e1u d&#8217;asturies<\/a><\/span> y regul\u00f3&#8217;l so uso.<\/span><\/p>\n","protected":false},"excerpt":{"rendered":"<p>La Banda Sinf\u00f3nica del Aten\u00e9u Musical de Mieres y la de Gaites La Llaguna del Torollu encandilen al p\u00fablicu cola obra de S\u00e1nchez Santianes. LNE \/ La Laguna del Torollu 31 de mayu de 2025 \/ 20:00 hores \/ Auditoriu Pr\u00edncipe Felipe d&#8217;Uvi\u00e9u \/ Cola Banda Sinf\u00f3nica del Ateneo Musical de Mieres<\/p>\n","protected":false},"author":117,"featured_media":0,"comment_status":"open","ping_status":"open","sticky":false,"template":"","format":"standard","meta":{"footnotes":""},"categories":[35,39],"tags":[],"class_list":["post-49073","post","type-post","status-publish","format-standard","hentry","category-musica","category-poesia"],"_links":{"self":[{"href":"https:\/\/edublog.educastur.es\/ixuxu\/wp-json\/wp\/v2\/posts\/49073","targetHints":{"allow":["GET"]}}],"collection":[{"href":"https:\/\/edublog.educastur.es\/ixuxu\/wp-json\/wp\/v2\/posts"}],"about":[{"href":"https:\/\/edublog.educastur.es\/ixuxu\/wp-json\/wp\/v2\/types\/post"}],"author":[{"embeddable":true,"href":"https:\/\/edublog.educastur.es\/ixuxu\/wp-json\/wp\/v2\/users\/117"}],"replies":[{"embeddable":true,"href":"https:\/\/edublog.educastur.es\/ixuxu\/wp-json\/wp\/v2\/comments?post=49073"}],"version-history":[{"count":8,"href":"https:\/\/edublog.educastur.es\/ixuxu\/wp-json\/wp\/v2\/posts\/49073\/revisions"}],"predecessor-version":[{"id":50344,"href":"https:\/\/edublog.educastur.es\/ixuxu\/wp-json\/wp\/v2\/posts\/49073\/revisions\/50344"}],"wp:attachment":[{"href":"https:\/\/edublog.educastur.es\/ixuxu\/wp-json\/wp\/v2\/media?parent=49073"}],"wp:term":[{"taxonomy":"category","embeddable":true,"href":"https:\/\/edublog.educastur.es\/ixuxu\/wp-json\/wp\/v2\/categories?post=49073"},{"taxonomy":"post_tag","embeddable":true,"href":"https:\/\/edublog.educastur.es\/ixuxu\/wp-json\/wp\/v2\/tags?post=49073"}],"curies":[{"name":"wp","href":"https:\/\/api.w.org\/{rel}","templated":true}]}}