{"id":49107,"date":"2025-05-21T08:30:35","date_gmt":"2025-05-21T06:30:35","guid":{"rendered":"https:\/\/edublog.educastur.es\/ixuxu\/?p=49107"},"modified":"2025-05-21T09:18:03","modified_gmt":"2025-05-21T07:18:03","slug":"tiempu-nasturies-el-comercio-17","status":"publish","type":"post","link":"https:\/\/edublog.educastur.es\/ixuxu\/2025\/05\/tiempu-nasturies-el-comercio-17\/","title":{"rendered":"Tiempu n&#8217;Asturies (El Comercio)"},"content":{"rendered":"<p style=\"text-align: center\"><a href=\"https:\/\/s1.ppllstatics.com\/elcomercio\/www\/multimedia\/2025\/05\/20\/tiempo-asturias-miercoles-21-mayo-k0DI-U2301404163085IHH-1200x840@El%20Comercio.jpg\"><img loading=\"lazy\" decoding=\"async\" class=\"aligncenter size-large\" src=\"https:\/\/s1.ppllstatics.com\/elcomercio\/www\/multimedia\/2025\/05\/20\/tiempo-asturias-miercoles-21-mayo-k0DI-U2301404163085IHH-1200x840@El%20Comercio.jpg\" width=\"1200\" height=\"840\" \/><\/a><\/p>\n<p>Esperamos un d\u00eda marc\u00e1u pola nubosid\u00e1 en pr\u00e1cticamente tola rex\u00f3n. Estos<strong> cielos nublos<\/strong> nun van dexar apenes precipitaciones. S\u00eda que non, a lo sumo, podr\u00eda escapase dalguna gota insignificante escontra l&#8217;oriente en dalg\u00fan momentu puntual. <strong>Los vientos<\/strong> van ser fluexos nel interior y moderaos na mari\u00f1a predominando de noroeste. <strong>Les temperatures m\u00e1ximes<\/strong> van baxar de forma xeneralizada hasta 3 o 4 \u00baC menos que les anotaes a les del martes. Nam\u00e1, nel suroccidente, zones altes del cordal, y estremu m\u00e1s oriental podr\u00eden caltenese ensin munchos cambeos. <strong>Les m\u00ednimes<\/strong> nun van esperimentar grandes variaciones.<\/p>\n<p><!--more--><\/p>\n<p><strong>El xueves<\/strong> prevese nubosid\u00e1 y, nesti casu, les nubes s\u00ed que van dexar precipitaciones anque, en principiu, nun van llegar a toa Asturies. La met\u00e1 norte polo xeneral, y especialmente el sector oriental, van ser les zones m\u00e1s afectaes poles ag\u00fces. Estes precipitaciones van entrar pola mari\u00f1a a lo llargo de la ma\u00f1ana y van unviar mientres la tarde. Tiempu m\u00e1s estable vamos tener el vienres y el s\u00e1badu, xornaes nes qu&#8217;am\u00e1s van xubir les temperatures.<\/p>\n","protected":false},"excerpt":{"rendered":"<p>Esperamos un d\u00eda marc\u00e1u pola nubosid\u00e1 en pr\u00e1cticamente tola rex\u00f3n. Estos cielos nublos nun van dexar apenes precipitaciones. S\u00eda que non, a lo sumo, podr\u00eda escapase dalguna gota insignificante escontra l&#8217;oriente en dalg\u00fan momentu puntual. Los vientos van ser fluexos nel interior y moderaos na mari\u00f1a predominando de noroeste. Les temperatures m\u00e1ximes van baxar de [&hellip;]<\/p>\n","protected":false},"author":117,"featured_media":0,"comment_status":"open","ping_status":"open","sticky":false,"template":"","format":"standard","meta":{"footnotes":""},"categories":[1,5],"tags":[],"class_list":["post-49107","post","type-post","status-publish","format-standard","hentry","category-sin-categoria","category-tiempu"],"_links":{"self":[{"href":"https:\/\/edublog.educastur.es\/ixuxu\/wp-json\/wp\/v2\/posts\/49107","targetHints":{"allow":["GET"]}}],"collection":[{"href":"https:\/\/edublog.educastur.es\/ixuxu\/wp-json\/wp\/v2\/posts"}],"about":[{"href":"https:\/\/edublog.educastur.es\/ixuxu\/wp-json\/wp\/v2\/types\/post"}],"author":[{"embeddable":true,"href":"https:\/\/edublog.educastur.es\/ixuxu\/wp-json\/wp\/v2\/users\/117"}],"replies":[{"embeddable":true,"href":"https:\/\/edublog.educastur.es\/ixuxu\/wp-json\/wp\/v2\/comments?post=49107"}],"version-history":[{"count":1,"href":"https:\/\/edublog.educastur.es\/ixuxu\/wp-json\/wp\/v2\/posts\/49107\/revisions"}],"predecessor-version":[{"id":49108,"href":"https:\/\/edublog.educastur.es\/ixuxu\/wp-json\/wp\/v2\/posts\/49107\/revisions\/49108"}],"wp:attachment":[{"href":"https:\/\/edublog.educastur.es\/ixuxu\/wp-json\/wp\/v2\/media?parent=49107"}],"wp:term":[{"taxonomy":"category","embeddable":true,"href":"https:\/\/edublog.educastur.es\/ixuxu\/wp-json\/wp\/v2\/categories?post=49107"},{"taxonomy":"post_tag","embeddable":true,"href":"https:\/\/edublog.educastur.es\/ixuxu\/wp-json\/wp\/v2\/tags?post=49107"}],"curies":[{"name":"wp","href":"https:\/\/api.w.org\/{rel}","templated":true}]}}