{"id":49109,"date":"2025-05-21T08:20:54","date_gmt":"2025-05-21T06:20:54","guid":{"rendered":"https:\/\/edublog.educastur.es\/ixuxu\/?p=49109"},"modified":"2025-05-21T09:34:49","modified_gmt":"2025-05-21T07:34:49","slug":"estau-del-tiempu-miercoles-21-mayu","status":"publish","type":"post","link":"https:\/\/edublog.educastur.es\/ixuxu\/2025\/05\/estau-del-tiempu-miercoles-21-mayu\/","title":{"rendered":"Est\u00e1u del tiempu: mi\u00e9rcoles 21 mayu"},"content":{"rendered":"<div class=\"html-div xdj266r x11i5rnm xat24cr x1mh8g0r xexx8yu x4uap5 x18d9i69 xkhd6sd x1iyjqo2 xeuugli\">\n<div class=\"x78zum5 xdt5ytf xz62fqu x16ldp7u\">\n<div class=\"xu06os2 x1ok221b\">\n<div class=\"html-div xdj266r x11i5rnm xat24cr x1mh8g0r xexx8yu x4uap5 x18d9i69 xkhd6sd\" data-ad-rendering-role=\"profile_name\">\n<ul>\n<li id=\"\u00abr70\u00bb\" class=\"html-h2 x11i5rnm xat24cr x1mh8g0r xexx8yu x4uap5 x18d9i69 xkhd6sd x1vvkbs x1heor9g x1qlqyl8 x1pd3egz x1a2a7pz x1gslohp x1yc453h\"><span class=\"xt0psk2\"><span class=\"xjp7ctv\"><a class=\"x1i10hfl xjbqb8w x1ejq31n xd10rxx x1sy0etr x17r0tee x972fbf xcfux6l x1qhh985 xm0m39n x9f619 x1ypdohk xt0psk2 xe8uvvx xdj266r x11i5rnm xat24cr x1mh8g0r xexx8yu x4uap5 x18d9i69 xkhd6sd x16tdsg8 x1hl2dhg xggy1nq x1a2a7pz xkrqix3 x1sur9pj xzsf02u x1s688f\" role=\"link\" href=\"https:\/\/www.facebook.com\/eltiempuenasturies?__cft__[0]=AZV9TS31hj9LwfllhLj4ETxhfhgAiqoX4xays6lQxTfYffv4xtbaNK3Tw49jdheKPAWhEqt59GnCJOeYg4LFpfm7b4EwGyKDOesI74o7z_8P6nZDa6xpjD3ziAxkGmXRGEQ5aAk-FdqiJhxhaudRK-YyMzhtvlgjjBXlNnsYbk9_NjcyjSSEnSMedk7DyIJil7xx1eFCLN6vVzMd9MhoIEA8&amp;__tn__=-UC%2CP-R\"><strong class=\"html-strong xdj266r x11i5rnm xat24cr x1mh8g0r xexx8yu x4uap5 x18d9i69 xkhd6sd x1hl2dhg x16tdsg8 x1vvkbs x1s688f\"><span class=\"html-span xdj266r x11i5rnm xat24cr x1mh8g0r xexx8yu x4uap5 x18d9i69 xkhd6sd x1hl2dhg x16tdsg8 x1vvkbs\">El Tiempu n&#8217;Asturies.<\/span><\/strong><\/a><\/span><\/span><\/li>\n<\/ul>\n<\/div>\n<\/div>\n<\/div>\n<\/div>\n<div class=\"html-div xdj266r x11i5rnm xat24cr x1mh8g0r xexx8yu x4uap5 x18d9i69 xkhd6sd\" dir=\"auto\">\n<div class=\"html-div xdj266r x11i5rnm xat24cr x1mh8g0r xexx8yu x4uap5 x18d9i69 xkhd6sd\" data-ad-rendering-role=\"story_message\">\n<div id=\"\u00abr72\u00bb\" class=\"x1l90r2v x1iorvi4 x1ye3gou xn6708d\" data-ad-comet-preview=\"message\" data-ad-preview=\"message\">\n<div class=\"x78zum5 xdt5ytf xz62fqu x16ldp7u\">\n<div class=\"xu06os2 x1ok221b\">\n<div class=\"x11i5rnm xat24cr x1mh8g0r x1vvkbs xtlvy1s x126k92a\">\n<ul>\n<li dir=\"auto\"><span style=\"color: #008080\"><strong>Alborecemos<\/strong><\/span> con escasa nubosid\u00e1, sicas\u00ed hai dalg\u00fan estrato na fastera central asturiana con unes temperatures que tan alrodiu de los 13\u00baC, rexistr\u00e1ndose nel puirtu Payares 6,1\u00baC.<\/li>\n<\/ul>\n<\/div>\n<div class=\"x11i5rnm xat24cr x1mh8g0r x1vvkbs xtlvy1s x126k92a\">\n<ul>\n<li dir=\"auto\"><span style=\"color: #008080\"><strong>G\u00fcei<\/strong><\/span> vamos tener un aumentu de la nubosid\u00e1 baxa o estratificada que mos dexar\u00e1&#8217;l d\u00eda nuble con unes temperatures que camudar\u00e1n poco, calteni\u00e9ndose un ambiente suave con m\u00e1simes que malpenes algamar\u00e1n los 20\u00baC. L&#8217;aire sedr\u00e1 de componente norte con dalguna racha moderada nel llitoral y zones espuestes.<\/li>\n<\/ul>\n<p><!--more--><\/p>\n<\/div>\n<div class=\"x11i5rnm xat24cr x1mh8g0r x1vvkbs xtlvy1s x126k92a\">\n<ul>\n<li dir=\"auto\"><span style=\"color: #008080\"><strong>Ma\u00f1ana xueves<\/strong><\/span> vamos tener un d\u00eda mui asemey\u00e1u con nubosid\u00e1 estratificada na mayor parte d&#8217;Asturies, salv\u00e1ndose como ye vezu les cumes de la cordelera y la fastera m\u00e1s surocidental d&#8217;Asturies. Les temperatures camudar\u00e1n poco y l&#8217;aire sedr\u00e1 del norte con dalguna racha moderada na costa y zones altes.<\/li>\n<\/ul>\n<\/div>\n<div class=\"x11i5rnm xat24cr x1mh8g0r x1vvkbs xtlvy1s x126k92a\">\n<ul>\n<li dir=\"auto\"><strong><span style=\"color: #008080\">El vienres<\/span><\/strong> escamplar\u00e1 ya tendremos un d\u00eda perguapu y soleyeru pero sin pasar calor con temperatures m\u00e1simes que tar\u00e1n alrodiu de los 20\u00baC con vientu del norte-nord\u00e9s que volver\u00e1 a ser cafiante nel llitoral y zones espuestes.<\/li>\n<\/ul>\n<\/div>\n<div class=\"x11i5rnm xat24cr x1mh8g0r x1vvkbs xtlvy1s x126k92a\">\n<ul>\n<li dir=\"auto\"><strong><span style=\"color: #008080\">El s\u00e1badu y domingu<\/span> <\/strong>paez que subir\u00e1n dalgo les temperatures y nel cielu tendremos dalg\u00fan intervalu de nubosid\u00e1 estratificada entemecida ente grandes claros o abancios, tando m\u00e1s escampl\u00e1u hacia la cordelera y fastera m\u00e1s surocidental d&#8217;Asturies.<\/li>\n<\/ul>\n<\/div>\n<\/div>\n<\/div>\n<\/div>\n<\/div>\n<\/div>\n<p>&nbsp;<\/p>\n<p>&nbsp;<\/p>\n","protected":false},"excerpt":{"rendered":"<p>El Tiempu n&#8217;Asturies. Alborecemos con escasa nubosid\u00e1, sicas\u00ed hai dalg\u00fan estrato na fastera central asturiana con unes temperatures que tan alrodiu de los 13\u00baC, rexistr\u00e1ndose nel puirtu Payares 6,1\u00baC. G\u00fcei vamos tener un aumentu de la nubosid\u00e1 baxa o estratificada que mos dexar\u00e1&#8217;l d\u00eda nuble con unes temperatures que camudar\u00e1n poco, calteni\u00e9ndose un ambiente suave [&hellip;]<\/p>\n","protected":false},"author":117,"featured_media":0,"comment_status":"open","ping_status":"open","sticky":false,"template":"","format":"standard","meta":{"footnotes":""},"categories":[5],"tags":[],"class_list":["post-49109","post","type-post","status-publish","format-standard","hentry","category-tiempu"],"_links":{"self":[{"href":"https:\/\/edublog.educastur.es\/ixuxu\/wp-json\/wp\/v2\/posts\/49109","targetHints":{"allow":["GET"]}}],"collection":[{"href":"https:\/\/edublog.educastur.es\/ixuxu\/wp-json\/wp\/v2\/posts"}],"about":[{"href":"https:\/\/edublog.educastur.es\/ixuxu\/wp-json\/wp\/v2\/types\/post"}],"author":[{"embeddable":true,"href":"https:\/\/edublog.educastur.es\/ixuxu\/wp-json\/wp\/v2\/users\/117"}],"replies":[{"embeddable":true,"href":"https:\/\/edublog.educastur.es\/ixuxu\/wp-json\/wp\/v2\/comments?post=49109"}],"version-history":[{"count":2,"href":"https:\/\/edublog.educastur.es\/ixuxu\/wp-json\/wp\/v2\/posts\/49109\/revisions"}],"predecessor-version":[{"id":49111,"href":"https:\/\/edublog.educastur.es\/ixuxu\/wp-json\/wp\/v2\/posts\/49109\/revisions\/49111"}],"wp:attachment":[{"href":"https:\/\/edublog.educastur.es\/ixuxu\/wp-json\/wp\/v2\/media?parent=49109"}],"wp:term":[{"taxonomy":"category","embeddable":true,"href":"https:\/\/edublog.educastur.es\/ixuxu\/wp-json\/wp\/v2\/categories?post=49109"},{"taxonomy":"post_tag","embeddable":true,"href":"https:\/\/edublog.educastur.es\/ixuxu\/wp-json\/wp\/v2\/tags?post=49109"}],"curies":[{"name":"wp","href":"https:\/\/api.w.org\/{rel}","templated":true}]}}