{"id":49124,"date":"2025-05-21T09:00:50","date_gmt":"2025-05-21T07:00:50","guid":{"rendered":"https:\/\/edublog.educastur.es\/ixuxu\/?p=49124"},"modified":"2025-05-21T10:32:32","modified_gmt":"2025-05-21T08:32:32","slug":"dia-mundial-de-la-diversida-cultural-paral-dialogu-y-el-desenvolvimientu","status":"publish","type":"post","link":"https:\/\/edublog.educastur.es\/ixuxu\/2025\/05\/dia-mundial-de-la-diversida-cultural-paral-dialogu-y-el-desenvolvimientu\/","title":{"rendered":"D\u00eda Mundial de la Diversid\u00e1 Cultural para&#8217;l Di\u00e1logu y el Desenvolvimientu."},"content":{"rendered":"<p style=\"text-align: center\"><a href=\"https:\/\/fundacionaon.es\/wp-content\/uploads\/2017\/05\/20170519AONBLOG1.jpg\"><img loading=\"lazy\" decoding=\"async\" class=\"aligncenter \" src=\"https:\/\/fundacionaon.es\/wp-content\/uploads\/2017\/05\/20170519AONBLOG1.jpg\" width=\"490\" height=\"287\" \/><\/a><\/p>\n<p>L&#8217;Asamblea Xeneral de les Naciones Xun\u00edes declar\u00f3&#8217;l 21 de mayu como&#8217;l D\u00eda Mundial de la Diversid\u00e1 Cultural para&#8217;l Di\u00e1logu y el Desenvolvimientu. <a href=\"https:\/\/www.un.org\/es\/observances\/cultural-diversity-day\">ONU<\/a><\/p>\n<p><!--more--><\/p>\n<p>La celebraci\u00f3n del D\u00eda Mundial de la Diversid\u00e1 Cultural para&#8217;l Di\u00e1logu y el Desenvolvimientu, entamada pola UNESCO cada 21 de mayu, <strong>destaca non solo la riqueza de les cultures del mundu, sin\u00f3n tami\u00e9n el papel esencial del di\u00e1logu intercultural para llograr la paz y el desenvolvimientu sostenible<\/strong>, seg\u00fan la so val\u00eda econ\u00f3mica, y\u00e1 que representa&#8217;l 3,1% del PIB y el 6,2% del empl\u00e9u a nivel mundial.<\/p>\n<p>Cuidao que el<strong> 89% de los conflictos actuales nel mundu prod\u00facense en pa\u00edses con escasu di\u00e1logu intercultural<\/strong>, para forxar una cooperaci\u00f3n eficaz y caltener la paz tien de ser prioritariu reforzar el di\u00e1logu intercultural. Por ese motivu, ye fundamental reforzar el di\u00e1logu intercultural para forxar una cooperaci\u00f3n eficaz y caltener la paz.<\/p>\n<p>Seg\u00fan datos de la UNESCO, el sector cultural y creativo ye unu de los motores de desenvolvimientu m\u00e1s potentes del mundu. Supon m\u00e1s de 48 millones de puestos de trabayu en tol mundu \u2014casi la met\u00e1 d&#8217;ellos ocupaos por muyeres\u2014, lo que representa&#8217;l 6,2% de too l&#8217;empl\u00e9u esistente y el 3,1% del PIB mundial. Tami\u00e9n ye&#8217;l sector qu&#8217;emplega y brinda oportunidaes al mayor n\u00famberu de mozos menores de 30 a\u00f1os.<\/p>\n<p>Sicas\u00ed, el sector cultural y creativo ent\u00e1 nun ocupa&#8217;l llugar que merez nes pol\u00edtiques p\u00fabliques y la cooperaci\u00f3n internacional.<\/p>\n","protected":false},"excerpt":{"rendered":"<p>L&#8217;Asamblea Xeneral de les Naciones Xun\u00edes declar\u00f3&#8217;l 21 de mayu como&#8217;l D\u00eda Mundial de la Diversid\u00e1 Cultural para&#8217;l Di\u00e1logu y el Desenvolvimientu. ONU<\/p>\n","protected":false},"author":117,"featured_media":0,"comment_status":"open","ping_status":"open","sticky":false,"template":"","format":"standard","meta":{"footnotes":""},"categories":[6],"tags":[],"class_list":["post-49124","post","type-post","status-publish","format-standard","hentry","category-dia-de"],"_links":{"self":[{"href":"https:\/\/edublog.educastur.es\/ixuxu\/wp-json\/wp\/v2\/posts\/49124","targetHints":{"allow":["GET"]}}],"collection":[{"href":"https:\/\/edublog.educastur.es\/ixuxu\/wp-json\/wp\/v2\/posts"}],"about":[{"href":"https:\/\/edublog.educastur.es\/ixuxu\/wp-json\/wp\/v2\/types\/post"}],"author":[{"embeddable":true,"href":"https:\/\/edublog.educastur.es\/ixuxu\/wp-json\/wp\/v2\/users\/117"}],"replies":[{"embeddable":true,"href":"https:\/\/edublog.educastur.es\/ixuxu\/wp-json\/wp\/v2\/comments?post=49124"}],"version-history":[{"count":1,"href":"https:\/\/edublog.educastur.es\/ixuxu\/wp-json\/wp\/v2\/posts\/49124\/revisions"}],"predecessor-version":[{"id":49125,"href":"https:\/\/edublog.educastur.es\/ixuxu\/wp-json\/wp\/v2\/posts\/49124\/revisions\/49125"}],"wp:attachment":[{"href":"https:\/\/edublog.educastur.es\/ixuxu\/wp-json\/wp\/v2\/media?parent=49124"}],"wp:term":[{"taxonomy":"category","embeddable":true,"href":"https:\/\/edublog.educastur.es\/ixuxu\/wp-json\/wp\/v2\/categories?post=49124"},{"taxonomy":"post_tag","embeddable":true,"href":"https:\/\/edublog.educastur.es\/ixuxu\/wp-json\/wp\/v2\/tags?post=49124"}],"curies":[{"name":"wp","href":"https:\/\/api.w.org\/{rel}","templated":true}]}}