{"id":49145,"date":"2025-05-21T13:41:59","date_gmt":"2025-05-21T11:41:59","guid":{"rendered":"https:\/\/edublog.educastur.es\/ixuxu\/?p=49145"},"modified":"2025-05-21T20:57:25","modified_gmt":"2025-05-21T18:57:25","slug":"musica-folk-en-palaciu-de-villanueva-grau","status":"publish","type":"post","link":"https:\/\/edublog.educastur.es\/ixuxu\/2025\/05\/musica-folk-en-palaciu-de-villanueva-grau\/","title":{"rendered":"M\u00fasica Folk en Palaciu de Villanueva, Grau"},"content":{"rendered":"<div class=\"html-div xdj266r xat24cr x1mh8g0r xexx8yu x4uap5 x18d9i69 xkhd6sd x78zum5 x2lah0s xqtp20y x1emribx\">\n<div class=\"x1vqgdyp x100vrsf\">\n<div class=\"\" style=\"text-align: center\"><a href=\"https:\/\/musicasturiana.com\/wp-content\/uploads\/2025\/05\/culrural-folk-en-palaciu.jpeg\"><img loading=\"lazy\" decoding=\"async\" class=\"aligncenter \" src=\"https:\/\/musicasturiana.com\/wp-content\/uploads\/2025\/05\/culrural-folk-en-palaciu.jpeg\" width=\"589\" height=\"736\" \/><\/a><\/div>\n<\/div>\n<\/div>\n<div class=\"x1iyjqo2\">\n<div class=\"x78zum5 xdt5ytf xz62fqu x16ldp7u\">\n<div class=\"xu06os2 x1ok221b\">\n<div class=\"x1gslohp\">\n<ul>\n<li class=\"html-h2 x11i5rnm xat24cr x1mh8g0r xexx8yu x4uap5 x18d9i69 xkhd6sd x1vvkbs x1heor9g x1qlqyl8 x1pd3egz x1a2a7pz x1gslohp\"><span class=\"x193iq5w xeuugli x13faqbe x1vvkbs x1xmvt09 x1f6kntn xvq8zen xo1l8bm xi81zsa\"><span class=\"xt0psk2\"><span class=\"xjp7ctv\"><a class=\"x1i10hfl xjbqb8w x1ejq31n xd10rxx x1sy0etr x17r0tee x972fbf xcfux6l x1qhh985 xm0m39n x9f619 x1ypdohk xt0psk2 xe8uvvx xdj266r x11i5rnm xat24cr x1mh8g0r xexx8yu x4uap5 x18d9i69 xkhd6sd x16tdsg8 x1hl2dhg xggy1nq x1a2a7pz xkrqix3 x1sur9pj xzsf02u x1s688f\" role=\"link\" href=\"https:\/\/www.facebook.com\/monteavaro?__cft__[0]=AZUfE_96LHnLJaKYLAI1n_WqrtwoTh7hoxw4s6WdXYVtZ2aGGpVlKJPiMCrNcW5sGa0VrvdHb-rNBkgjJU6kXvsXDz5a_gBBuU2U8WVuRNRFnloRr7TfWF_2X9k7NacY2yGpO5o7rN8jbM1nxBnunOLY03IClMn5LxAFKZJnXF9KW8Vol_6VuoBXHHDd2LzTC0BOsKVBk6AQIVChWvIspVBu&amp;__tn__=-UC*F\">Miguel Rodr\u00edguez Monteavaro<\/a><\/span><\/span><\/span><\/li>\n<li class=\"html-h2 x11i5rnm xat24cr x1mh8g0r xexx8yu x4uap5 x18d9i69 xkhd6sd x1vvkbs x1heor9g x1qlqyl8 x1pd3egz x1a2a7pz x1gslohp\"><span class=\"x193iq5w xeuugli x13faqbe x1vvkbs x1xmvt09 x1lliihq x1s928wv xhkezso x1gmr53x x1cpjm7i x1fgarty x1943h6x xudqn12 x3x7a5m x1f6kntn xvq8zen xo1l8bm xzsf02u\" dir=\"auto\"><span style=\"color: #000000\"><a href=\"https:\/\/musicasturiana.com\/wp-content\/uploads\/2025\/05\/culrural-folk-en-palaciu.jpeg\">Cartelu<\/a> \/ Sabado 24 de maio, 19,30h, Torre de Villanueva, Grau. <\/span>\/<\/span><span class=\"x193iq5w xeuugli x13faqbe x1vvkbs x1xmvt09 x1lliihq x1s928wv xhkezso x1gmr53x x1cpjm7i x1fgarty x1943h6x xudqn12 x3x7a5m x1f6kntn xvq8zen xo1l8bm xzsf02u\" dir=\"auto\"><strong class=\"html-strong xdj266r x11i5rnm xat24cr x1mh8g0r xexx8yu x4uap5 x18d9i69 xkhd6sd x1hl2dhg x16tdsg8 x1vvkbs x1s688f\"><span class=\"html-span xdj266r x11i5rnm xat24cr x1mh8g0r xexx8yu x4uap5 x18d9i69 xkhd6sd x1hl2dhg x16tdsg8 x1vvkbs\"><a class=\"x1i10hfl xjbqb8w x1ejq31n xd10rxx x1sy0etr x17r0tee x972fbf xcfux6l x1qhh985 xm0m39n x9f619 x1ypdohk xt0psk2 xe8uvvx xdj266r x11i5rnm xat24cr x1mh8g0r xexx8yu x4uap5 x18d9i69 xkhd6sd x16tdsg8 x1hl2dhg xggy1nq x1a2a7pz xkrqix3 x1sur9pj xzsf02u x1s688f\" role=\"link\" href=\"https:\/\/www.facebook.com\/Torre-de-Villanueva-214037455465936\/?__cft__[0]=AZUfE_96LHnLJaKYLAI1n_WqrtwoTh7hoxw4s6WdXYVtZ2aGGpVlKJPiMCrNcW5sGa0VrvdHb-rNBkgjJU6kXvsXDz5a_gBBuU2U8WVuRNRFnloRr7TfWF_2X9k7NacY2yGpO5o7rN8jbM1nxBnunOLY03IClMn5LxAFKZJnXF9KW8Vol_6VuoBXHHDd2LzTC0BOsKVBk6AQIVChWvIspVBu&amp;__tn__=kC*F\"><span class=\"xt0psk2\"><span class=\"xjp7ctv\">Torre de Villanueva<\/span><\/span><\/a><\/span><\/strong>.<\/span><\/li>\n<\/ul>\n<p><!--more--><\/p>\n<p>Esti<strong>\u00a0s\u00e1badu 24<\/strong>\u00a0de mayu les formaciones de m\u00fasica tradicional<strong>\u00a0Amb\u00e1s ya Rams\u00e9s<\/strong>\u00a0y<strong>\u00a0Caldo y Os Rabizos<\/strong>\u00a0van dar un conciertu nun espaciu \u00fanicu: una construcci\u00f3n de la<strong>\u00a0baxa Ed\u00e1 Media<\/strong>. El\u00a0<strong>palaciu torre de Villanueva<\/strong>, en Grau, acueye esta actuaci\u00f3n a les 19.30h y con entrada de baldre. L\u2019eventu forma parte del programa del\u00a0<strong>Ayuntamientu de Grau<\/strong>\u00a0-a travi\u00e9s de la so conceyal\u00eda de Cultura-\u00a0<strong>Culrural<\/strong>, una iniciativa pa llevar les\u00a0<strong>artes esc\u00e9niques y musicales al mediu rural\u00a0<\/strong>y cunta col sofitu de l\u2019AAVV Villanueva de Grau. D\u2019esta manera, el conceyu puxa por esparder la m\u00fasica\u2019l pa\u00eds usandoa la par<strong>\u00a0espacios del patrimoniu arquitect\u00f3nicu\u00a0<\/strong>asturianu.<\/p>\n<\/div>\n<p style=\"text-align: center\">\n<!-- iframe plugin v.6.0 wordpress.org\/plugins\/iframe\/ -->\n<iframe style=\"border-radius:12px\" src=\"https:\/\/open.spotify.com\/embed\/artist\/1Ky6vMZF8nJsRMlCU45XIy?utm_source=generator\" width=\"100%\" height=\"352\" frameborder=\"0\" allowfullscreen allow=\"autoplay; clipboard-write; encrypted-media; fullscreen; picture-in-picture\" loading=\"lazy\" 0=\"\/iframe\" scrolling=\"yes\" class=\"iframe-class\"><\/iframe>\n<\/p>\n<p style=\"text-align: center\"><a href=\"https:\/\/musicasturiana.com\/wp-content\/uploads\/2021\/03\/caldoyosrabizos-amusicatradicional-2.jpg\"><img loading=\"lazy\" decoding=\"async\" class=\"aligncenter size-large\" src=\"https:\/\/musicasturiana.com\/wp-content\/uploads\/2021\/03\/caldoyosrabizos-amusicatradicional-2.jpg\" width=\"500\" height=\"500\" \/><\/a><\/p>\n<ul>\n<li class=\"wp-block-post-title\"><a href=\"https:\/\/musicasturiana.com\/producto\/caldo-y-os-rabizos-llibru-cd-a-musica-tradicional-del-eo-navia\/\" target=\"_self\" rel=\"noopener\">CALDO Y OS RABIZOS \u2013 Llibru + CD \u2018A M\u00fasica Tradicional del Eo-Navia\u2019<\/a> 15,00<span class=\"woocommerce-Price-currencySymbol\">\u20ac<\/span><\/li>\n<\/ul>\n<div class=\"wp-block-woocommerce-product-summary\" data-block-name=\"woocommerce\/product-summary\" data-is-descendent-of-single-product-block=\"true\">\n<div class=\"wc-block-components-product-summary \">\n<p><strong>Caldo y Os Rabizos<\/strong>\u00a0\u00e9 un band\u00edn tradicional del Eo-Navia: un grupo de m\u00fasica con reportorio popular procendente del territorio que abarca os concellos dende a monta\u00f1a lucense hasta zona dos vaqueiros d\u2019alzada e dende el mar hasta a monta\u00f1a de Ibias.<\/p>\n<p>A filosof\u00eda \u00e9 clara. El oxetivo nun \u00e9 recrear a tradici\u00f3n: \u00e9 usar as ferramentas musicales tradicionales pra animar as festas, romeir\u00edas, vodas e demais eventos del siglo XXI.<\/p>\n<p>Baxo a f\u00f3rmula Que viva a festa popular! am\u00e9cense \u00faa serie de consideraciois polas que nace este band\u00edn formao por os m\u00fasicos\u00a0<strong>Pep\u00edn de Mu\u00f1al\u00e9n<\/strong>\u00a0(Tuenda) al saxof\u00f3n;\u00a0<strong>Andr\u00e9s Rodr\u00edguez Monteavaro<\/strong>\u00a0(Mez\u00e1) a la gaita;<strong>\u00a0Marga Lorences<\/strong>\u00a0(\u00bfA\u00fa?) col alcordi\u00f3n;<strong>\u00a0Ruma Barbero<\/strong>\u00a0(Felpeyu), al bombo e\u00a0<strong>Miguel Rodr\u00edguez Monteavaro<\/strong>\u00a0(Mez\u00e1) al redobrante.<\/p>\n<p><strong>\u00abA m\u00fasica tradicional del Eo-Navia\u00bb<\/strong>\u00a0\u00e9 un traballo con 15 cortes nel que se vei esplorando el archivo da tradici\u00f3n musical dos band\u00edos de m\u00fasica de baile que recorreron e recorren os territorios chamados, grosso modo,<strong>\u00a0Eo-Navia<\/strong>.<\/p>\n<\/div>\n<\/div>\n<\/div>\n<\/div>\n<\/div>\n<p>&nbsp;<\/p>\n","protected":false},"excerpt":{"rendered":"<p>Miguel Rodr\u00edguez Monteavaro Cartelu \/ Sabado 24 de maio, 19,30h, Torre de Villanueva, Grau. \/Torre de Villanueva.<\/p>\n","protected":false},"author":117,"featured_media":0,"comment_status":"open","ping_status":"open","sticky":false,"template":"","format":"standard","meta":{"footnotes":""},"categories":[35,125,1],"tags":[],"class_list":["post-49145","post","type-post","status-publish","format-standard","hentry","category-musica","category-musicasturiana-com","category-sin-categoria"],"_links":{"self":[{"href":"https:\/\/edublog.educastur.es\/ixuxu\/wp-json\/wp\/v2\/posts\/49145","targetHints":{"allow":["GET"]}}],"collection":[{"href":"https:\/\/edublog.educastur.es\/ixuxu\/wp-json\/wp\/v2\/posts"}],"about":[{"href":"https:\/\/edublog.educastur.es\/ixuxu\/wp-json\/wp\/v2\/types\/post"}],"author":[{"embeddable":true,"href":"https:\/\/edublog.educastur.es\/ixuxu\/wp-json\/wp\/v2\/users\/117"}],"replies":[{"embeddable":true,"href":"https:\/\/edublog.educastur.es\/ixuxu\/wp-json\/wp\/v2\/comments?post=49145"}],"version-history":[{"count":4,"href":"https:\/\/edublog.educastur.es\/ixuxu\/wp-json\/wp\/v2\/posts\/49145\/revisions"}],"predecessor-version":[{"id":49198,"href":"https:\/\/edublog.educastur.es\/ixuxu\/wp-json\/wp\/v2\/posts\/49145\/revisions\/49198"}],"wp:attachment":[{"href":"https:\/\/edublog.educastur.es\/ixuxu\/wp-json\/wp\/v2\/media?parent=49145"}],"wp:term":[{"taxonomy":"category","embeddable":true,"href":"https:\/\/edublog.educastur.es\/ixuxu\/wp-json\/wp\/v2\/categories?post=49145"},{"taxonomy":"post_tag","embeddable":true,"href":"https:\/\/edublog.educastur.es\/ixuxu\/wp-json\/wp\/v2\/tags?post=49145"}],"curies":[{"name":"wp","href":"https:\/\/api.w.org\/{rel}","templated":true}]}}