{"id":49169,"date":"2025-05-21T20:14:26","date_gmt":"2025-05-21T18:14:26","guid":{"rendered":"https:\/\/edublog.educastur.es\/ixuxu\/?p=49169"},"modified":"2025-05-22T17:53:14","modified_gmt":"2025-05-22T15:53:14","slug":"apartamentos-con-tematica-de-el-senor-de-los-anios-destinaos-a-families","status":"publish","type":"post","link":"https:\/\/edublog.educastur.es\/ixuxu\/2025\/05\/apartamentos-con-tematica-de-el-senor-de-los-anios-destinaos-a-families\/","title":{"rendered":"Apartamentos n&#8217;Arg\u00fceru con tem\u00e1tica de \u00abEl Se\u00f1or de los An\u00edos\u00bb destinaos a families"},"content":{"rendered":"<ul>\n<li>Fonte: <a href=\"https:\/\/www.lne.es\/villaviciosa\/2025\/05\/21\/original-complejo-turistico-abrira-julio-117643742.html\">LNE<\/a> \/ <a href=\"https:\/\/www.lne.es\/videos\/villaviciosa\/2025\/05\/21\/original-complejo-turistico-abrira-julio-117651106.html\"><strong>LNE\u00a0<\/strong> <\/a>\/<a class=\"x1i10hfl xjbqb8w x1ejq31n xd10rxx x1sy0etr x17r0tee x972fbf xcfux6l x1qhh985 xm0m39n x9f619 x1ypdohk xt0psk2 xe8uvvx xdj266r x11i5rnm xat24cr x1mh8g0r xexx8yu x4uap5 x18d9i69 xkhd6sd x16tdsg8 x1hl2dhg xggy1nq x1a2a7pz _aswp _aswq _aswv _aswz _asw_ _asx2 _a6hd\" role=\"link\" href=\"https:\/\/www.instagram.com\/lapequenacomarca_alojamientos\/?e=5c5c6b68-28a8-4d1c-be8a-701918e03530&amp;g=5\">lapequenacomarca_alojamientos<\/a><\/li>\n<\/ul>\n<p style=\"text-align: center\"><a href=\"https:\/\/estaticos-cdn.prensaiberica.es\/clip\/45e7ff44-244e-4eea-88ea-4f5e2fc3fb10_16-9-discover-aspect-ratio_default_0.jpg\"><img loading=\"lazy\" decoding=\"async\" class=\"aligncenter size-large\" src=\"https:\/\/estaticos-cdn.prensaiberica.es\/clip\/45e7ff44-244e-4eea-88ea-4f5e2fc3fb10_16-9-discover-aspect-ratio_default_0.jpg\" width=\"1200\" height=\"675\" \/><\/a><\/p>\n<p>Asina ye per dientro l&#8217;orixinal complexu tur\u00edsticu que va abrir en xunetu n&#8217;Asturies: cases \u00abhobbit\u00bb con toboganes y verde nes habitaciones. Los apartamentos, que siguen la tem\u00e1tica de \u00abEl Se\u00f1or de los An\u00edos\u00bb, t\u00e1n destinaos a families.<a href=\"https:\/\/www.instagram.com\/lapequenacomarca_alojamientos\/\"><span style=\"color: #008080\"><strong> \u00abLa Pequena Contorna\u00bb<\/strong><\/span><\/a>, l&#8217;orixinal complexu tur\u00edsticu, bas\u00e1u nes cases \u00abhobbit\u00bb ta a puntu d&#8217;abrir les sos puertes n&#8217;Asturies. va facer el pr\u00f3ximu mes de xunetu.<\/p>\n<p><!--more--><\/p>\n<p style=\"text-align: center\"><span class=\"html-span xexx8yu x4uap5 x18d9i69 xkhd6sd x1hl2dhg x16tdsg8 x1vvkbs x3nfvp2 x1j61x8r x1fcty0u xdj266r xat24cr xgzva0m xhhsvwb xxymvpz xlup9mm x1kky2od\">\n<!-- iframe plugin v.6.0 wordpress.org\/plugins\/iframe\/ -->\n<iframe loading=\"lazy\" src=\"https:\/\/www.instagram.com\/reel\/C7gbMKXtMJ1\/embed\" width=\"400\" height=\"400\" 0=\"\/iframe\" scrolling=\"yes\" class=\"iframe-class\" frameborder=\"0\"><\/iframe>\n<\/span><\/p>\n<p>La influencer<a href=\"https:\/\/www.instagram.com\/mamadelnorte\/\"><strong> mamadelnorte (Andrea del Castillo)<\/strong><\/a>, especializada en planes y viaxes \u00abcon peques y en pareya\u00bb, amos\u00f3 al travi\u00e9s de Instagram c\u00f3mo van ser los apartamentos destinaos a families impulsaos por Sonia Fern\u00e1ndez y Juan Manuel Blanco na localid\u00e1 de Arg\u00fcero, en Villaviciosa.<\/p>\n<p style=\"text-align: center\"><span class=\"html-span xexx8yu x4uap5 x18d9i69 xkhd6sd x1hl2dhg x16tdsg8 x1vvkbs x3nfvp2 x1j61x8r x1fcty0u xdj266r xat24cr xgzva0m xhhsvwb xxymvpz xlup9mm x1kky2od\">\n<!-- iframe plugin v.6.0 wordpress.org\/plugins\/iframe\/ -->\n<iframe loading=\"lazy\" src=\"https:\/\/www.instagram.com\/reel\/DJ2KCZ0u4AR\/embed\" width=\"400\" height=\"500\" 0=\"\/iframe\" scrolling=\"yes\" class=\"iframe-class\" frameborder=\"0\"><\/iframe>\n<\/span><\/p>\n<p>Nel v\u00eddeu puede vese que los agospiamientos incl\u00fain toboganes, barras tipu bomberu y verde nes habitaciones, seg\u00fan enormes tueros integraos nel moblame. La influencer describir como<strong><em> \u00abel meyor agospiamientu rural para families\u00bb<\/em><\/strong>. <em>\u00abYe un llugar llenu de maxa onde los peques xueguen llibres en plena naturaleza y les families atopen un abelugu para reconectar\u00bb,<\/em> asegura la ceadora de conten\u00edu.<\/p>\n<p>\u00abCrear un llugar onde la fantas\u00eda faiga realid\u00e1 ye un procesu llenu d&#8217;esfuerzu, pasi\u00f3n y enforma arte. Nes nueses cases hobbit, nun dexamos nada al azar: cada tueru y cada ca\u00f1a t\u00e1n dise\u00f1aos con mimu por que la naturaleza y l&#8217;arquitectura fundir n&#8217;un mesmu abrazu\u00bb, espliquen en redes sociales el promotores de \u00abLa Pequena Contorna\u00bb, que paez sacada d&#8217;un cuentu.<\/p>\n<p style=\"text-align: center\"><a href=\"https:\/\/estaticos-cdn.prensaiberica.es\/clip\/649b35d7-0631-43a4-95ce-298b12348b81_source-aspect-ratio_default_0.webp\"><img loading=\"lazy\" decoding=\"async\" class=\"aligncenter \" src=\"https:\/\/estaticos-cdn.prensaiberica.es\/clip\/649b35d7-0631-43a4-95ce-298b12348b81_source-aspect-ratio_default_0.webp\" width=\"609\" height=\"1050\" \/><\/a><\/p>\n<p>El proyectu consta de tr\u00e9s apartamentos, d&#8217;unos 54 metros cuadraos, con sala de tar fornida con una televisi\u00f3n, cocina, ba\u00f1u y una habitaci\u00f3n principal con cama de matrimoniu y cames infantiles. Na parte cimera hai una zona de xuegos accesible para los ne\u00f1os por aciu una escalera dende&#8217;l sal\u00f3n, y un tobog\u00e1n que conecta directamente coles habitaciones, a\u00f1ediendo un toque l\u00fadicu a la esperiencia. La capacid\u00e1 de cada apartamentu ye de dos adultos y cuatro ne\u00f1os.<\/p>\n<p><strong>Los precios van dende los 180 euros al d\u00eda en temporada baxa hasta los 250 n&#8217;alta.<\/strong> En temporada especial, que ye agostu y Fin d&#8217;A\u00f1u, la nueche xube a 300 euros. Par agospiase en \u00abLa Pequena Contorna\u00bb es\u00edxese una estancia m\u00ednima de 6 nueches dende la segunda quincena de xunu a la primera quincena de setiembre, de tr\u00e9s nueches en pontes, Selmana Santa, Navid\u00e1 y Fin d&#8217;A\u00f1u; y de dos el restu del a\u00f1u.<\/p>\n<p style=\"text-align: center\"><span class=\"html-span xexx8yu x4uap5 x18d9i69 xkhd6sd x1hl2dhg x16tdsg8 x1vvkbs x3nfvp2 x1j61x8r x1fcty0u xdj266r xat24cr xgzva0m xhhsvwb xxymvpz xlup9mm x1kky2od\">\n<!-- iframe plugin v.6.0 wordpress.org\/plugins\/iframe\/ -->\n<iframe loading=\"lazy\" src=\"https:\/\/www.instagram.com\/reel\/DFV3DP5Nnp1\/embed\" width=\"400\" height=\"500\" 0=\"\/iframe\" scrolling=\"yes\" class=\"iframe-class\" frameborder=\"0\"><\/iframe>\n<\/span><\/p>\n<p><span style=\"color: #008080\"><em><strong>D\u00e9xovos am\u00e1s dalgunos de los innumberables planes que vais poder faer pela zona.<\/strong><\/em><\/span><\/p>\n<p><span style=\"color: #008080\"><em>-Gueta de frutos coloraos Finca&#8217;l Mala\u00edn<\/em><\/span><br \/>\n<span style=\"color: #008080\"><em>-Visitar la granxa y la xelader\u00eda de Los Caserinos<\/em><\/span><br \/>\n<span style=\"color: #008080\"><em>-El pueblu de Tazones<\/em><\/span><br \/>\n<span style=\"color: #008080\"><em>-la Sablera de Rodiles<\/em><\/span><br \/>\n<span style=\"color: #008080\"><em>-Mus\u00e9u xur\u00e1sicu d&#8217;Asturies<\/em><\/span><br \/>\n<span style=\"color: #008080\"><em>-Pueblo de Llastres<\/em><\/span><br \/>\n<span style=\"color: #008080\"><em>-Xacimientos de Icnitas d&#8217;Asturies<\/em><\/span><br \/>\n<span style=\"color: #008080\"><em>-Faru de Lluces<\/em><\/span><br \/>\n<span style=\"color: #008080\"><em>-La Ruta de los bancos<\/em><\/span><br \/>\n<span style=\"color: #008080\"><em>-El senderu de la mazana <\/em><\/span><\/p>\n<p><span style=\"color: #008080\"><em>-Visita a Sidra&#8217;l Gaiteru <\/em><\/span><br \/>\n<span style=\"color: #008080\"><em>-Piscines de San Feliz (en d\u00f3mina braniza)<\/em><\/span><\/p>\n<p><span style=\"color: #008080\"><em>Gracia Sonia y Juan por abrir siempres les puertes de la vuesa casa con tantu ci\u00f1u.<\/em><\/span><\/p>\n","protected":false},"excerpt":{"rendered":"<p>Fonte: LNE \/ LNE\u00a0 \/lapequenacomarca_alojamientos Asina ye per dientro l&#8217;orixinal complexu tur\u00edsticu que va abrir en xunetu n&#8217;Asturies: cases \u00abhobbit\u00bb con toboganes y verde nes habitaciones. Los apartamentos, que siguen la tem\u00e1tica de \u00abEl Se\u00f1or de los An\u00edos\u00bb, t\u00e1n destinaos a families. \u00abLa Pequena Contorna\u00bb, l&#8217;orixinal complexu tur\u00edsticu, bas\u00e1u nes cases \u00abhobbit\u00bb ta a puntu [&hellip;]<\/p>\n","protected":false},"author":117,"featured_media":0,"comment_status":"open","ping_status":"open","sticky":false,"template":"","format":"standard","meta":{"footnotes":""},"categories":[1],"tags":[],"class_list":["post-49169","post","type-post","status-publish","format-standard","hentry","category-sin-categoria"],"_links":{"self":[{"href":"https:\/\/edublog.educastur.es\/ixuxu\/wp-json\/wp\/v2\/posts\/49169","targetHints":{"allow":["GET"]}}],"collection":[{"href":"https:\/\/edublog.educastur.es\/ixuxu\/wp-json\/wp\/v2\/posts"}],"about":[{"href":"https:\/\/edublog.educastur.es\/ixuxu\/wp-json\/wp\/v2\/types\/post"}],"author":[{"embeddable":true,"href":"https:\/\/edublog.educastur.es\/ixuxu\/wp-json\/wp\/v2\/users\/117"}],"replies":[{"embeddable":true,"href":"https:\/\/edublog.educastur.es\/ixuxu\/wp-json\/wp\/v2\/comments?post=49169"}],"version-history":[{"count":9,"href":"https:\/\/edublog.educastur.es\/ixuxu\/wp-json\/wp\/v2\/posts\/49169\/revisions"}],"predecessor-version":[{"id":49234,"href":"https:\/\/edublog.educastur.es\/ixuxu\/wp-json\/wp\/v2\/posts\/49169\/revisions\/49234"}],"wp:attachment":[{"href":"https:\/\/edublog.educastur.es\/ixuxu\/wp-json\/wp\/v2\/media?parent=49169"}],"wp:term":[{"taxonomy":"category","embeddable":true,"href":"https:\/\/edublog.educastur.es\/ixuxu\/wp-json\/wp\/v2\/categories?post=49169"},{"taxonomy":"post_tag","embeddable":true,"href":"https:\/\/edublog.educastur.es\/ixuxu\/wp-json\/wp\/v2\/tags?post=49169"}],"curies":[{"name":"wp","href":"https:\/\/api.w.org\/{rel}","templated":true}]}}