{"id":4918,"date":"2021-03-21T11:20:53","date_gmt":"2021-03-21T09:20:53","guid":{"rendered":"https:\/\/edublog.educastur.es\/ixuxu\/?p=4918"},"modified":"2021-04-01T15:52:39","modified_gmt":"2021-04-01T13:52:39","slug":"socieda-astur-neda-del-fierru","status":"publish","type":"post","link":"https:\/\/edublog.educastur.es\/ixuxu\/2021\/03\/socieda-astur-neda-del-fierru\/","title":{"rendered":"Socied\u00e1 Astur n\u00b4Ed\u00e1 del Fierru"},"content":{"rendered":"<p style=\"text-align: center\"><a href=\"https:\/\/1.bp.blogspot.com\/-7uWjLNIiq30\/YFdm3bznipI\/AAAAAAAAA8U\/FlYoUH1flbgJqxahcHnousujg-KQHH-WgCLcBGAsYHQ\/s736\/ganau.jpg\"><img loading=\"lazy\" decoding=\"async\" class=\"alignnone\" src=\"https:\/\/1.bp.blogspot.com\/-7uWjLNIiq30\/YFdm3bznipI\/AAAAAAAAA8U\/FlYoUH1flbgJqxahcHnousujg-KQHH-WgCLcBGAsYHQ\/s736\/ganau.jpg\" alt=\"\" width=\"437\" height=\"413\" \/><\/a><\/p>\n<ul>\n<li><strong><a href=\"https:\/\/elcamindelosastures.blogspot.com\">Blogue: El cam\u00edn de los Astures<\/a><\/strong><\/li>\n<li><a href=\"https:\/\/elcamindelosastures.blogspot.com\/2021\/03\/sociedaastur-neda-del-fierru-lavida.html?m=1\"><strong>Fonte noticia: SOCIED\u00c1 ASTUR N\u2019ED\u00c1 DEL FIERRU, Estrab\u00f3n n\u2019internete.<\/strong><\/a><\/li>\n<\/ul>\n<p>La vida destos pueblus yera enforma austera ya t\u00e1 perbien descrita nos sos prencipales carauteristicas por Estrab\u00f3n nel so llibru terceru, ya del que n\u2019outra entrada, vamos poner una rese\u00f1a so la so vida.<\/p>\n<p>\u201cEnte los pueblus qu\u2019habitan sol riu Dueru falan qu\u2019ay dalgunos que viven al mou lac\u00f3nicu, ya usan aceite, ya calecen los sos cac\u00edus con piedras enroxecias al fueu, ba\u00f1anse nel agua fria ya nun faen nam\u00e1s qu\u2019una xintada al d\u00eda, curtia ya cencie\u1e37\u1e37a.<\/p>\n<p>Tous estus habitantes de la monta\u00f1a son sobrius, nun beben sinon agua ya duermen nel suelu, \u1e37\u1e37evan pelos \u1e37\u1e37argus al mou femenin, anque pa combatir cinxinse la tiesta con una banda.<\/p>\n<p><!--more--><\/p>\n<p>Xintan principalmente carne de castr\u00f3n, ya los dioses sacrifican castrones ya tami\u00e9n cautivos ya caballos, suelen facer hecatombes de cada clas de victima, al mou griegu, ya por falalu al mou Pindaros: inmolan tou un cientu.<\/p>\n<p>Prautican lluchas xinnasticas, hopl\u00edticu (combate zarrau) ya h\u00edpicas, exercitandose pal puxilatu, la carrera las escaramuzas ya las bata\u1e37\u1e37as campales.<\/p>\n<p>Nas tres cuartas partes del a\u00f1u nun xintan nam\u00e1s que abiyotas, que secanlas trituranlas ya muelenlas pa facer pan, que pu\u00e9 guardase enforma tiempu, beben Zythos (sidra) yal vinu qu\u2019arralez, cuandu lo llogran gastanlu a\u00edna nos grandes \u1e37\u1e37acuaes familiares.<\/p>\n<p>En \u1e37\u1e37ugar d\u2019aceite usen manteiga, xintan sentaus solos bancus feichus alridiu la pared, allineandose seg\u00fan l\u2019ed\u00e1, los alimentos faenlos circular de mano en mano mientres beben, bai\u1e37\u1e37an los omes al son de flautas ya trompetas, saltandu no altu ya ca\u1e37\u1e37endo en xenuflexi\u00f3n.<\/p>\n<p>Na Bastetania las mu\u1e37\u1e37eres bai\u1e37\u1e37an entemec\u00edes colos omes, xunius unos ya outrus pelas manos. Los omes van vistius de prietu \u1e37\u1e37evandu\u2019l sayu la mayoria, con e\u1e37\u1e37os duermen nos llechus de paxa, usen vasos llabraus de madera, como los celtas, las mu\u1e37\u1e37eres \u1e37\u1e37evan los sos sayus con adornos florales.<\/p>\n<div class=\"separator\" style=\"text-align: left\"><a href=\"https:\/\/1.bp.blogspot.com\/-k5tcdhT6h_w\/YFdnIhuzTdI\/AAAAAAAAA8c\/FgNuKeWwcM4rl46Ej95-2b237haxBybiwCLcBGAsYHQ\/s320\/presos01.jpg\"><img loading=\"lazy\" decoding=\"async\" class=\"alignleft\" src=\"https:\/\/1.bp.blogspot.com\/-k5tcdhT6h_w\/YFdnIhuzTdI\/AAAAAAAAA8c\/FgNuKeWwcM4rl46Ej95-2b237haxBybiwCLcBGAsYHQ\/s320\/presos01.jpg\" alt=\"\" width=\"320\" height=\"240\" \/><\/a> \/ <a href=\"https:\/\/1.bp.blogspot.com\/-STnH7nPmxJY\/YFdnb2GKxNI\/AAAAAAAAA8k\/9KSKoucwp24OOojTebJv5I883-dLW5PcQCLcBGAsYHQ\/s320\/pastor.jpg\"><img loading=\"lazy\" decoding=\"async\" class=\"alignnone\" src=\"https:\/\/1.bp.blogspot.com\/-STnH7nPmxJY\/YFdnb2GKxNI\/AAAAAAAAA8k\/9KSKoucwp24OOojTebJv5I883-dLW5PcQCLcBGAsYHQ\/s320\/pastor.jpg\" alt=\"\" width=\"190\" height=\"320\" \/><\/a><\/div>\n<div>\n<p>Nel interior, en \u1e37\u1e37ugar de moneda faen trueque de especies o danyos llaminas de plata recortadas, a los criminales despe\u00f1anlos, ya los parricidas lapidanlos sacandoyos fora las \u1e37\u1e37indes de la so patria o ciud\u00e1, casanse al mou griegu.<\/p>\n<p>Los enfermos, como faciase ang\u00fca\u00f1u ente los Asirios, ponenlos nos caminos p\u00e1 ser curaos per los que ufrieran l\u2019enfermed\u00e1, enantes de la \u1e37\u1e37egada de Bruto nun tenian m\u00e1s que barcas de cueru p\u00e1 salear pelos estuarios ya \u1e37\u1e37agunas del pais, poro g\u00fcei usen baxeles feichus de troncu d\u2019\u00e1rbol, anque sea per raru, la sal ye purpurea, poro faese blanca al molela.<\/p>\n<p>Asina viven estos monta\u00f1eses, que como falaba son los qu\u2019habitan nal llau septentrional d\u2019Iberia, los Astures, Cantabros ya Galaicos, fasta los Vascones ya\u2019l Pirineu tous los cualos tienen\u2019l mesmu mou de vivir, podria facer la llista per \u1e37\u1e37arga poro renunciu a una descripci\u00f3n aburria, a naide le prestaria oir falar de los Pleutaros, Bardulos, All\u00f3briges ya outrus nomes menos guapus ya m\u00e1s ignoraos.<\/p>\n<p>La so rudez ya xabacismo nun se deben solu a las costumes guerreras, sin\u00f3n tami\u00e9n al so allo\u00f1amientu, per los caminos de la mar ya terrestres que conducen a esti terren son per \u1e37\u1e37argus ya esta dificult\u00e1 de comunicaciones fizolus escarecer de toa sociabilid\u00e1 ya toa humanid\u00e1. Sicasi g\u00fcei\u2019l mal ye menor gracies a la paz ya la \u1e37\u1e37eg\u00e1 de los romanos, e\u1e37\u1e37\u00ed onde estes dos ventaxes nun enfusanon caltienen un carauter m\u00e1s feroz ya brutal ensin tener en cuenta qu\u2019esta disposici\u00f3n natural ente la mayoria d\u2019e\u1e37\u1e37os pudo aumentase per causa de l\u2019asperez del pais yal del clima.<\/p>\n<p>Mas, repito, toas estes guerras t\u00e1n g\u00fcei d\u00eda acabaes, los mesmus C\u00e1ntabros, que de tous estus pueblus yeran los m\u00e1s enferronaus a los sos h\u00e1bitos de bandidaxe, asina como las tribus vecinas, foron amenorgaes por Augustu, ya agora en \u1e37\u1e37ugar de desvastar, como enantes, las tierras de los aliaus del pueblu romanu, \u1e37\u1e37even las sos armas al serviciu de los mesmos romanos, como asoceden precisamente colos Koniakos ya colos Plentouisos qu\u2019habiten nas fontes del Ebro. Tiberiu, am\u00e1s, per l\u2019indicaci\u00f3n d\u2019Augustu, so predecesor, ti\u00e9n mandau a estas tierras un cuerpo de tres lexiones, que la so presencia ya fizo munchu nun soulu pacificando sin\u00f3n tami\u00e9n civilizando una parte d\u2019estos pueblus\u201d.<\/p>\n<p>Sicasi, nas costas septentrionales riberanes de l\u2019oc\u00e9anu escarecen d\u2019e\u1e37\u1e37as a causa del friu, nel restu del llitoral, m\u00e1s que neglixencia de los omes, que viven ensin esmoliciones, porque dexan trescurrir la so vida ensin m\u00e1s apetencia que lo m\u00e1s imprescindible ya la satisfaci\u00f3n de los sos instintos brutales. Si nun se quier interpretar como un reximen confortante de la so vida que se \u1e37\u1e37aven colos orinos guardaos mientres un tiempu en cisternes ya que tantu omes como mu\u1e37\u1e37eres d\u2019estus pueblus frotanse los dientes con e\u1e37\u1e37os, como faen los Cantabros ya los sos vecinos.<\/p>\n<p>Estu, ya\u2019l dormir nel suelu en com\u00fan, ye propiu de los Iberos ya los Celtas, seg\u00fan dalg\u00fan autor, los Galaicos son ateos, poro non asina los Celt\u00edberos ya los outrus pueblus que \u1e37\u1e37indan con e\u1e37\u1e37os pel norte, tous los cualos tienen cierta divinid\u00e1 innominada, a la que nas nuechis de \u1e37\u1e37una \u1e37\u1e37ena, rinden cultu bai\u1e37\u1e37ando fasta l\u2019amanecer, ante las puertes de las sos casas. Los Velones, que foron los primerus que compartieron colos romanos vida de campamentu, ag\u00fceyaron una veg\u00e1 a ciertus centuriones dir ya venir na guardia, como pasiandose, creyeron que taben llocus ya mandabanyos palas tiendas, nun concebian outra aptit\u00fa que la de tar tranquilamente sentaus o la de combatir.<\/p>\n<\/div>\n","protected":false},"excerpt":{"rendered":"<p>Blogue: El cam\u00edn de los Astures Fonte noticia: SOCIED\u00c1 ASTUR N\u2019ED\u00c1 DEL FIERRU, Estrab\u00f3n n\u2019internete. La vida destos pueblus yera enforma austera ya t\u00e1 perbien descrita nos sos prencipales carauteristicas por Estrab\u00f3n nel so llibru terceru, ya del que n\u2019outra entrada, vamos poner una rese\u00f1a so la so vida. \u201cEnte los pueblus qu\u2019habitan sol riu [&hellip;]<\/p>\n","protected":false},"author":117,"featured_media":0,"comment_status":"open","ping_status":"open","sticky":false,"template":"","format":"standard","meta":{"footnotes":""},"categories":[29],"tags":[],"class_list":["post-4918","post","type-post","status-publish","format-standard","hentry","category-articulos"],"_links":{"self":[{"href":"https:\/\/edublog.educastur.es\/ixuxu\/wp-json\/wp\/v2\/posts\/4918","targetHints":{"allow":["GET"]}}],"collection":[{"href":"https:\/\/edublog.educastur.es\/ixuxu\/wp-json\/wp\/v2\/posts"}],"about":[{"href":"https:\/\/edublog.educastur.es\/ixuxu\/wp-json\/wp\/v2\/types\/post"}],"author":[{"embeddable":true,"href":"https:\/\/edublog.educastur.es\/ixuxu\/wp-json\/wp\/v2\/users\/117"}],"replies":[{"embeddable":true,"href":"https:\/\/edublog.educastur.es\/ixuxu\/wp-json\/wp\/v2\/comments?post=4918"}],"version-history":[{"count":3,"href":"https:\/\/edublog.educastur.es\/ixuxu\/wp-json\/wp\/v2\/posts\/4918\/revisions"}],"predecessor-version":[{"id":4921,"href":"https:\/\/edublog.educastur.es\/ixuxu\/wp-json\/wp\/v2\/posts\/4918\/revisions\/4921"}],"wp:attachment":[{"href":"https:\/\/edublog.educastur.es\/ixuxu\/wp-json\/wp\/v2\/media?parent=4918"}],"wp:term":[{"taxonomy":"category","embeddable":true,"href":"https:\/\/edublog.educastur.es\/ixuxu\/wp-json\/wp\/v2\/categories?post=4918"},{"taxonomy":"post_tag","embeddable":true,"href":"https:\/\/edublog.educastur.es\/ixuxu\/wp-json\/wp\/v2\/tags?post=4918"}],"curies":[{"name":"wp","href":"https:\/\/api.w.org\/{rel}","templated":true}]}}