{"id":49184,"date":"2025-05-21T18:00:37","date_gmt":"2025-05-21T16:00:37","guid":{"rendered":"https:\/\/edublog.educastur.es\/ixuxu\/?p=49184"},"modified":"2025-05-22T10:42:17","modified_gmt":"2025-05-22T08:42:17","slug":"felix-feria-del-llibru-de-xixon-del-18-22-de-xunu","status":"publish","type":"post","link":"https:\/\/edublog.educastur.es\/ixuxu\/2025\/05\/felix-feria-del-llibru-de-xixon-del-18-22-de-xunu\/","title":{"rendered":"FeLiX (Feria del Llibru de Xix\u00f3n), del 18-22 de xunu"},"content":{"rendered":"<div class=\"html-div xdj266r x11i5rnm xat24cr x1mh8g0r xexx8yu x1a8lsjc x1swvt13 x1pi30zi\">\n<div class=\"html-div xdj266r x11i5rnm xat24cr x1mh8g0r xexx8yu x4uap5 x18d9i69 xkhd6sd x1jx94hy x78zum5 x1q0g3np\">\n<div class=\"x78zum5 xdt5ytf xz62fqu x16ldp7u\">\n<div class=\"xu06os2 x1ok221b\">\n<div class=\"html-div xdj266r x11i5rnm xat24cr x1mh8g0r xexx8yu x4uap5 x18d9i69 xkhd6sd\" data-ad-rendering-role=\"profile_name\">\n<ul>\n<li class=\"html-h3 x11i5rnm xat24cr x1mh8g0r xexx8yu x4uap5 x18d9i69 xkhd6sd x1vvkbs x1heor9g x1qlqyl8 x1pd3egz x1a2a7pz x1gslohp x1yc453h\"><span class=\"x1lliihq x6ikm8r x10wlt62 x1n2onr6\"><span class=\"xt0psk2\"><a class=\"x1i10hfl xjbqb8w x1ejq31n xd10rxx x1sy0etr x17r0tee x972fbf xcfux6l x1qhh985 xm0m39n x9f619 x1ypdohk xt0psk2 xe8uvvx xdj266r x11i5rnm xat24cr x1mh8g0r xexx8yu x4uap5 x18d9i69 xkhd6sd x16tdsg8 x1hl2dhg xggy1nq x1a2a7pz xkrqix3 x1sur9pj xzsf02u x1s688f\" role=\"link\" href=\"https:\/\/www.facebook.com\/FeriaLibroXixon?__cft__[0]=AZVW8UE4e25PTf9BPN5swI8foYnFvKBr4axrWiCzuUh2uk7sGCXbap17XEPbWLkOmXrIyyN4vea3RzgUOo7LyCLYIizr4Fj-6wLbzerQgXZOFNg6us78F3TKz0KWqw_09YwlUu7LeJ02B0YfjgERA_S9WLzxYYbSifVyqjmKAXt59kQNHydbOlljalnZwj9OyCDe8au0u586larPEKSfY3msWqgoEEAAWTkF7RmOKGfRWg&amp;__tn__=-UC%2CP-y-R\"><strong class=\"html-strong xdj266r x11i5rnm xat24cr x1mh8g0r xexx8yu x4uap5 x18d9i69 xkhd6sd x1hl2dhg x16tdsg8 x1vvkbs x1s688f\"><span class=\"html-span xdj266r x11i5rnm xat24cr x1mh8g0r xexx8yu x4uap5 x18d9i69 xkhd6sd x1hl2dhg x16tdsg8 x1vvkbs\">Feria del Libro de Xix\u00f3n<\/span><\/strong><\/a><\/span><\/span>\/ <a href=\"https:\/\/scontent-bcn1-1.xx.fbcdn.net\/v\/t39.30808-6\/500058198_1243161737815885_3490383219657476529_n.jpg?_nc_cat=100&amp;ccb=1-7&amp;_nc_sid=833d8c&amp;_nc_ohc=dtKHgL4unVgQ7kNvwGPvGnt&amp;_nc_oc=AdnfVUym69rNuHo2FTKsyha6icpFlP9oIk8c2f4REWnokGmkfhvL-txMaEwxJ7aLayE&amp;_nc_zt=23&amp;_nc_ht=scontent-bcn1-1.xx&amp;_nc_gid=5ijGqKDazVGDqph2AwyE0Q&amp;oh=00_AfKaxKS52Sc77DVRFopPkgmUnyPRXiUk_4t2Xa_6unaSFQ&amp;oe=6833ECD6\">cartelu<\/a> \/ <a href=\"https:\/\/www.gijon.es\/es\/eventos\/feria-del-libro-de-gijonxixon?fbclid=IwY2xjawKa_UxleHRuA2FlbQIxMABicmlkETE0N09uVVU2TEQ0U2xQb3BnAR47knBQze8d4DuIsqVl0WyrH6vo1tU1eOFU0XVxHG-rIgblwu91kisDMlbFYA_aem_vrCKnakP7xiCQ_hiR2bmkQ\"><strong>INFO<\/strong><\/a><\/li>\n<li><a href=\"https:\/\/www.elcomercio.es\/gijon\/programa-feria-libro-gijon-2025-20250521144231-nt.html?sfnsn=scwspmo\">El Comercio<\/a> y programa \/<\/li>\n<\/ul>\n<p style=\"text-align: center\"><a href=\"https:\/\/drupal.gijon.es\/sites\/default\/files\/styles\/imagen_cabecera_slider\/public\/2025-05\/Cabecera%20Web-%201920x600%20px_0.jpg\"><img loading=\"lazy\" decoding=\"async\" class=\"aligncenter \" src=\"https:\/\/drupal.gijon.es\/sites\/default\/files\/styles\/imagen_cabecera_slider\/public\/2025-05\/Cabecera%20Web-%201920x600%20px_0.jpg\" width=\"605\" height=\"189\" \/><\/a><\/p>\n<\/div>\n<\/div>\n<div><\/div>\n<\/div>\n<\/div>\n<\/div>\n<div class=\"html-div xdj266r x11i5rnm xat24cr x1mh8g0r xexx8yu x4uap5 x18d9i69 xkhd6sd\" dir=\"auto\">\n<div class=\"html-div xdj266r x11i5rnm xat24cr x1mh8g0r xexx8yu x4uap5 x18d9i69 xkhd6sd\" dir=\"auto\">\n<div class=\"html-div xdj266r x11i5rnm xat24cr x1mh8g0r xexx8yu x4uap5 x18d9i69 xkhd6sd\" data-ad-rendering-role=\"story_message\">\n<div class=\"x1l90r2v x1iorvi4 x1ye3gou xn6708d\" data-ad-comet-preview=\"message\" data-ad-preview=\"message\">\n<div class=\"x78zum5 xdt5ytf xz62fqu x16ldp7u\">\n<div class=\"xu06os2 x1ok221b\">\n<div class=\"x11i5rnm xat24cr x1mh8g0r x1vvkbs xtlvy1s x126k92a\">\n<div dir=\"auto\"><span style=\"color: #008080\"><em><strong>\u00abPasen y llean\u201d<\/strong><\/em><\/span> ye&#8217;l lema que s&#8217;escuende tres la imaxe d&#8217;angua\u00f1o de la <strong>FeLiX<\/strong>. Una imaxe creada por Juan Jare\u00f1o que fala d&#8217;entrar y salir d&#8217;un llibru, de la Feria, de tardes de llectura al pie de la ventana. \u00bfY a ti, que te suxure?<\/div>\n<div dir=\"auto\"><\/div>\n<div dir=\"auto\" style=\"text-align: center\"><a href=\"https:\/\/drupal.gijon.es\/sites\/default\/files\/styles\/imagen_4_3\/public\/2025-05\/FeLiX%202025%20-PerfilRRSS.jpg\"><img loading=\"lazy\" decoding=\"async\" class=\"aligncenter \" src=\"https:\/\/drupal.gijon.es\/sites\/default\/files\/styles\/imagen_4_3\/public\/2025-05\/FeLiX%202025%20-PerfilRRSS.jpg\" width=\"540\" height=\"540\" \/><\/a><\/div>\n<div dir=\"auto\"><\/div>\n<div dir=\"auto\"><!--more--><\/div>\n<div dir=\"auto\"><\/div>\n<\/div>\n<div class=\"x11i5rnm xat24cr x1mh8g0r x1vvkbs xtlvy1s x126k92a\">\n<div dir=\"auto\"><span class=\"html-span xdj266r x11i5rnm xat24cr x1mh8g0r xexx8yu x4uap5 x18d9i69 xkhd6sd x1hl2dhg x16tdsg8 x1vvkbs\"><a class=\"x1i10hfl xjbqb8w x1ejq31n xd10rxx x1sy0etr x17r0tee x972fbf xcfux6l x1qhh985 xm0m39n x9f619 x1ypdohk xt0psk2 xe8uvvx xdj266r x11i5rnm xat24cr x1mh8g0r xexx8yu x4uap5 x18d9i69 xkhd6sd x16tdsg8 x1hl2dhg xggy1nq x1a2a7pz xkrqix3 x1sur9pj x1fey0fg x1s688f\" role=\"link\" href=\"https:\/\/www.facebook.com\/hashtag\/felix?__eep__=6&amp;__cft__[0]=AZVW8UE4e25PTf9BPN5swI8foYnFvKBr4axrWiCzuUh2uk7sGCXbap17XEPbWLkOmXrIyyN4vea3RzgUOo7LyCLYIizr4Fj-6wLbzerQgXZOFNg6us78F3TKz0KWqw_09YwlUu7LeJ02B0YfjgERA_S9WLzxYYbSifVyqjmKAXt59kQNHydbOlljalnZwj9OyCDe8au0u586larPEKSfY3msWqgoEEAAWTkF7RmOKGfRWg&amp;__tn__=*NK-y-R\">#FeLiX<\/a><\/span> <span class=\"html-span xdj266r x11i5rnm xat24cr x1mh8g0r xexx8yu x4uap5 x18d9i69 xkhd6sd x1hl2dhg x16tdsg8 x1vvkbs\"><a class=\"x1i10hfl xjbqb8w x1ejq31n xd10rxx x1sy0etr x17r0tee x972fbf xcfux6l x1qhh985 xm0m39n x9f619 x1ypdohk xt0psk2 xe8uvvx xdj266r x11i5rnm xat24cr x1mh8g0r xexx8yu x4uap5 x18d9i69 xkhd6sd x16tdsg8 x1hl2dhg xggy1nq x1a2a7pz xkrqix3 x1sur9pj x1fey0fg x1s688f\" role=\"link\" href=\"https:\/\/www.facebook.com\/hashtag\/gij%C3%B3n?__eep__=6&amp;__cft__[0]=AZVW8UE4e25PTf9BPN5swI8foYnFvKBr4axrWiCzuUh2uk7sGCXbap17XEPbWLkOmXrIyyN4vea3RzgUOo7LyCLYIizr4Fj-6wLbzerQgXZOFNg6us78F3TKz0KWqw_09YwlUu7LeJ02B0YfjgERA_S9WLzxYYbSifVyqjmKAXt59kQNHydbOlljalnZwj9OyCDe8au0u586larPEKSfY3msWqgoEEAAWTkF7RmOKGfRWg&amp;__tn__=*NK-y-R\">#Gij\u00f3n<\/a><\/span> <span class=\"html-span xdj266r x11i5rnm xat24cr x1mh8g0r xexx8yu x4uap5 x18d9i69 xkhd6sd x1hl2dhg x16tdsg8 x1vvkbs\"><a class=\"x1i10hfl xjbqb8w x1ejq31n xd10rxx x1sy0etr x17r0tee x972fbf xcfux6l x1qhh985 xm0m39n x9f619 x1ypdohk xt0psk2 xe8uvvx xdj266r x11i5rnm xat24cr x1mh8g0r xexx8yu x4uap5 x18d9i69 xkhd6sd x16tdsg8 x1hl2dhg xggy1nq x1a2a7pz xkrqix3 x1sur9pj x1fey0fg x1s688f\" role=\"link\" href=\"https:\/\/www.facebook.com\/hashtag\/xix%C3%B3n?__eep__=6&amp;__cft__[0]=AZVW8UE4e25PTf9BPN5swI8foYnFvKBr4axrWiCzuUh2uk7sGCXbap17XEPbWLkOmXrIyyN4vea3RzgUOo7LyCLYIizr4Fj-6wLbzerQgXZOFNg6us78F3TKz0KWqw_09YwlUu7LeJ02B0YfjgERA_S9WLzxYYbSifVyqjmKAXt59kQNHydbOlljalnZwj9OyCDe8au0u586larPEKSfY3msWqgoEEAAWTkF7RmOKGfRWg&amp;__tn__=*NK-y-R\">#Xix\u00f3n<\/a><\/span><\/div>\n<div dir=\"auto\" style=\"text-align: center\">\n<!-- iframe plugin v.6.0 wordpress.org\/plugins\/iframe\/ -->\n<iframe loading=\"lazy\" src=\"https:\/\/www.facebook.com\/plugins\/post.php?href=https%3A%2F%2Fwww.facebook.com%2FFeriaLibroXixon%2Fposts%2Fpfbid0L5D6bDoHFrnfF9AZZAXoTyTa9n3f9Bg5rQDmbrogAt5YaaXoA28vvPMQ8ZjPys4Cl&#038;show_text=false&#038;width=500\" width=\"500\" height=\"498\" style=\"border:none;overflow:hidden\" scrolling=\"no\" frameborder=\"0\" allowfullscreen=\"true\" allow=\"autoplay; clipboard-write; encrypted-media; picture-in-picture; web-share\" 0=\"\/iframe\" class=\"iframe-class\"><\/iframe>\n<\/div>\n<\/div>\n<\/div>\n<\/div>\n<\/div>\n<\/div>\n<\/div>\n<\/div>\n<p><strong>Dende los sos entamos nel a\u00f1u 2017<\/strong>, la Feria del Llibru cunt\u00f3 col equipu t\u00e9cnicu de la Fundaci\u00f3n Municipal de Cultura, Educaci\u00f3n y Universid\u00e1 Popular y col sofitu y asesoramientu de llibreros y editores.<\/p>\n<p><strong>Ufierta una amplia y variada ufierta d&#8217;actividaes en redol al llibru<\/strong> onde tienen cabida presentaciones lliteraries, alcuentros con clubes de llectura, meses d&#8217;alderique y tou tipu d&#8217;actividaes culturales rellacionaes como cuentacuentos infantiles, actuaciones musicales, llectures en vivu, gymkanas, concursos, proyecciones de cine, etc.<\/p>\n","protected":false},"excerpt":{"rendered":"<p>Feria del Libro de Xix\u00f3n\/ cartelu \/ INFO El Comercio y programa \/ \u00abPasen y llean\u201d ye&#8217;l lema que s&#8217;escuende tres la imaxe d&#8217;angua\u00f1o de la FeLiX. Una imaxe creada por Juan Jare\u00f1o que fala d&#8217;entrar y salir d&#8217;un llibru, de la Feria, de tardes de llectura al pie de la ventana. \u00bfY a ti, [&hellip;]<\/p>\n","protected":false},"author":117,"featured_media":0,"comment_status":"open","ping_status":"open","sticky":false,"template":"","format":"standard","meta":{"footnotes":""},"categories":[167,9,10,183],"tags":[],"class_list":["post-49184","post","type-post","status-publish","format-standard","hentry","category-feries","category-libros-adultos","category-llibros-reciella","category-xixon"],"_links":{"self":[{"href":"https:\/\/edublog.educastur.es\/ixuxu\/wp-json\/wp\/v2\/posts\/49184","targetHints":{"allow":["GET"]}}],"collection":[{"href":"https:\/\/edublog.educastur.es\/ixuxu\/wp-json\/wp\/v2\/posts"}],"about":[{"href":"https:\/\/edublog.educastur.es\/ixuxu\/wp-json\/wp\/v2\/types\/post"}],"author":[{"embeddable":true,"href":"https:\/\/edublog.educastur.es\/ixuxu\/wp-json\/wp\/v2\/users\/117"}],"replies":[{"embeddable":true,"href":"https:\/\/edublog.educastur.es\/ixuxu\/wp-json\/wp\/v2\/comments?post=49184"}],"version-history":[{"count":7,"href":"https:\/\/edublog.educastur.es\/ixuxu\/wp-json\/wp\/v2\/posts\/49184\/revisions"}],"predecessor-version":[{"id":49221,"href":"https:\/\/edublog.educastur.es\/ixuxu\/wp-json\/wp\/v2\/posts\/49184\/revisions\/49221"}],"wp:attachment":[{"href":"https:\/\/edublog.educastur.es\/ixuxu\/wp-json\/wp\/v2\/media?parent=49184"}],"wp:term":[{"taxonomy":"category","embeddable":true,"href":"https:\/\/edublog.educastur.es\/ixuxu\/wp-json\/wp\/v2\/categories?post=49184"},{"taxonomy":"post_tag","embeddable":true,"href":"https:\/\/edublog.educastur.es\/ixuxu\/wp-json\/wp\/v2\/tags?post=49184"}],"curies":[{"name":"wp","href":"https:\/\/api.w.org\/{rel}","templated":true}]}}