{"id":49194,"date":"2025-05-22T08:15:31","date_gmt":"2025-05-22T06:15:31","guid":{"rendered":"https:\/\/edublog.educastur.es\/ixuxu\/?p=49194"},"modified":"2025-05-22T11:45:40","modified_gmt":"2025-05-22T09:45:40","slug":"el-tiempu-nasturies-el-comercio-11","status":"publish","type":"post","link":"https:\/\/edublog.educastur.es\/ixuxu\/2025\/05\/el-tiempu-nasturies-el-comercio-11\/","title":{"rendered":"El tiempu n&#8217;Asturies (El Comercio)"},"content":{"rendered":"<p style=\"text-align: center\"><a href=\"https:\/\/s3.ppllstatics.com\/elcomercio\/www\/multimedia\/2025\/05\/21\/tiempo-asturias-jueves-22-mayo-k1O-U2301404163085IHH-1200x840@El%20Comercio.jpg\"><img loading=\"lazy\" decoding=\"async\" class=\"aligncenter size-large\" src=\"https:\/\/s3.ppllstatics.com\/elcomercio\/www\/multimedia\/2025\/05\/21\/tiempo-asturias-jueves-22-mayo-k1O-U2301404163085IHH-1200x840@El%20Comercio.jpg\" width=\"1200\" height=\"840\" \/><\/a><\/p>\n<p><span style=\"color: #008080\"><strong>Vamos tener cielos bien nublos en pr\u00e1cticamente tol Princip\u00e1u d&#8217;Asturies<\/strong>.<\/span> Esta nubosidad va dexar precipitaciones de calter d\u00e9bil que van ser m\u00e1s probables y frecuentes mientres la ma\u00f1ana. La mari\u00f1a y la zona oriental van ser los sectores m\u00e1s afectaos, anque nun se refuga que lleguen a otros puntos de la rex\u00f3n anque van ser m\u00e1s d\u00e9biles ent\u00e1. Esta inestabilid\u00e1 va tender a unviar a lo llargo de la tarde. <span style=\"color: #008080\"><strong>Los vientos<\/strong><\/span> van ser fluexos predominando de componente norte. <span style=\"color: #008080\"><strong>Les temperatures m\u00e1ximes<\/strong><\/span> van ser bien similares a les del mi\u00e9rcoles salvu nel cordal onde van baxar.\u00a0van baxar llixeramente nel occidente y na zona central, calteni\u00e9ndose ensin cambeos nel oriente.<\/p>\n<p><!--more--><\/p>\n<ul>\n<li><span style=\"color: #008080\"><strong>El vienres<\/strong> <\/span>nun s&#8217;esperen precipitaciones anque s\u00ed cierta nubosidad, sobremanera na zona central. Ye posible que, a la fin del d\u00eda, \u00e1branse escamplaes dende la mari\u00f1a. Los vientos van ser fluexos predominando nuevamente de norte, y les temperatures nun van esperimentar variaci\u00f3n nel casu de les m\u00e1ximes, y van baxar un poco les m\u00ednimes.<\/li>\n<li>Tiempu estable <span style=\"color: #008080\"><strong>para la fin de selmana<\/strong><\/span>, tanto&#8217;l s\u00e1badu como&#8217;l domingu.<\/li>\n<\/ul>\n","protected":false},"excerpt":{"rendered":"<p>Vamos tener cielos bien nublos en pr\u00e1cticamente tol Princip\u00e1u d&#8217;Asturies. Esta nubosidad va dexar precipitaciones de calter d\u00e9bil que van ser m\u00e1s probables y frecuentes mientres la ma\u00f1ana. La mari\u00f1a y la zona oriental van ser los sectores m\u00e1s afectaos, anque nun se refuga que lleguen a otros puntos de la rex\u00f3n anque van ser [&hellip;]<\/p>\n","protected":false},"author":117,"featured_media":0,"comment_status":"open","ping_status":"open","sticky":false,"template":"","format":"standard","meta":{"footnotes":""},"categories":[5],"tags":[],"class_list":["post-49194","post","type-post","status-publish","format-standard","hentry","category-tiempu"],"_links":{"self":[{"href":"https:\/\/edublog.educastur.es\/ixuxu\/wp-json\/wp\/v2\/posts\/49194","targetHints":{"allow":["GET"]}}],"collection":[{"href":"https:\/\/edublog.educastur.es\/ixuxu\/wp-json\/wp\/v2\/posts"}],"about":[{"href":"https:\/\/edublog.educastur.es\/ixuxu\/wp-json\/wp\/v2\/types\/post"}],"author":[{"embeddable":true,"href":"https:\/\/edublog.educastur.es\/ixuxu\/wp-json\/wp\/v2\/users\/117"}],"replies":[{"embeddable":true,"href":"https:\/\/edublog.educastur.es\/ixuxu\/wp-json\/wp\/v2\/comments?post=49194"}],"version-history":[{"count":3,"href":"https:\/\/edublog.educastur.es\/ixuxu\/wp-json\/wp\/v2\/posts\/49194\/revisions"}],"predecessor-version":[{"id":49224,"href":"https:\/\/edublog.educastur.es\/ixuxu\/wp-json\/wp\/v2\/posts\/49194\/revisions\/49224"}],"wp:attachment":[{"href":"https:\/\/edublog.educastur.es\/ixuxu\/wp-json\/wp\/v2\/media?parent=49194"}],"wp:term":[{"taxonomy":"category","embeddable":true,"href":"https:\/\/edublog.educastur.es\/ixuxu\/wp-json\/wp\/v2\/categories?post=49194"},{"taxonomy":"post_tag","embeddable":true,"href":"https:\/\/edublog.educastur.es\/ixuxu\/wp-json\/wp\/v2\/tags?post=49194"}],"curies":[{"name":"wp","href":"https:\/\/api.w.org\/{rel}","templated":true}]}}