{"id":49201,"date":"2025-05-21T21:05:16","date_gmt":"2025-05-21T19:05:16","guid":{"rendered":"https:\/\/edublog.educastur.es\/ixuxu\/?p=49201"},"modified":"2025-05-22T18:41:56","modified_gmt":"2025-05-22T16:41:56","slug":"convocatoria-de-fuelga-para-los-proximos-27-de-mayu-y-5-de-xunu","status":"publish","type":"post","link":"https:\/\/edublog.educastur.es\/ixuxu\/2025\/05\/convocatoria-de-fuelga-para-los-proximos-27-de-mayu-y-5-de-xunu\/","title":{"rendered":"Convocatoria de fuelga para los d\u00edes 27 de mayu y 5 de xunu"},"content":{"rendered":"<p style=\"text-align: center\"><span class=\"html-span xexx8yu x4uap5 x18d9i69 xkhd6sd x1hl2dhg x16tdsg8 x1vvkbs x3nfvp2 x1j61x8r x1fcty0u xdj266r xat24cr xgzva0m xhhsvwb xxymvpz xlup9mm x1kky2od\">\n<!-- iframe plugin v.6.0 wordpress.org\/plugins\/iframe\/ -->\n<iframe loading=\"lazy\" src=\"https:\/\/www.instagram.com\/reel\/DJ6I9bxI7IU\/embed\" width=\"600\" height=\"640\" 0=\"\/iframe\" scrolling=\"yes\" class=\"iframe-class\" frameborder=\"0\"><\/iframe>\n<\/span><\/p>\n<p style=\"text-align: center\"><span style=\"text-decoration: underline;color: #008080\"><em>\u00a012 razones para la fuelga na educaci\u00f3n p\u00fablica asturiana.<\/em><\/span><\/p>\n<p><!--more--><\/p>\n<p>Eses razones son:<\/p>\n<ul>\n<li><strong><span style=\"color: #008080\">Retayos n&#8217;atenci\u00f3n a la diversid\u00e1<\/span><\/strong> \u00abLa falta d&#8217;especialistes en Pedagox\u00eda Terap\u00e9utica, Audici\u00f3n y Llinguaxe y auxiliares educativos torga atender afechiscamente al alumn\u00e1u con necesidaes espec\u00edfiques de sofitu educativu.<\/li>\n<li><span style=\"color: #008080\"><strong> Plantiyes docentes insuficientes. <\/strong><\/span>\u00abCalti\u00e9nense ratios d&#8217;alumn\u00e1u per aula inasumibles en munchos centros, especialmente en zones urbanes.<\/li>\n<li><strong style=\"color: #008080\">Interinid\u00e1 cronificada. <\/strong>\u00abLa plantiya org\u00e1nica amenorgar con cada decisi\u00f3n de la Conseyer\u00eda y un porcentaxe totalmente escesivu de personal docente y de sofitu sigue en situaci\u00f3n d&#8217;interinid\u00e1 a\u00f1u tres d&#8217;a\u00f1u.<\/li>\n<li><span style=\"color: #008080\"><strong>D\u00e9ficit de personal alministrativo<\/strong> <\/span>\u00abLa mayor\u00eda de centros escarez dafechu de personal alministrativo, lo que sobrecarga a equipos directivos y docentes con xeres burocr\u00e1tiques que nun-yos correspuenden. Por non haber, y\u00e1 nun hai nin ordenances na mayor\u00eda de los centros\u00bb.<\/li>\n<li><span style=\"color: #008080\"><strong>Baxada de sueldu por ponete enfermu<\/strong> <\/span>\u00abSi un docente enferma de llarga duraci\u00f3n, por casu, por un c\u00e1ncer, &#8216;el premiu&#8217; qu&#8217;ufierta l&#8217;alministraci\u00f3n cuando se reincorpora al cursu siguiente ye la perda de la evaluaci\u00f3n docente. Traduc\u00edu: la Conseyer\u00eda por tener un c\u00e1ncer te descuenta hasta 480 euros de la to n\u00f3mina mientres un cursu completu\u00bb.<\/li>\n<li><strong><span style=\"color: #008080\">Les baxes nun se cubrin<\/span>. <\/strong>Am\u00e1s, \u00ables baxes nun se cubrir\u00bb. \u00abCuando un docente enferma, les baxes en munchos casos tarden en cubrir selmanes, lo cual sobrecarga a quien y\u00e1 suelen tener el so horariu de clases a la llende\u00bb.<\/li>\n<li><span style=\"color: #008080\"><strong>Desiguald\u00e1 territorial. <\/strong><\/span>\u00abLos centros rurales o de zones esvalixaes sufren xuna infrafinanciaci\u00f3n estructural que xenera desigualdaes graves y los equipos directivos unipersonales xunen a tolo anterior, la soled\u00e1 d&#8217;un cargu nel que recai tol pesu y la responsabilid\u00e1 del centru nuna sola persona\u00bb.<\/li>\n<li><span style=\"color: #008080\"><strong>Infraestructures obsoletas. <\/strong><\/span>\u00abAules ensin ventilaci\u00f3n fayadiza, goteres, calefacci\u00f3n deficiente, instalaciones deportives n&#8217;est\u00e1u ameyorable o problemes d&#8217;accesibilid\u00e1 son realidaes cotidianes en munchos colexos ya institutos.<\/li>\n<li><span style=\"color: #008080\"><strong>Supresi\u00f3n de sofitos y refuerzos. <\/strong><\/span>\u00abEl n\u00famberu de docentes de sofitu foi amenorg\u00e1u progresivamente n&#8217;Infantil, Primaria y Secundaria, col consiguiente impactu sobro l&#8217;atenci\u00f3n individualizada al alumn\u00e1u.<\/li>\n<li><span style=\"color: #008080\"><strong>Falta de reconocencia profesional. <\/strong><\/span>\u00abCoordinaciones, tutor\u00edes, ellaboraci\u00f3n de proyectos, planes de convivencia, xesti\u00f3n de plataformes dixitales&#8230; Tou esti trabayu invisible nun se reconoz nin se retribuye afechiscamente. Nada ye abondu pa l&#8217;alministraci\u00f3n. Y mientres n&#8217;otres CCAA, va a\u00f1os que se remuneran delles funciones como les tutor\u00edes, n&#8217;Asturies nin siquier tenemos xuna hora de tutor\u00eda pa poder dedicar al alumn\u00e1u n&#8217;Educaci\u00f3n Primaria mientres les clases. La sobrecarga ye insostenible\u00bb.<\/li>\n<li><span style=\"color: #008080\"><strong>Deterioru salarial <\/strong><\/span>\u00abEl profesor\u00e1u asturianu perdi\u00f3 m\u00e1s d&#8217;un 20% de poder adquisitivu respectu al IPC acumul\u00e1u. Angua\u00f1o somos los docentes peor pagaos d&#8217;Espa\u00f1a. La fienda salarial devasa los 700 euros mensuales con otres comunidaes aut\u00f3nomes y la perda retributiva lleg\u00f3 a tal estremu que y\u00e1 non se contabiliza n&#8217;euros o en d\u00edes; puede calculase n&#8217;a\u00f1os de sueldos ensin cobrar\u00bb.<\/li>\n<li><span style=\"color: #008080\"><strong>Conciliaci\u00f3n familiar inesistente<\/strong><\/span> \u00abLes xornaes estend\u00edes y l&#8217;imposici\u00f3n d&#8217;actividaes ensin consulta previa tami\u00e9n nos torgar conciliar la vida llaboral y familiar en munchos casos: cursos fora d&#8217;horariu, formaciones fora de la nuesa xornada, xuntes y planes impuestos (como agora mesmu a los miembros de tribunales) que nos sobrecargan ent\u00e1 m\u00e1s d&#8217;hores de trabayu que salen del nuesu tiempu personal. P\u00eddesenos que s\u00edamos quien apurramos conciliaci\u00f3n a les families a base de prescindir de la nuesa, de camudar el nuesu tiempu y el de les nueses f\u00edes y f\u00edos pol de los dem\u00e1s\u00bb.<\/li>\n<\/ul>\n<p style=\"text-align: center\"><a href=\"https:\/\/www.facebook.com\/groups\/157691287628033\">https:\/\/www.facebook.com\/groups\/157691287628033<\/a><\/p>\n<p style=\"text-align: center\">\n<!-- iframe plugin v.6.0 wordpress.org\/plugins\/iframe\/ -->\n<iframe loading=\"lazy\" src=\"https:\/\/www.facebook.com\/plugins\/video.php?height=476&#038;href=https%3A%2F%2Fwww.facebook.com%2Freel%2F695685039983511%2F&#038;show_text=false&#038;width=267&#038;t=0\" width=\"267\" height=\"476\" style=\"border:none;overflow:hidden\" scrolling=\"no\" frameborder=\"0\" allowfullscreen=\"true\" allow=\"autoplay; clipboard-write; encrypted-media; picture-in-picture; web-share\" 0=\"\/iframe\" class=\"iframe-class\"><\/iframe>\n<\/p>\n","protected":false},"excerpt":{"rendered":"<p>\u00a012 razones para la fuelga na educaci\u00f3n p\u00fablica asturiana.<\/p>\n","protected":false},"author":117,"featured_media":0,"comment_status":"open","ping_status":"open","sticky":false,"template":"","format":"standard","meta":{"footnotes":""},"categories":[451],"tags":[],"class_list":["post-49201","post","type-post","status-publish","format-standard","hentry","category-fuelga"],"_links":{"self":[{"href":"https:\/\/edublog.educastur.es\/ixuxu\/wp-json\/wp\/v2\/posts\/49201","targetHints":{"allow":["GET"]}}],"collection":[{"href":"https:\/\/edublog.educastur.es\/ixuxu\/wp-json\/wp\/v2\/posts"}],"about":[{"href":"https:\/\/edublog.educastur.es\/ixuxu\/wp-json\/wp\/v2\/types\/post"}],"author":[{"embeddable":true,"href":"https:\/\/edublog.educastur.es\/ixuxu\/wp-json\/wp\/v2\/users\/117"}],"replies":[{"embeddable":true,"href":"https:\/\/edublog.educastur.es\/ixuxu\/wp-json\/wp\/v2\/comments?post=49201"}],"version-history":[{"count":10,"href":"https:\/\/edublog.educastur.es\/ixuxu\/wp-json\/wp\/v2\/posts\/49201\/revisions"}],"predecessor-version":[{"id":49268,"href":"https:\/\/edublog.educastur.es\/ixuxu\/wp-json\/wp\/v2\/posts\/49201\/revisions\/49268"}],"wp:attachment":[{"href":"https:\/\/edublog.educastur.es\/ixuxu\/wp-json\/wp\/v2\/media?parent=49201"}],"wp:term":[{"taxonomy":"category","embeddable":true,"href":"https:\/\/edublog.educastur.es\/ixuxu\/wp-json\/wp\/v2\/categories?post=49201"},{"taxonomy":"post_tag","embeddable":true,"href":"https:\/\/edublog.educastur.es\/ixuxu\/wp-json\/wp\/v2\/tags?post=49201"}],"curies":[{"name":"wp","href":"https:\/\/api.w.org\/{rel}","templated":true}]}}