{"id":49211,"date":"2025-05-22T09:00:55","date_gmt":"2025-05-22T07:00:55","guid":{"rendered":"https:\/\/edublog.educastur.es\/ixuxu\/?p=49211"},"modified":"2025-05-22T21:40:07","modified_gmt":"2025-05-22T19:40:07","slug":"dia-internacional-de-la-biodiversida-bioloxica","status":"publish","type":"post","link":"https:\/\/edublog.educastur.es\/ixuxu\/2025\/05\/dia-internacional-de-la-biodiversida-bioloxica\/","title":{"rendered":"D\u00eda Internacional de la biodiversid\u00e1 biol\u00f3xica"},"content":{"rendered":"<ul>\n<li><a href=\"https:\/\/scontent-mad1-1.xx.fbcdn.net\/v\/t39.30808-6\/500281154_1119272150237930_9140738002617784460_n.jpg?_nc_cat=102&amp;ccb=1-7&amp;_nc_sid=127cfc&amp;_nc_ohc=9wBUq_XKmUQQ7kNvwE6BQrN&amp;_nc_oc=Adn6ffANdKJt9_2Hbb-Ujba-DVkN7HfOjWab21YxH24RLHJV-KcigiiLGjNZvqVwVgA&amp;_nc_zt=23&amp;_nc_ht=scontent-mad1-1.xx&amp;_nc_gid=_qTNpPZ7rYFRCNmePaWxiQ&amp;oh=00_AfICW7iOz8z8jdE6jPaQCI7ln9yDCkl807P2CsENDnSvFg&amp;oe=6834AD02\">Imaxe<\/a> \/ <a class=\"x1i10hfl xjbqb8w x1ejq31n xd10rxx x1sy0etr x17r0tee x972fbf xcfux6l x1qhh985 xm0m39n x9f619 x1ypdohk xt0psk2 xe8uvvx xdj266r x11i5rnm xat24cr x1mh8g0r xexx8yu x4uap5 x18d9i69 xkhd6sd x16tdsg8 x1hl2dhg xggy1nq x1a2a7pz xkrqix3 x1sur9pj xzsf02u x1s688f\" role=\"link\" href=\"https:\/\/www.facebook.com\/fundacionbiodiversidad?__cft__[0]=AZUAQUrMwhvb8clDfG9ecUE4l_BZ2khAqChjVBk5QzQj_BN88TsQqWwDhAJseN3_TzwT-I_3xyWg3MrurTJp-_-4p1NEHz3gWCFJUVRFRlhKept8XcwAherFFFRiJVXIS0lxp-UAkQwu9VpxgpjZMIV2B4wkYZ4YL5GrJ9V3ch414I40OZs9ZgD3Kq2Zdgyi4_B_R7zQizV7yNg0KxMWCi0XKsxsxDLAtmp7oBpoDUx57g&amp;__tn__=-UC*F\">Fundaci\u00f3n Biodiversidad<\/a>\/ <a href=\"https:\/\/es.wikipedia.org\/wiki\/D%C3%ADa_Internacional_de_la_Diversidad_Biol%C3%B3gica\">Wikipedia<\/a><\/li>\n<\/ul>\n<p style=\"text-align: center\"><em><span style=\"color: #008080;font-size: 24px\"><strong>\u00abHarmon\u00eda cola naturaleza y<br \/>\ndesenvolvimientu sostenible\u00bb<\/strong><\/span><\/em><\/p>\n<p style=\"text-align: center\"><a href=\"https:\/\/upload.wikimedia.org\/wikipedia\/commons\/7\/7e\/Biodiversity_Pyramid_%28Espa%C3%B1ol%29.png\"><img loading=\"lazy\" decoding=\"async\" class=\"aligncenter size-large\" src=\"https:\/\/upload.wikimedia.org\/wikipedia\/commons\/7\/7e\/Biodiversity_Pyramid_%28Espa%C3%B1ol%29.png\" width=\"690\" height=\"599\" \/><\/a><\/p>\n<div class=\"x1cy8zhl x2bj2ny x78zum5 x1q0g3np\">\n<div class=\"x1iyjqo2\">\n<div class=\"x78zum5 xdt5ytf xz62fqu x16ldp7u\">\n<div class=\"xu06os2 x1ok221b\">\n<div class=\"html-div xdj266r x11i5rnm xat24cr x1mh8g0r xexx8yu x4uap5 x18d9i69 xkhd6sd x1q0g3np\"><em><span style=\"color: #008080\"><strong>Una biodiversid\u00e1 sana ye esencial:<\/strong><\/span><\/em><\/div>\n<\/div>\n<\/div>\n<\/div>\n<\/div>\n<div class=\"xyinxu5 x4uap5 x1g2khh7 xkhd6sd\">\n<ul>\n<li><em><span style=\"color: #008080\">\u00a0Segurid\u00e1 alimentaria<\/span><\/em><\/li>\n<li><em><span style=\"color: #008080\">\u00a0Ecosistemes equilibraos<\/span><\/em><\/li>\n<li><em><span style=\"color: #008080\">\u00a0Clave frente al camb\u00e9u clim\u00e1ticu <\/span><\/em><\/li>\n<li><em><span style=\"color: #008080\">Recursos naturales<\/span><\/em><\/li>\n<li><em><span style=\"color: #008080\">\u00a0Aire y agua llimpios<\/span><\/em><\/li>\n<li><em><span style=\"color: #008080\">\u00a0Protecci\u00f3n frente a plagues y enfermedaes<\/span><\/em><\/li>\n<\/ul>\n<p><!--more--><\/p>\n<p>&nbsp;<\/p>\n<p style=\"text-align: center\">\n<!-- iframe plugin v.6.0 wordpress.org\/plugins\/iframe\/ -->\n<iframe loading=\"lazy\" src=\"https:\/\/www.facebook.com\/plugins\/post.php?href=https%3A%2F%2Fwww.facebook.com%2Ffundacionbiodiversidad%2Fposts%2Fpfbid02mb1HZPCR55DRYtZEVyGA1ZethXgkSShRwFV34DartY7h9AjoGBnGFgenn9gufLGsl&#038;show_text=false&#038;width=500\" width=\"500\" height=\"498\" style=\"border:none;overflow:hidden\" scrolling=\"no\" frameborder=\"0\" allowfullscreen=\"true\" allow=\"autoplay; clipboard-write; encrypted-media; picture-in-picture; web-share\" 0=\"\/iframe\" class=\"iframe-class\"><\/iframe>\n<\/p>\n<p>A pesar de les nueses meyores tecnol\u00f3xiques, <strong>siguimos dependiendo de la naturaleza para coses esenciales como l&#8217;agua, la comida, les melecines, la ropa, la enerx\u00eda y muncho m\u00e1s.<\/strong> Por eso, ye vital que respetemos, protexamos y reparemos la biodiversid\u00e1.<\/p>\n<p>N&#8217;avientu de 2022, el mundu alcord\u00f3&#8217;l Marcu Mundial Kumming-Montreal, tami\u00e9n conoc\u00edu como El Plan de Biodiversid\u00e1, con 23 metes para 2030 y 4 oxetivos mundiales para 2050 col fin de detener y revertir la perda de la naturaleza en 25 a\u00f1os. Ente los elementos clave del marcu at\u00f3pense: restaurar el 30% de los ecosistemes, amenorgar a la met\u00e1 les refugayes d&#8217;alimentos ya invertir siquier 200.000 millones a\u00f1ales n&#8217;estratexes que beneficien a la biodiversid\u00e1.<\/p>\n<p style=\"text-align: center\">\n<!-- iframe plugin v.6.0 wordpress.org\/plugins\/iframe\/ -->\n<iframe loading=\"lazy\" src=\"https:\/\/www.facebook.com\/plugins\/post.php?href=https%3A%2F%2Fwww.facebook.com%2Fpermalink.php%3Fstory_fbid%3Dpfbid02m5dPasB3LfbZCNv7xK3wp84fUvpw6D2zyy96ea7KGnvvL3Xyr1eJMbvgqDtDscVLl%26id%3D100094044050429&#038;show_text=false&#038;width=500\" width=\"500\" height=\"498\" style=\"border:none;overflow:hidden\" scrolling=\"no\" frameborder=\"0\" allowfullscreen=\"true\" allow=\"autoplay; clipboard-write; encrypted-media; picture-in-picture; web-share\" 0=\"\/iframe\" class=\"iframe-class\"><\/iframe>\n<\/p>\n<p>Esti D\u00eda Internacional de la Biodiversid\u00e1, so la tema <span style=\"color: #008080\"><strong>\u00abHarmon\u00eda cola naturaleza y desenvolvimientu sostenible\u00bb<\/strong><\/span>, destaca c\u00f3mo esti plan conectar colos Oxetivos de Desenvolvimientu Sostenible (ODS), monstrando que dambes axendes tienen d&#8217;avanzar xuntes y\u00e1 que se sofiten mutuamente.<\/p>\n<p>Esta campa\u00f1a tami\u00e9n busca infundir un sent\u00edu d&#8217;urxencia. Tenemos De actuar y\u00e1. En 2025 van quedar solo cinco a\u00f1os pa cumplir tanto les metes pr\u00f3ximes del Plan de Biodiversid\u00e1 como los ODS.<\/p>\n<p><strong><em><span style=\"color: #008080\">Entendemos por biodiversid\u00e1 l&#8217;amplia varied\u00e1 de plantes, animales y microorganismos esistentes, pero tami\u00e9n incl\u00fai les diferencies xen\u00e9tiques dientro de cada especie -por casu, ente les variedaes de cultivos y les races de gan\u00e1u-, seg\u00fan la varied\u00e1 d&#8217;ecosistemes (llagos, montes, desiertos, campos agrarios,&#8230;) qu&#8217;alluguen m\u00faltiples interacciones ente los sos miembros (humanos, plantes, animales) y la so redolada (agua, aire, suelu&#8230;)<\/span><\/em><\/strong><\/p>\n<p><strong>Los recursos biol\u00f3xicos<\/strong> son les pilastres que sofiten les civilizaciones. Los pexes apurren el 20% de les prote\u00ednes animales a unos 3 000 millones de persones. M\u00e1s del 80% de la dieta humana ta basada en plantes y, aprosimao, el 80% de les persones que viven nes zones rurales de pa\u00edses en desenvolvimientu dependen de melecines tradicionales llograos de la vexetaci\u00f3n de la so redolada.<\/p>\n<p><strong>Los montes<\/strong>, amenaciaos pola deforestaci\u00f3n, seg\u00fan otros ecosistemes, son de vital importancia pa sofitar la vida na Tierra y xueguen un papel importante na llucha contra&#8217;l camb\u00e9u clim\u00e1ticu.<\/p>\n<p><strong>La sal\u00fa del nuesu planeta<\/strong> tami\u00e9n xuega un papel importante na apaici\u00f3n d&#8217;enfermedaes transmisibles ente animales y humanos. A midida que siguimos invadiendo ecosistemes fr\u00e1xiles, ponemos en contactu cada vez mayor cola fauna montesa, lo que dexa que los pat\u00f3xenos de la vida montesa estender al gan\u00e1u y a los humanos.<\/p>\n<\/div>\n<p>&nbsp;<\/p>\n","protected":false},"excerpt":{"rendered":"<p>Imaxe \/ Fundaci\u00f3n Biodiversidad\/ Wikipedia \u00abHarmon\u00eda cola naturaleza y desenvolvimientu sostenible\u00bb Una biodiversid\u00e1 sana ye esencial: \u00a0Segurid\u00e1 alimentaria \u00a0Ecosistemes equilibraos \u00a0Clave frente al camb\u00e9u clim\u00e1ticu Recursos naturales \u00a0Aire y agua llimpios \u00a0Protecci\u00f3n frente a plagues y enfermedaes<\/p>\n","protected":false},"author":117,"featured_media":0,"comment_status":"open","ping_status":"open","sticky":false,"template":"","format":"standard","meta":{"footnotes":""},"categories":[6],"tags":[],"class_list":["post-49211","post","type-post","status-publish","format-standard","hentry","category-dia-de"],"_links":{"self":[{"href":"https:\/\/edublog.educastur.es\/ixuxu\/wp-json\/wp\/v2\/posts\/49211","targetHints":{"allow":["GET"]}}],"collection":[{"href":"https:\/\/edublog.educastur.es\/ixuxu\/wp-json\/wp\/v2\/posts"}],"about":[{"href":"https:\/\/edublog.educastur.es\/ixuxu\/wp-json\/wp\/v2\/types\/post"}],"author":[{"embeddable":true,"href":"https:\/\/edublog.educastur.es\/ixuxu\/wp-json\/wp\/v2\/users\/117"}],"replies":[{"embeddable":true,"href":"https:\/\/edublog.educastur.es\/ixuxu\/wp-json\/wp\/v2\/comments?post=49211"}],"version-history":[{"count":5,"href":"https:\/\/edublog.educastur.es\/ixuxu\/wp-json\/wp\/v2\/posts\/49211\/revisions"}],"predecessor-version":[{"id":49269,"href":"https:\/\/edublog.educastur.es\/ixuxu\/wp-json\/wp\/v2\/posts\/49211\/revisions\/49269"}],"wp:attachment":[{"href":"https:\/\/edublog.educastur.es\/ixuxu\/wp-json\/wp\/v2\/media?parent=49211"}],"wp:term":[{"taxonomy":"category","embeddable":true,"href":"https:\/\/edublog.educastur.es\/ixuxu\/wp-json\/wp\/v2\/categories?post=49211"},{"taxonomy":"post_tag","embeddable":true,"href":"https:\/\/edublog.educastur.es\/ixuxu\/wp-json\/wp\/v2\/tags?post=49211"}],"curies":[{"name":"wp","href":"https:\/\/api.w.org\/{rel}","templated":true}]}}