{"id":49225,"date":"2025-05-22T16:10:01","date_gmt":"2025-05-22T14:10:01","guid":{"rendered":"https:\/\/edublog.educastur.es\/ixuxu\/?p=49225"},"modified":"2025-05-22T16:10:50","modified_gmt":"2025-05-22T14:10:50","slug":"noveda-la-sorrisa-del-tyranosauriu-antoloxia-de-cuentos-fantasticos","status":"publish","type":"post","link":"https:\/\/edublog.educastur.es\/ixuxu\/2025\/05\/noveda-la-sorrisa-del-tyranosauriu-antoloxia-de-cuentos-fantasticos\/","title":{"rendered":"Noved\u00e1: \u00abLa sorrisa del Tyranosauriu. Antolox\u00eda de cuentos fant\u00e1sticos\u00bb"},"content":{"rendered":"<ul>\n<li dir=\"auto\">LA SONRISA DEL TYRANOSAURIU. Antolox\u00eda de cuentos fant\u00e1sticos.<\/li>\n<li dir=\"auto\">Autor: <a class=\"x1i10hfl xjbqb8w x1ejq31n xd10rxx x1sy0etr x17r0tee x972fbf xcfux6l x1qhh985 xm0m39n x9f619 x1ypdohk xt0psk2 xe8uvvx xdj266r x11i5rnm xat24cr x1mh8g0r xexx8yu x4uap5 x18d9i69 xkhd6sd x16tdsg8 x1hl2dhg xggy1nq x1a2a7pz xkrqix3 x1sur9pj x1fey0fg x1s688f\" role=\"link\" href=\"https:\/\/www.facebook.com\/vicente.garciaoliva?__cft__[0]=AZVqQ7iXndil6-E3naIVe7xPUOTN_PgPm00nJJnDxo_JUkIGUdCAVjhHiUWN3cJEv-ffUY4ZFGn2s8tgA2DWZpkAhV1_dtf2v47vXsQfHS13_Rgpnalok13ezB_1Uoqove2RESQaBSYnMM82y8FZ8IhODuJBcPCQb7leDHTESZH4hEseX3BmA8EGy8Awqx_vSEzf-xpCI3vRnhNoi0U4SkNsRZxp9D-SRdJ_-mdfQK2zmQ&amp;__tn__=-]K-R\"><span class=\"xt0psk2\"><span class=\"xjp7ctv\">Vicente Garc\u00eda Oliva<\/span><\/span><\/a>\/ Incla interior, 156 \/ 978-84-10345-49-2 \/ 136 pp. \/ 13 x 20 cm \/ 12 \u20ac<\/li>\n<li dir=\"auto\">Mercar: <span class=\"html-span xdj266r x11i5rnm xat24cr x1mh8g0r xexx8yu x4uap5 x18d9i69 xkhd6sd x1hl2dhg x16tdsg8 x1vvkbs\"><a class=\"x1i10hfl xjbqb8w x1ejq31n xd10rxx x1sy0etr x17r0tee x972fbf xcfux6l x1qhh985 xm0m39n x9f619 x1ypdohk xt0psk2 xe8uvvx xdj266r x11i5rnm xat24cr x1mh8g0r xexx8yu x4uap5 x18d9i69 xkhd6sd x16tdsg8 x1hl2dhg xggy1nq x1a2a7pz xkrqix3 x1sur9pj x1fey0fg x1s688f\" role=\"link\" href=\"https:\/\/tienda.trabe.org\/as\/narrativa\/2629-la-sonrisa-del-tyranosauriu-antoloxia-de-cuentos-fantasticos.html?fbclid=IwZXh0bgNhZW0CMTAAYnJpZBExNDdPblVVNkxENFNsUG9wZwEej3-2D8DNwMYcOQoWjQgBJP0xlIyhb4cGWcYVmaTRpknw929nkecXcVnY8Co_aem_glsCmBcMk4XG5OPBRsho5w\" target=\"_blank\" rel=\"nofollow noopener noreferrer\">https:\/\/tienda.trabe.org\/&#8230;\/2629-la-sonrisa-del&#8230;<\/a><\/span><\/li>\n<li dir=\"auto\">Una esbilla de los munchos cuentos fant\u00e1sticos que Vicente tien publicao en llibros, revistes y fancines. Esta antolox\u00eda recueye 20 d\u2019ellos, aquellos que por uno o por otro m\u00e1s-y prestaron.<\/li>\n<\/ul>\n<p style=\"text-align: center\"><a href=\"https:\/\/tienda.trabe.org\/1323-large_default\/la-sonrisa-del-tyranosauriu-antoloxia-de-cuentos-fantasticos.jpg\"><img loading=\"lazy\" decoding=\"async\" class=\"aligncenter size-large\" src=\"https:\/\/tienda.trabe.org\/1323-large_default\/la-sonrisa-del-tyranosauriu-antoloxia-de-cuentos-fantasticos.jpg\" width=\"418\" height=\"467\" \/><\/a><\/p>\n<p><!--more-->Vicente Garc\u00eda Oliva (Xix\u00f3n, 1944) ye autor de referencia na lliteratura asturiana y ta consider\u00e1u\u2019l padre de la novela xuvenil n\u2019asturianu con\u00a0<a href=\"https:\/\/tienda.trabe.org\/as\/infantil-y-xuvenil\/1920-fontenebrosa-el-reinu-de-los-silentes.html\"><em>Fontenebrosa: el reinu de los silentes<\/em><\/a>\u00a0(1984, 1992, 2011). Con m\u00e1s de 30 t\u00edtulos, delles obres narratives suyes son:<em>\u00a0El Norte<\/em>\u00a0(1991), reeditada nel a\u00f1u 2010 baxo\u2019l t\u00edtulu\u00a0<a href=\"https:\/\/tienda.trabe.org\/as\/narrativa\/1908-el-norte-cuentos-1976-2010.html\"><em>El Norte. Cuentos 1976-2010<\/em><\/a>;\u00a0<a href=\"https:\/\/tienda.trabe.org\/as\/narrativa\/2562-un-par-de-botes-cuentos-de-futbol.html\"><em>Un par de botes. Cuentos de f\u00fatbol<\/em>\u00a0<\/a>(2023), les noveles\u00a0<em>L\u2019aire les casta\u00f1es<\/em>\u00a0(1989),\u00a0<a href=\"https:\/\/tienda.trabe.org\/as\/narrativa\/2230-la-vida-de-siempre.html\"><em>La vida de siempre<\/em><\/a>\u00a0(2015) y<em>\u00a0Los tordos<\/em>\u00a0(2023), am\u00e1s de les xuveniles\u00a0<a href=\"https:\/\/tienda.trabe.org\/as\/infantil-y-xuvenil\/1215-elemental-querida-lisa.html\"><em>Elemental, querida Lis<\/em>a<\/a>\u00a0(2007),\u00a0<a href=\"https:\/\/tienda.trabe.org\/as\/infantil-y-xuvenil\/1866-fontenebrosa-ii-la-rebelion-de-los-homosaurios.html\"><em>Fontenebrosa II: la rebeli\u00f3n de los homosaurios<\/em><\/a>,\u00a0<a href=\"https:\/\/tienda.trabe.org\/as\/infantil-y-xuvenil\/2259-fontenebrosa-iii-el-final.html\"><em>Fontenebrosa III: el final<\/em><\/a>,\u00a0<a href=\"https:\/\/tienda.trabe.org\/as\/infantil-y-xuvenil\/2274-diariu-d-enol.html\"><em>Diariu d\u2019Enol<\/em><\/a>\u00a0(1988, 2016),\u00a0<a href=\"https:\/\/tienda.trabe.org\/as\/infantil-y-xuvenil\/2232-cuadernu-robau.html\"><em>Cuadernu rob\u00e1u. Diariu de Concha<\/em><\/a>\u00a0(2015). Ye autor, am\u00e1s, de dellos ensayos, ente los que destaquen<em>\u00a0L\u2019aventura humana y lliteraria al rodiu de don Enrique Garc\u00eda Rendueles<\/em>\u00a0(1992),\u00a0<em>El r\u00edu soterra\u00f1u<\/em>\u00a0(2003) o\u00a0<a href=\"https:\/\/tienda.trabe.org\/as\/investigacion-y-ensayu\/1895-el-sindrome-de-sherezade.html\"><em>El s\u00edndrome de Sherezade<\/em><\/a>\u00a0(2011). Am\u00e1s d\u2019ello tien tami\u00e9n una retafila cuentos pa la reciella:\u00a0<a href=\"https:\/\/tienda.trabe.org\/as\/infantil-y-xuvenil\/1237-garulla-antoloxia-del-ritmu-tapa-dura.html\"><em>Garulla. Antolox\u00eda del ritmu<\/em><\/a>\u00a0(2007),\u00a0<em>Deva y yo<\/em>\u00a0(2011),\u00a0<em>El marineru que perdi\u00f3\u2019l norte<\/em>\u00a0(2016),\u00a0<em>Xosefa de Xovellanos<\/em>\u00a0(2020)\u2026 ente m\u00e1s otros.<\/p>\n","protected":false},"excerpt":{"rendered":"<p>LA SONRISA DEL TYRANOSAURIU. Antolox\u00eda de cuentos fant\u00e1sticos. Autor: Vicente Garc\u00eda Oliva\/ Incla interior, 156 \/ 978-84-10345-49-2 \/ 136 pp. \/ 13 x 20 cm \/ 12 \u20ac Mercar: https:\/\/tienda.trabe.org\/&#8230;\/2629-la-sonrisa-del&#8230; Una esbilla de los munchos cuentos fant\u00e1sticos que Vicente tien publicao en llibros, revistes y fancines. Esta antolox\u00eda recueye 20 d\u2019ellos, aquellos que por uno [&hellip;]<\/p>\n","protected":false},"author":117,"featured_media":0,"comment_status":"open","ping_status":"open","sticky":false,"template":"","format":"standard","meta":{"footnotes":""},"categories":[13],"tags":[],"class_list":["post-49225","post","type-post","status-publish","format-standard","hentry","category-novedaes"],"_links":{"self":[{"href":"https:\/\/edublog.educastur.es\/ixuxu\/wp-json\/wp\/v2\/posts\/49225","targetHints":{"allow":["GET"]}}],"collection":[{"href":"https:\/\/edublog.educastur.es\/ixuxu\/wp-json\/wp\/v2\/posts"}],"about":[{"href":"https:\/\/edublog.educastur.es\/ixuxu\/wp-json\/wp\/v2\/types\/post"}],"author":[{"embeddable":true,"href":"https:\/\/edublog.educastur.es\/ixuxu\/wp-json\/wp\/v2\/users\/117"}],"replies":[{"embeddable":true,"href":"https:\/\/edublog.educastur.es\/ixuxu\/wp-json\/wp\/v2\/comments?post=49225"}],"version-history":[{"count":4,"href":"https:\/\/edublog.educastur.es\/ixuxu\/wp-json\/wp\/v2\/posts\/49225\/revisions"}],"predecessor-version":[{"id":49229,"href":"https:\/\/edublog.educastur.es\/ixuxu\/wp-json\/wp\/v2\/posts\/49225\/revisions\/49229"}],"wp:attachment":[{"href":"https:\/\/edublog.educastur.es\/ixuxu\/wp-json\/wp\/v2\/media?parent=49225"}],"wp:term":[{"taxonomy":"category","embeddable":true,"href":"https:\/\/edublog.educastur.es\/ixuxu\/wp-json\/wp\/v2\/categories?post=49225"},{"taxonomy":"post_tag","embeddable":true,"href":"https:\/\/edublog.educastur.es\/ixuxu\/wp-json\/wp\/v2\/tags?post=49225"}],"curies":[{"name":"wp","href":"https:\/\/api.w.org\/{rel}","templated":true}]}}