{"id":49230,"date":"2025-07-22T16:16:05","date_gmt":"2025-07-22T14:16:05","guid":{"rendered":"https:\/\/edublog.educastur.es\/ixuxu\/?p=49230"},"modified":"2025-05-22T21:38:24","modified_gmt":"2025-05-22T19:38:24","slug":"aplicacion-paral-profesorau-que-dexa-comunicase-coles-families-del-alumnau","status":"publish","type":"post","link":"https:\/\/edublog.educastur.es\/ixuxu\/2025\/07\/aplicacion-paral-profesorau-que-dexa-comunicase-coles-families-del-alumnau\/","title":{"rendered":"Aplicaci\u00f3n para&#8217;l profesor\u00e1u que dexa comunicase coles families del alumn\u00e1u"},"content":{"rendered":"<div class=\"html-div xdj266r x11i5rnm xat24cr x1mh8g0r xexx8yu x1a8lsjc x1swvt13 x1pi30zi\">\n<div class=\"html-div xdj266r x11i5rnm xat24cr x1mh8g0r xexx8yu x4uap5 x18d9i69 xkhd6sd x1jx94hy x78zum5 x1q0g3np\">\n<div class=\"x78zum5 xdt5ytf xz62fqu x16ldp7u\">\n<div class=\"xu06os2 x1ok221b\">\n<div class=\"html-div xdj266r x11i5rnm xat24cr x1mh8g0r xexx8yu x4uap5 x18d9i69 xkhd6sd\" data-ad-rendering-role=\"profile_name\">\n<ul>\n<li class=\"html-h3 x11i5rnm xat24cr x1mh8g0r xexx8yu x4uap5 x18d9i69 xkhd6sd x1vvkbs x1heor9g x1qlqyl8 x1pd3egz x1a2a7pz x1gslohp x1yc453h\"><span class=\"x1lliihq x6ikm8r x10wlt62 x1n2onr6\"><span class=\"xt0psk2\"><a class=\"x1i10hfl xjbqb8w x1ejq31n xd10rxx x1sy0etr x17r0tee x972fbf xcfux6l x1qhh985 xm0m39n x9f619 x1ypdohk xt0psk2 xe8uvvx xdj266r x11i5rnm xat24cr x1mh8g0r xexx8yu x4uap5 x18d9i69 xkhd6sd x16tdsg8 x1hl2dhg xggy1nq x1a2a7pz xkrqix3 x1sur9pj xzsf02u x1s688f\" role=\"link\" href=\"https:\/\/www.facebook.com\/educastur?__cft__[0]=AZVoWXWkw32ieL4eNHW571GZ4iAev8X6WIqYWuXkDqfXKGn0eTdStfi04VmTe8OFcZwX440GEwsrZpuBiCmo9F62chCoK_1HZSfK5H1XZZ7AAN6G5ysq7oBNFABwjPVYIRWtNjrhhB-euMa53bttPbvUJUQVxn35n-7Gnnwew0QVCBPl1FZbGkoVd5VDP2K7eZVIADGWWmukCouurNTnAGepifgzsdx1udjYI58LJMw71A&amp;__tn__=-UC%2CP-y-R\"><strong class=\"html-strong xdj266r x11i5rnm xat24cr x1mh8g0r xexx8yu x4uap5 x18d9i69 xkhd6sd x1hl2dhg x16tdsg8 x1vvkbs x1s688f\"><span class=\"html-span xdj266r x11i5rnm xat24cr x1mh8g0r xexx8yu x4uap5 x18d9i69 xkhd6sd x1hl2dhg x16tdsg8 x1vvkbs\">Conseyer\u00eda d&#8217;Educaci\u00f3n<\/span><\/strong><\/a><\/span><\/span>\/ <a href=\"https:\/\/acortar.link\/3Rzkh9\"><strong>INFO<\/strong> <\/a>\/ <a href=\"https:\/\/www.educastur.es\/-\/evaluacion-docente-2024-2025-admision-definiti-1?redirect=%2F\">Educastur<\/a> \/<\/li>\n<li><u><a href=\"https:\/\/profesorado.asturias.es\/\" target=\"_blank\" rel=\"noopener\">\u00c1rea del profesorado<\/a><\/u> \/ <a href=\"https:\/\/familias.asturias.es\/\">https:\/\/familias.asturias.es<\/a><\/li>\n<\/ul>\n<\/div>\n<\/div>\n<div class=\"xu06os2 x1ok221b\">\n<div class=\"html-div xdj266r x11i5rnm xat24cr x1mh8g0r xexx8yu x4uap5 x18d9i69 xkhd6sd x1q0g3np\">Educaci\u00f3n estrena una aplicaci\u00f3n para&#8217;l profesor\u00e1u que dexa comunicase coles families del alumn\u00e1u o llograr al intre&#8217;l carn\u00e9 del docente. El nuevu serviciu corporativu complementa a l&#8217;aplicaci\u00f3n de families que ta operativa dende 2021.<\/div>\n<div style=\"text-align: center\"><a href=\"https:\/\/www62.asturias.es\/AreaProfesorado\/assets\/img\/Castellano-vertical-full-color.svg\"><img loading=\"lazy\" decoding=\"async\" class=\"aligncenter size-large\" src=\"https:\/\/www62.asturias.es\/AreaProfesorado\/assets\/img\/Castellano-vertical-full-color.svg\" width=\"134\" height=\"150\" \/><\/a><\/div>\n<div><\/div>\n<\/div>\n<\/div>\n<\/div>\n<\/div>\n<div class=\"html-div xdj266r x11i5rnm xat24cr x1mh8g0r xexx8yu x4uap5 x18d9i69 xkhd6sd\" dir=\"auto\">\n<div class=\"html-div xdj266r x11i5rnm xat24cr x1mh8g0r xexx8yu x4uap5 x18d9i69 xkhd6sd\" dir=\"auto\">\n<div class=\"html-div xdj266r x11i5rnm xat24cr x1mh8g0r xexx8yu x4uap5 x18d9i69 xkhd6sd\" data-ad-rendering-role=\"story_message\">\n<div class=\"x1l90r2v x1iorvi4 x1ye3gou xn6708d\" data-ad-comet-preview=\"message\" data-ad-preview=\"message\">\n<div class=\"x78zum5 xdt5ytf xz62fqu x16ldp7u\">\n<div class=\"xu06os2 x1ok221b\">\n<div class=\"html-div xdj266r x11i5rnm xat24cr x1mh8g0r xexx8yu x4uap5 x18d9i69 xkhd6sd\">\n<div class=\"xdj266r x11i5rnm xat24cr x1mh8g0r x1vvkbs x126k92a\">\n<div dir=\"auto\"><!--more--><\/div>\n<\/div>\n<div class=\"x11i5rnm xat24cr x1mh8g0r x1vvkbs xtlvy1s x126k92a\">\n<div dir=\"auto\">\n<ul>\n<li>La ferramienta arrexunta otres prestaciones y\u00e1 esistentes, como la firma dixital de nomamientu d&#8217;interinos o actividaes de formaci\u00f3n.<\/li>\n<li>Esta aplicaci\u00f3n de families (<a href=\"https:\/\/familias.asturias.es\/\">https:\/\/familias.asturias.es<\/a>), a la que s&#8217;accedi col sistema @Cl@ve, y\u00e1 dexa consultar informaci\u00f3n xeneral del alumn\u00e1u (cursu y grupu), les notes y calificaciones, l&#8217;horariu escolar, les faltes d&#8217;asistencia o les tutor\u00edes.<\/li>\n<li>Agora a\u00f1edise los comunicaos o la posibilid\u00e1 de solicitar cualquier tipu d&#8217;autorizaci\u00f3n a padres y madres.<\/li>\n<li>El Serviciu de Tecnolox\u00edes Educatives trabaya dende setiembre nesti serviciu d&#8217;unviada de comunicaciones y llev\u00f3 a cabu distintos pruebes con \u00e9situ en cuatro centros d&#8217;ense\u00f1anza.<\/li>\n<\/ul>\n<\/div>\n<\/div>\n<\/div>\n<\/div>\n<\/div>\n<\/div>\n<\/div>\n<\/div>\n<\/div>\n<p>&nbsp;<\/p>\n","protected":false},"excerpt":{"rendered":"<p>Conseyer\u00eda d&#8217;Educaci\u00f3n\/ INFO \/ Educastur \/ \u00c1rea del profesorado \/ https:\/\/familias.asturias.es Educaci\u00f3n estrena una aplicaci\u00f3n para&#8217;l profesor\u00e1u que dexa comunicase coles families del alumn\u00e1u o llograr al intre&#8217;l carn\u00e9 del docente. El nuevu serviciu corporativu complementa a l&#8217;aplicaci\u00f3n de families que ta operativa dende 2021.<\/p>\n","protected":false},"author":117,"featured_media":0,"comment_status":"open","ping_status":"open","sticky":false,"template":"","format":"standard","meta":{"footnotes":""},"categories":[132],"tags":[],"class_list":["post-49230","post","type-post","status-publish","format-standard","hentry","category-educastur"],"_links":{"self":[{"href":"https:\/\/edublog.educastur.es\/ixuxu\/wp-json\/wp\/v2\/posts\/49230","targetHints":{"allow":["GET"]}}],"collection":[{"href":"https:\/\/edublog.educastur.es\/ixuxu\/wp-json\/wp\/v2\/posts"}],"about":[{"href":"https:\/\/edublog.educastur.es\/ixuxu\/wp-json\/wp\/v2\/types\/post"}],"author":[{"embeddable":true,"href":"https:\/\/edublog.educastur.es\/ixuxu\/wp-json\/wp\/v2\/users\/117"}],"replies":[{"embeddable":true,"href":"https:\/\/edublog.educastur.es\/ixuxu\/wp-json\/wp\/v2\/comments?post=49230"}],"version-history":[{"count":2,"href":"https:\/\/edublog.educastur.es\/ixuxu\/wp-json\/wp\/v2\/posts\/49230\/revisions"}],"predecessor-version":[{"id":49251,"href":"https:\/\/edublog.educastur.es\/ixuxu\/wp-json\/wp\/v2\/posts\/49230\/revisions\/49251"}],"wp:attachment":[{"href":"https:\/\/edublog.educastur.es\/ixuxu\/wp-json\/wp\/v2\/media?parent=49230"}],"wp:term":[{"taxonomy":"category","embeddable":true,"href":"https:\/\/edublog.educastur.es\/ixuxu\/wp-json\/wp\/v2\/categories?post=49230"},{"taxonomy":"post_tag","embeddable":true,"href":"https:\/\/edublog.educastur.es\/ixuxu\/wp-json\/wp\/v2\/tags?post=49230"}],"curies":[{"name":"wp","href":"https:\/\/api.w.org\/{rel}","templated":true}]}}