{"id":49273,"date":"2025-05-22T19:00:23","date_gmt":"2025-05-22T17:00:23","guid":{"rendered":"https:\/\/edublog.educastur.es\/ixuxu\/?p=49273"},"modified":"2025-05-22T21:52:15","modified_gmt":"2025-05-22T19:52:15","slug":"via-lactea","status":"publish","type":"post","link":"https:\/\/edublog.educastur.es\/ixuxu\/2025\/05\/via-lactea\/","title":{"rendered":"V\u00eda L\u00e1ctea"},"content":{"rendered":"<p>V\u00eda L\u00e1ctea, axuntaes nel certame<a href=\"https:\/\/capturetheatlas.com\/milky-way-photographer-of-the-year\/\"><strong> Milky Way Photographer of the Year 2025.<\/strong><\/a> La inmensid\u00e1 de la V\u00eda L\u00e1ctea ye tal que la so guapura res\u00faltanos inabarcable. Les fotograf\u00edes recoy\u00edes nel blogue Prinde the Atles d\u00e9xennos reparar en tou la so rellumanza la guapura incuestionable de la nuesa galaxa.<\/p>\n<p style=\"text-align: center\"><a href=\"https:\/\/imgcap.capturetheatlas.com\/wp-content\/uploads\/2025\/05\/DonPettit_2025MWPOTY.jpeg\"><img loading=\"lazy\" decoding=\"async\" class=\"aligncenter size-large\" src=\"https:\/\/imgcap.capturetheatlas.com\/wp-content\/uploads\/2025\/05\/DonPettit_2025MWPOTY.jpeg\" width=\"1659\" height=\"1080\" \/>\u201cOne in a Billion \u201d \u2013 Don Pettit<\/a><\/p>\n<p>Esta espectacular imaxe de la V\u00eda L\u00e1ctea foi tomada dende la Estaci\u00f3n Espacial Internacional (EEI) pol astronauta Don Pettit, el m\u00e1s llonxevu de la NASA. Nella apr\u00e9ciase perfectamente la guapura de la Tierra vista dende l&#8217;espaciu.<em> \u00abMientres la mio mente somorguiabase na contemplaci\u00f3n, los mios g\u00fceyos fix\u00e1base nos tenues reflexos d&#8217;una Tierra nocherniega. Hai m\u00e1s d&#8217;ocho mil millones de persones que llamen llar a esti planeta. Somos siete los que podemos dicir lo mesmo de la Estaci\u00f3n Espacial. Qu\u00e9 privilexu ye tar equ\u00ed\u00bb<\/em>, afirm\u00f3&#8217;l veteranu cosmonauta.<\/p>\n<p><!--more--><\/p>\n<p>A pesar de que los nuesos g\u00fceyos solo perciben una fracci\u00f3n diminuta de la V\u00eda L\u00e1ctea, la fotograf\u00eda rev\u00e9lanos la so rellumanza invisible, prindando matices, tonalidaes y estructures del firmamentu nocherniegu que suelen escapar a la nuesa percepci\u00f3n.<\/p>\n<p>Nesta octava edici\u00f3n, el certame Milky Way Photographer of The Year <strong>presenta una selecci\u00f3n de les 25 fotograf\u00edes m\u00e1s atanantes del cielu nocherniegu<\/strong>, llograes en diversos puntos del planeta, ya inclusive dende l&#8217;espaciu. La selecci\u00f3n actual incorpora, ente otres imaxes premiaes, xuna impresionante toma de la nuesa galaxa fotografiada a bordu de la Estaci\u00f3n Espacial Internacional, am\u00e1s d&#8217;unes fascinantes panor\u00e1miques de llugares escasamente documentaos. <a href=\"https:\/\/www.nationalgeographic.com.es\/fotografia\/mejores-fotos-via-lactea-reunidas-certamen-milky-way-photographer-of-the-year-2025_25083?fbclid=IwY2xjawKcXoRleHRuA2FlbQIxMQBicmlkETE0N09uVVU2TEQ0U2xQb3BnAR6IlcH7bmWwqNPLDRfUX2zH1FDJovUBjm_jiDtzkxylvdbFJzTJf7hVm61how_aem_g3HU4TiONsg7qQMJ7Pa4nA\">National Geographic<\/a> \/<\/p>\n<p>&nbsp;<\/p>\n<p>&nbsp;<\/p>\n","protected":false},"excerpt":{"rendered":"<p>V\u00eda L\u00e1ctea, axuntaes nel certame Milky Way Photographer of the Year 2025. La inmensid\u00e1 de la V\u00eda L\u00e1ctea ye tal que la so guapura res\u00faltanos inabarcable. Les fotograf\u00edes recoy\u00edes nel blogue Prinde the Atles d\u00e9xennos reparar en tou la so rellumanza la guapura incuestionable de la nuesa galaxa. \u201cOne in a Billion \u201d \u2013 Don [&hellip;]<\/p>\n","protected":false},"author":117,"featured_media":0,"comment_status":"open","ping_status":"open","sticky":false,"template":"","format":"standard","meta":{"footnotes":""},"categories":[223],"tags":[],"class_list":["post-49273","post","type-post","status-publish","format-standard","hentry","category-astronomia"],"_links":{"self":[{"href":"https:\/\/edublog.educastur.es\/ixuxu\/wp-json\/wp\/v2\/posts\/49273","targetHints":{"allow":["GET"]}}],"collection":[{"href":"https:\/\/edublog.educastur.es\/ixuxu\/wp-json\/wp\/v2\/posts"}],"about":[{"href":"https:\/\/edublog.educastur.es\/ixuxu\/wp-json\/wp\/v2\/types\/post"}],"author":[{"embeddable":true,"href":"https:\/\/edublog.educastur.es\/ixuxu\/wp-json\/wp\/v2\/users\/117"}],"replies":[{"embeddable":true,"href":"https:\/\/edublog.educastur.es\/ixuxu\/wp-json\/wp\/v2\/comments?post=49273"}],"version-history":[{"count":3,"href":"https:\/\/edublog.educastur.es\/ixuxu\/wp-json\/wp\/v2\/posts\/49273\/revisions"}],"predecessor-version":[{"id":49276,"href":"https:\/\/edublog.educastur.es\/ixuxu\/wp-json\/wp\/v2\/posts\/49273\/revisions\/49276"}],"wp:attachment":[{"href":"https:\/\/edublog.educastur.es\/ixuxu\/wp-json\/wp\/v2\/media?parent=49273"}],"wp:term":[{"taxonomy":"category","embeddable":true,"href":"https:\/\/edublog.educastur.es\/ixuxu\/wp-json\/wp\/v2\/categories?post=49273"},{"taxonomy":"post_tag","embeddable":true,"href":"https:\/\/edublog.educastur.es\/ixuxu\/wp-json\/wp\/v2\/tags?post=49273"}],"curies":[{"name":"wp","href":"https:\/\/api.w.org\/{rel}","templated":true}]}}