{"id":49293,"date":"2025-05-23T07:38:30","date_gmt":"2025-05-23T05:38:30","guid":{"rendered":"https:\/\/edublog.educastur.es\/ixuxu\/?p=49293"},"modified":"2025-05-23T07:38:30","modified_gmt":"2025-05-23T05:38:30","slug":"el-tiempu-nasturies-el-comercio-12","status":"publish","type":"post","link":"https:\/\/edublog.educastur.es\/ixuxu\/2025\/05\/el-tiempu-nasturies-el-comercio-12\/","title":{"rendered":"El tiempu n&#8217;Asturies (El Comercio)"},"content":{"rendered":"<p style=\"text-align: center\"><a href=\"https:\/\/s1.ppllstatics.com\/elcomercio\/www\/multimedia\/2025\/05\/22\/tiempo-asturias-viernes-23-mayo-kTB-U2301404163085IHH-1200x840@El%20Comercio.jpg\"><img loading=\"lazy\" decoding=\"async\" class=\"aligncenter size-large\" src=\"https:\/\/s1.ppllstatics.com\/elcomercio\/www\/multimedia\/2025\/05\/22\/tiempo-asturias-viernes-23-mayo-kTB-U2301404163085IHH-1200x840@El%20Comercio.jpg\" width=\"1200\" height=\"840\" \/><\/a><\/p>\n<p>Esperamos intervalos nublos de primeres con m\u00e1s claros cuanto m\u00e1s movamos escontra&#8217;l sur de la rex\u00f3n. <strong>A lo llargo del d\u00eda,<\/strong> les nubes van dir aumentando y van estendese per gran parte del Princip\u00e1u.<strong> A final de la xornada<\/strong> esp\u00e9rase que s&#8217;abran escamplaes dende la mari\u00f1a. Tocantes a les<strong> precipitaciones<\/strong>, van ser pr\u00e1cticamente nules. S\u00eda que non, y anque ye bien pocu probable, nun se refuga que pueda escapase dalguna gota insignificante escontra l&#8217;interior oriental. <strong>Los vientos<\/strong> van ser fluexos, predominando de nordeste na mari\u00f1a. <strong>Les temperatures m\u00ednimes<\/strong> van baxar na zona central y nel cordal, calteni\u00e9ndose ensin cambeos nel restu. <strong>Les m\u00e1ximes<\/strong> van ser pr\u00e1cticamente id\u00e9ntiques a les del xueves.<\/p>\n<p><!--more--><\/p>\n<p><strong>El s\u00e1badu<\/strong>, va ser un d\u00eda soleyeru dende primer hora de la ma\u00f1ana. Nam\u00e1, van apaecer borrines ma\u00f1aneres na zona central del Princip\u00e1u que se van estenar r\u00e1pido. Les temperatures m\u00e1ximes van xubir de forma xeneralizada, y van #facer especialmente nel interior onde podr\u00eden xubir hasta 4 o 5 \u00baC m\u00e1s qu&#8217;esti vienres. Na mari\u00f1a, l&#8217;ascensu va ser m\u00e1s moder\u00e1u. Tiempu estable tami\u00e9n para&#8217;l domingu anque les nubes van dir de menos a m\u00e1s.<\/p>\n","protected":false},"excerpt":{"rendered":"<p>Esperamos intervalos nublos de primeres con m\u00e1s claros cuanto m\u00e1s movamos escontra&#8217;l sur de la rex\u00f3n. A lo llargo del d\u00eda, les nubes van dir aumentando y van estendese per gran parte del Princip\u00e1u. A final de la xornada esp\u00e9rase que s&#8217;abran escamplaes dende la mari\u00f1a. Tocantes a les precipitaciones, van ser pr\u00e1cticamente nules. S\u00eda [&hellip;]<\/p>\n","protected":false},"author":117,"featured_media":0,"comment_status":"open","ping_status":"open","sticky":false,"template":"","format":"standard","meta":{"footnotes":""},"categories":[5],"tags":[],"class_list":["post-49293","post","type-post","status-publish","format-standard","hentry","category-tiempu"],"_links":{"self":[{"href":"https:\/\/edublog.educastur.es\/ixuxu\/wp-json\/wp\/v2\/posts\/49293","targetHints":{"allow":["GET"]}}],"collection":[{"href":"https:\/\/edublog.educastur.es\/ixuxu\/wp-json\/wp\/v2\/posts"}],"about":[{"href":"https:\/\/edublog.educastur.es\/ixuxu\/wp-json\/wp\/v2\/types\/post"}],"author":[{"embeddable":true,"href":"https:\/\/edublog.educastur.es\/ixuxu\/wp-json\/wp\/v2\/users\/117"}],"replies":[{"embeddable":true,"href":"https:\/\/edublog.educastur.es\/ixuxu\/wp-json\/wp\/v2\/comments?post=49293"}],"version-history":[{"count":1,"href":"https:\/\/edublog.educastur.es\/ixuxu\/wp-json\/wp\/v2\/posts\/49293\/revisions"}],"predecessor-version":[{"id":49294,"href":"https:\/\/edublog.educastur.es\/ixuxu\/wp-json\/wp\/v2\/posts\/49293\/revisions\/49294"}],"wp:attachment":[{"href":"https:\/\/edublog.educastur.es\/ixuxu\/wp-json\/wp\/v2\/media?parent=49293"}],"wp:term":[{"taxonomy":"category","embeddable":true,"href":"https:\/\/edublog.educastur.es\/ixuxu\/wp-json\/wp\/v2\/categories?post=49293"},{"taxonomy":"post_tag","embeddable":true,"href":"https:\/\/edublog.educastur.es\/ixuxu\/wp-json\/wp\/v2\/tags?post=49293"}],"curies":[{"name":"wp","href":"https:\/\/api.w.org\/{rel}","templated":true}]}}