{"id":49295,"date":"2025-05-23T07:44:12","date_gmt":"2025-05-23T05:44:12","guid":{"rendered":"https:\/\/edublog.educastur.es\/ixuxu\/?p=49295"},"modified":"2025-05-23T07:46:53","modified_gmt":"2025-05-23T05:46:53","slug":"el-tiempu-nespana","status":"publish","type":"post","link":"https:\/\/edublog.educastur.es\/ixuxu\/2025\/05\/el-tiempu-nespana\/","title":{"rendered":"El branu que tendremos n&#8217;Espa\u00f1a"},"content":{"rendered":"<ul>\n<li>Fonte: <a href=\"https:\/\/www.eltiempo.es\/noticias\/prevision-tiempo-verano-espana-2025\">El Tiempu<\/a> \/<\/li>\n<\/ul>\n<p>Esti branu 2025 <strong>podr\u00eda nun ser tan t\u00f3rrido como los postreros<\/strong> n&#8217;Espa\u00f1a. El mapa de previsi\u00f3n apunta a <strong>un branu daqu\u00e9 m\u00e1s templ\u00e1u, pero non tan estremu<\/strong>. Podr\u00edamos tener una estaci\u00f3n solo \u00abdaqu\u00e9 m\u00e1s templada\u00bb de lo normal, pero ensin un calor tan estremo como&#8217;l d&#8217;a\u00f1os pasaos na mayor parte d&#8217;Espa\u00f1a.<\/p>\n<div data-v-daa3aa0d=\"\">\n<figure class=\"wp-block-image size-large\"><img loading=\"lazy\" decoding=\"async\" class=\"wp-image-236947\" src=\"https:\/\/cdns3.eltiempo.es\/eltiempo\/blog\/noticias\/2025\/05\/19130401\/Prev_temp-1024x576.jpg\" alt=\"\" width=\"1024\" height=\"576\" \/><\/figure>\n<p><!--more--><\/p>\n<p>Les postreres sal\u00edes de los modelos colos enclinos en temperatures pa esti branu 2025 saquen los mapes en tonos llixeramente anaranxaos o neutros, lo qu&#8217;indica xuna anomal\u00eda t\u00e9rmica positiva bien d\u00e9bil en gran parte d&#8217;Espa\u00f1a.<\/p>\n<p>Esto oldea con branos anteriores, onde&#8217;l color color\u00e1u intensu apoderaba&#8217;l mapa, antemanando temperatures bien cimeres a la media.<\/p>\n<p>Tan solo les isles y l&#8217;estremu norte peninsular podr\u00eden tener un branu m\u00e1s templ\u00e1u de lo normal. Pal restu ser\u00eda solo llixeramente m\u00e1s templ\u00e1u de lo normal.<\/p>\n<p>Inclusive nel suroeste esp\u00e9rase que s&#8217;atope dientro de la normalid\u00e1: sur d&#8217;Estremadura y oeste d&#8217;Andaluc\u00eda (Huelva, Sevilla o C\u00e1diz) podr\u00eden vivir un branu con temperatures habituales na zona dientro de la media estad\u00edstica.<\/p>\n<p style=\"text-align: center\"><a href=\"https:\/\/cdns3.eltiempo.es\/eltiempo\/blog\/noticias\/2025\/05\/19130646\/Prev_prec-1536x864.jpg\"><img loading=\"lazy\" decoding=\"async\" class=\"aligncenter size-large\" src=\"https:\/\/cdns3.eltiempo.es\/eltiempo\/blog\/noticias\/2025\/05\/19130646\/Prev_prec-1536x864.jpg\" width=\"1536\" height=\"864\" \/><\/a><\/p>\n<\/div>\n<p>Les previsiones apunten a qu&#8217;esti branu del 2025 n&#8217;Espa\u00f1a <strong>podr\u00eda venir con precipitaciones dientro de la media climatol\u00f3xic<\/strong>a, lo cual ye lo esperao nesta estaci\u00f3n, de normal ensuga en gran parte del pa\u00eds.<\/p>\n<p>Lo m\u00e1s relevante ye que nun se reparen se\u00f1ales d&#8217;una seca meteorol\u00f3xica agravada, una y bones los modelos nun antemanen anomal\u00edes significatives per debaxo de lo normal. Quepe recordar am\u00e1s que&#8217;l branu va arrincar tres una primavera especialmente h\u00fameda nel nuesu pa\u00eds col caudal de los nuesos banzaos en m\u00e1ximos en comparanza colos \u00faltimos a\u00f1os.<\/p>\n<p>&nbsp;<\/p>\n","protected":false},"excerpt":{"rendered":"<p>Fonte: El Tiempu \/ Esti branu 2025 podr\u00eda nun ser tan t\u00f3rrido como los postreros n&#8217;Espa\u00f1a. El mapa de previsi\u00f3n apunta a un branu daqu\u00e9 m\u00e1s templ\u00e1u, pero non tan estremu. Podr\u00edamos tener una estaci\u00f3n solo \u00abdaqu\u00e9 m\u00e1s templada\u00bb de lo normal, pero ensin un calor tan estremo como&#8217;l d&#8217;a\u00f1os pasaos na mayor parte d&#8217;Espa\u00f1a.<\/p>\n","protected":false},"author":117,"featured_media":0,"comment_status":"open","ping_status":"open","sticky":false,"template":"","format":"standard","meta":{"footnotes":""},"categories":[5],"tags":[],"class_list":["post-49295","post","type-post","status-publish","format-standard","hentry","category-tiempu"],"_links":{"self":[{"href":"https:\/\/edublog.educastur.es\/ixuxu\/wp-json\/wp\/v2\/posts\/49295","targetHints":{"allow":["GET"]}}],"collection":[{"href":"https:\/\/edublog.educastur.es\/ixuxu\/wp-json\/wp\/v2\/posts"}],"about":[{"href":"https:\/\/edublog.educastur.es\/ixuxu\/wp-json\/wp\/v2\/types\/post"}],"author":[{"embeddable":true,"href":"https:\/\/edublog.educastur.es\/ixuxu\/wp-json\/wp\/v2\/users\/117"}],"replies":[{"embeddable":true,"href":"https:\/\/edublog.educastur.es\/ixuxu\/wp-json\/wp\/v2\/comments?post=49295"}],"version-history":[{"count":4,"href":"https:\/\/edublog.educastur.es\/ixuxu\/wp-json\/wp\/v2\/posts\/49295\/revisions"}],"predecessor-version":[{"id":49299,"href":"https:\/\/edublog.educastur.es\/ixuxu\/wp-json\/wp\/v2\/posts\/49295\/revisions\/49299"}],"wp:attachment":[{"href":"https:\/\/edublog.educastur.es\/ixuxu\/wp-json\/wp\/v2\/media?parent=49295"}],"wp:term":[{"taxonomy":"category","embeddable":true,"href":"https:\/\/edublog.educastur.es\/ixuxu\/wp-json\/wp\/v2\/categories?post=49295"},{"taxonomy":"post_tag","embeddable":true,"href":"https:\/\/edublog.educastur.es\/ixuxu\/wp-json\/wp\/v2\/tags?post=49295"}],"curies":[{"name":"wp","href":"https:\/\/api.w.org\/{rel}","templated":true}]}}