{"id":49304,"date":"2025-05-24T09:00:58","date_gmt":"2025-05-24T07:00:58","guid":{"rendered":"https:\/\/edublog.educastur.es\/ixuxu\/?p=49304"},"modified":"2025-05-23T11:43:32","modified_gmt":"2025-05-23T09:43:32","slug":"dia-europeu-de-los-parques-naturales-5","status":"publish","type":"post","link":"https:\/\/edublog.educastur.es\/ixuxu\/2025\/05\/dia-europeu-de-los-parques-naturales-5\/","title":{"rendered":"D\u00eda Europ\u00e9u de los Parques Naturales."},"content":{"rendered":"<p style=\"text-align: center\"><a href=\"https:\/\/fundacion-biodiversidad.es\/wp-content\/uploads\/2014\/03\/dia_parques.jpg\"><img loading=\"lazy\" decoding=\"async\" class=\"aligncenter size-large\" src=\"https:\/\/fundacion-biodiversidad.es\/wp-content\/uploads\/2014\/03\/dia_parques.jpg\" width=\"800\" height=\"598\" \/><\/a><\/p>\n<p>Foi&#8217;l 24 de mayu de 1909 cuando se declararon en Suecia los primeros Parques Naturales n&#8217;Europa.\u00a0Para conmemorar esti d\u00eda, la <strong><span style=\"color: #008080\">Federaci\u00f3n EUROPARC<\/span><\/strong>, organizaci\u00f3n paneuropea creada en 1973 qu&#8217;axunta a instituciones dedicaes al caltenimientu de la naturaleza y a espacios naturales protex\u00edos de 38 pa\u00edses, promueve dende 1999 la celebraci\u00f3n d&#8217;esti d\u00eda. E<span style=\"color: #008080\"><a style=\"color: #008080\" href=\"https:\/\/redeuroparc.org\/dia-europeo-de-los-parques\/\"><strong>uroparc Espa\u00f1a<\/strong><\/a><\/span> \/ <a href=\"https:\/\/www.facebook.com\/REDEUROPARC\/\">Facebook\u00a0<\/a> \/<\/p>\n<p style=\"text-align: center\"><strong><span style=\"color: #008080;font-size: 24px\"><em>\u00abXuntos pola Naturaleza\u00bb<\/em><\/span><\/strong><\/p>\n<p><!--more--><\/p>\n<p style=\"text-align: center\">\n<!-- iframe plugin v.6.0 wordpress.org\/plugins\/iframe\/ -->\n<iframe loading=\"lazy\" src=\"https:\/\/www.facebook.com\/plugins\/post.php?href=https%3A%2F%2Fwww.facebook.com%2FREDEUROPARC%2Fposts%2Fpfbid0374nVYTD8jdtwe1jiYdn3voJQDPtDwhXRg2ikhhkbvZFvpnKmzZfpG6d8LG763Pzhl&#038;show_text=false&#038;width=500\" width=\"500\" height=\"281\" style=\"border:none;overflow:hidden\" scrolling=\"no\" frameborder=\"0\" allowfullscreen=\"true\" allow=\"autoplay; clipboard-write; encrypted-media; picture-in-picture; web-share\" 0=\"\/iframe\" class=\"iframe-class\"><\/iframe>\n<\/p>\n<p><a href=\"https:\/\/www.diainternacionalde.com\/imagenes\/dias\/05-24-dia-europeo-parques-naturales.png\"><img loading=\"lazy\" decoding=\"async\" class=\"aligncenter \" src=\"https:\/\/www.diainternacionalde.com\/imagenes\/dias\/05-24-dia-europeo-parques-naturales.png\" width=\"200\" height=\"160\" \/><\/a><\/p>\n<div class=\"x11i5rnm xat24cr x1mh8g0r x1vvkbs xtlvy1s x126k92a\"><\/div>\n<div class=\"x11i5rnm xat24cr x1mh8g0r x1vvkbs xtlvy1s x126k92a\">\n<div dir=\"auto\">Los espacios protex\u00edos n&#8217;Espa\u00f1a y n&#8217;Europa suman redolada a la fecha del 24 de mayu a la celebraci\u00f3n entamando diverses actividaes, dende rutes y visites empuestes hasta conferencies pasando por talleres na naturaleza, ente otres munches. Una celebraci\u00f3n europea de la naturaleza, la cultura y la comunid\u00e1.<\/div>\n<\/div>\n<div class=\"x11i5rnm xat24cr x1mh8g0r x1vvkbs xtlvy1s x126k92a\">\n<div dir=\"auto\"><span class=\"html-span xdj266r x11i5rnm xat24cr x1mh8g0r xexx8yu x4uap5 x18d9i69 xkhd6sd x1hl2dhg x16tdsg8 x1vvkbs\"><a class=\"x1i10hfl xjbqb8w x1ejq31n xd10rxx x1sy0etr x17r0tee x972fbf xcfux6l x1qhh985 xm0m39n x9f619 x1ypdohk xt0psk2 xe8uvvx xdj266r x11i5rnm xat24cr x1mh8g0r xexx8yu x4uap5 x18d9i69 xkhd6sd x16tdsg8 x1hl2dhg xggy1nq x1a2a7pz xkrqix3 x1sur9pj x1fey0fg x1s688f\" role=\"link\" href=\"https:\/\/www.europarc.org\/managing-parks\/european-day-of-parks\/?fbclid=IwZXh0bgNhZW0CMTAAYnJpZBEwd2VMc2dPZjFEU2RYMEsxUgEeZ4-n37ZiDy45S7QCPSl_9o15Gh6_E-OO-2QRgKHcQK4HvZ8SVibIthe7CHE_aem_wxT7cnSyOK5_f0BRnxURmg\" target=\"_blank\" rel=\"nofollow noopener noreferrer\">https:\/\/www.europarc.org\/managing&#8230;\/european-day-of-parks\/<\/a><\/span><\/div>\n<div dir=\"auto\"><\/div>\n<ul>\n<li dir=\"auto\">N&#8217;Espa\u00f1a tenemos estos <a href=\"https:\/\/www.miteco.gob.es\/es\/parques-nacionales-oapn\/red-parques-nacionales\/parques-nacionales.html\">Parques Nacionales.<\/a><\/li>\n<\/ul>\n<p style=\"text-align: center\"><a href=\"https:\/\/www.miteco.gob.es\/es\/parques-nacionales-oapn\/red-parques-nacionales\/parques-nacionales\/_jcr_content\/root\/container\/container-main\/container-banner\/image_mapping.coreimg.jpeg\/1742891434273\/mapareddeparques-tcm30-581609.jpeg\"><img loading=\"lazy\" decoding=\"async\" class=\"aligncenter size-large\" src=\"https:\/\/www.miteco.gob.es\/es\/parques-nacionales-oapn\/red-parques-nacionales\/parques-nacionales\/_jcr_content\/root\/container\/container-main\/container-banner\/image_mapping.coreimg.jpeg\/1742891434273\/mapareddeparques-tcm30-581609.jpeg\" width=\"745\" height=\"500\" \/><\/a><\/p>\n<div dir=\"auto\">N&#8217;Asturies, Los <a href=\"https:\/\/www.miteco.gob.es\/es\/parques-nacionales-oapn\/red-parques-nacionales\/parques-nacionales\/picos-europa.html\"><strong>Picos d&#8217;Europa<\/strong><\/a>: <a href=\"https:\/\/parquenacionalpicoseuropa.es\/\"><strong>Web<\/strong> <\/a>\/<\/div>\n<div dir=\"auto\"><\/div>\n<ul>\n<li dir=\"auto\"><em>Representa los ecosistemes amestaos al monte atl\u00e1nticu.<\/em><\/li>\n<li dir=\"auto\"><em>Presenten la mayor formaci\u00f3n caliar de la Europa Atl\u00e1ntica, con importantes procesos c\u00e1rsticos, torques que lleguen a m\u00e1s de 1.000 m, erosi\u00f3n glaciar bien patente y presencia de llagos.\u00a0<\/em><\/li>\n<li dir=\"auto\"><em>Ente los sos riscos habita&#8217;l <strong>robecu, nos tupios montes los corzos, llobos y presencia ocasional de dalg\u00fan osu.\u00a0<\/strong><\/em><\/li>\n<li dir=\"auto\"><em>Nel Parque habiten<strong> m\u00e1s de 100 especies d&#8217;aves<\/strong>, ente les que destaquen el pito negru y l&#8217;urogallo, y ente les grandes rapazos la utre leonado y l&#8217;\u00e1guila real.<\/em><\/li>\n<li dir=\"auto\"><em> Pero equ\u00ed hai muncho m\u00e1s que paisaxe, hai sieglos d&#8217;hestoria escritos nos pueblos, nos valles, nes ilesies, nes cabanes de los puertos y nos sos caminos.<\/em><\/li>\n<\/ul>\n<p style=\"text-align: center\"><a href=\"https:\/\/www.miteco.gob.es\/es\/parques-nacionales-oapn\/red-parques-nacionales\/parques-nacionales\/picos-europa\/_jcr_content\/root\/container\/container-main\/container-content\/image19.coreimg.png\/1692867245320\/picos-de-europa-33427-tcm30-65175.png\"><img loading=\"lazy\" decoding=\"async\" class=\"aligncenter size-large\" src=\"https:\/\/www.miteco.gob.es\/es\/parques-nacionales-oapn\/red-parques-nacionales\/parques-nacionales\/picos-europa\/_jcr_content\/root\/container\/container-main\/container-content\/image19.coreimg.png\/1692867245320\/picos-de-europa-33427-tcm30-65175.png\" width=\"515\" height=\"350\" \/><\/a><\/p>\n<\/div>\n<p>&nbsp;<\/p>\n","protected":false},"excerpt":{"rendered":"<p>Foi&#8217;l 24 de mayu de 1909 cuando se declararon en Suecia los primeros Parques Naturales n&#8217;Europa.\u00a0Para conmemorar esti d\u00eda, la Federaci\u00f3n EUROPARC, organizaci\u00f3n paneuropea creada en 1973 qu&#8217;axunta a instituciones dedicaes al caltenimientu de la naturaleza y a espacios naturales protex\u00edos de 38 pa\u00edses, promueve dende 1999 la celebraci\u00f3n d&#8217;esti d\u00eda. Europarc Espa\u00f1a \/ Facebook\u00a0 [&hellip;]<\/p>\n","protected":false},"author":117,"featured_media":0,"comment_status":"open","ping_status":"open","sticky":false,"template":"","format":"standard","meta":{"footnotes":""},"categories":[6,291],"tags":[],"class_list":["post-49304","post","type-post","status-publish","format-standard","hentry","category-dia-de","category-parques"],"_links":{"self":[{"href":"https:\/\/edublog.educastur.es\/ixuxu\/wp-json\/wp\/v2\/posts\/49304","targetHints":{"allow":["GET"]}}],"collection":[{"href":"https:\/\/edublog.educastur.es\/ixuxu\/wp-json\/wp\/v2\/posts"}],"about":[{"href":"https:\/\/edublog.educastur.es\/ixuxu\/wp-json\/wp\/v2\/types\/post"}],"author":[{"embeddable":true,"href":"https:\/\/edublog.educastur.es\/ixuxu\/wp-json\/wp\/v2\/users\/117"}],"replies":[{"embeddable":true,"href":"https:\/\/edublog.educastur.es\/ixuxu\/wp-json\/wp\/v2\/comments?post=49304"}],"version-history":[{"count":6,"href":"https:\/\/edublog.educastur.es\/ixuxu\/wp-json\/wp\/v2\/posts\/49304\/revisions"}],"predecessor-version":[{"id":49310,"href":"https:\/\/edublog.educastur.es\/ixuxu\/wp-json\/wp\/v2\/posts\/49304\/revisions\/49310"}],"wp:attachment":[{"href":"https:\/\/edublog.educastur.es\/ixuxu\/wp-json\/wp\/v2\/media?parent=49304"}],"wp:term":[{"taxonomy":"category","embeddable":true,"href":"https:\/\/edublog.educastur.es\/ixuxu\/wp-json\/wp\/v2\/categories?post=49304"},{"taxonomy":"post_tag","embeddable":true,"href":"https:\/\/edublog.educastur.es\/ixuxu\/wp-json\/wp\/v2\/tags?post=49304"}],"curies":[{"name":"wp","href":"https:\/\/api.w.org\/{rel}","templated":true}]}}