{"id":49344,"date":"2025-05-24T18:35:54","date_gmt":"2025-05-24T16:35:54","guid":{"rendered":"https:\/\/edublog.educastur.es\/ixuxu\/?p=49344"},"modified":"2025-05-24T18:35:54","modified_gmt":"2025-05-24T16:35:54","slug":"el-principau-dasturies-unu-de-los-cuatro-supervivientes-de-la-vieya-europa","status":"publish","type":"post","link":"https:\/\/edublog.educastur.es\/ixuxu\/2025\/05\/el-principau-dasturies-unu-de-los-cuatro-supervivientes-de-la-vieya-europa\/","title":{"rendered":"El Princip\u00e1u d&#8217;Asturies, unu de los cuatro supervivientes de la vieya Europa"},"content":{"rendered":"<p>La comunid\u00e1 aut\u00f3noma comparte denominaci\u00f3n, con una interesante y rica hestoria detr\u00e1s, con Andorra, M\u00f3naco y Liechtenstein, tr\u00e9s estaos soberanos nel continente muncho m\u00e1s ricos que&#8217;l territoriu asturianu, pero m\u00e1s pequenos y menos populosos.<\/p>\n<ul>\n<li>Fonte: <a href=\"https:\/\/www.lne.es\/asturias\/2025\/05\/23\/principado-asturias-cuatro-supervivientes-vieja-117559116.html?utm_medium=Social&amp;utm_campaign=Echobox&amp;utm_source=Facebook&amp;fbclid=IwY2xjawKe1EVleHRuA2FlbQIxMABicmlkETFraHhJTDUxVThxQm9IcU9kAR5RUqnMeLCN0VEB6asvyKRoJ4TMtEgNeg-HPd2VYZXjvVbxXkyEX3nvOWs-uQ_aem_wDKH1KQ8RpOspXdk3xPRvA#Echobox=1748024456\">LNE<\/a> \/<\/li>\n<\/ul>\n<p style=\"text-align: center\"><a href=\"https:\/\/estaticos-cdn.prensaiberica.es\/clip\/d9aac98e-be52-465c-b2fb-f7ac74e152f4_16-9-discover-aspect-ratio_default_0.webp\"><img loading=\"lazy\" decoding=\"async\" class=\"aligncenter size-large\" src=\"https:\/\/estaticos-cdn.prensaiberica.es\/clip\/d9aac98e-be52-465c-b2fb-f7ac74e152f4_16-9-discover-aspect-ratio_default_0.webp\" width=\"1200\" height=\"675\" \/><\/a><\/p>\n<p>Los cuatro xuntos ronden a dures penes los 2 millones d&#8217;habitantes y los 11.300 kil\u00f3metros cuadraos d&#8217;estensi\u00f3n n&#8217;Europa. Son peque\u00f1inos nel mapa del continente \u2013por non dicir nel del mundu\u2013, pero \u00abambiciosos\u00bb nel so nome: Princip\u00e1u.<\/p>\n","protected":false},"excerpt":{"rendered":"<p>La comunid\u00e1 aut\u00f3noma comparte denominaci\u00f3n, con una interesante y rica hestoria detr\u00e1s, con Andorra, M\u00f3naco y Liechtenstein, tr\u00e9s estaos soberanos nel continente muncho m\u00e1s ricos que&#8217;l territoriu asturianu, pero m\u00e1s pequenos y menos populosos. Fonte: LNE \/ Los cuatro xuntos ronden a dures penes los 2 millones d&#8217;habitantes y los 11.300 kil\u00f3metros cuadraos d&#8217;estensi\u00f3n n&#8217;Europa. [&hellip;]<\/p>\n","protected":false},"author":117,"featured_media":0,"comment_status":"open","ping_status":"open","sticky":false,"template":"","format":"standard","meta":{"footnotes":""},"categories":[19],"tags":[],"class_list":["post-49344","post","type-post","status-publish","format-standard","hentry","category-asturies"],"_links":{"self":[{"href":"https:\/\/edublog.educastur.es\/ixuxu\/wp-json\/wp\/v2\/posts\/49344","targetHints":{"allow":["GET"]}}],"collection":[{"href":"https:\/\/edublog.educastur.es\/ixuxu\/wp-json\/wp\/v2\/posts"}],"about":[{"href":"https:\/\/edublog.educastur.es\/ixuxu\/wp-json\/wp\/v2\/types\/post"}],"author":[{"embeddable":true,"href":"https:\/\/edublog.educastur.es\/ixuxu\/wp-json\/wp\/v2\/users\/117"}],"replies":[{"embeddable":true,"href":"https:\/\/edublog.educastur.es\/ixuxu\/wp-json\/wp\/v2\/comments?post=49344"}],"version-history":[{"count":1,"href":"https:\/\/edublog.educastur.es\/ixuxu\/wp-json\/wp\/v2\/posts\/49344\/revisions"}],"predecessor-version":[{"id":49393,"href":"https:\/\/edublog.educastur.es\/ixuxu\/wp-json\/wp\/v2\/posts\/49344\/revisions\/49393"}],"wp:attachment":[{"href":"https:\/\/edublog.educastur.es\/ixuxu\/wp-json\/wp\/v2\/media?parent=49344"}],"wp:term":[{"taxonomy":"category","embeddable":true,"href":"https:\/\/edublog.educastur.es\/ixuxu\/wp-json\/wp\/v2\/categories?post=49344"},{"taxonomy":"post_tag","embeddable":true,"href":"https:\/\/edublog.educastur.es\/ixuxu\/wp-json\/wp\/v2\/tags?post=49344"}],"curies":[{"name":"wp","href":"https:\/\/api.w.org\/{rel}","templated":true}]}}