{"id":49357,"date":"2025-05-24T08:25:25","date_gmt":"2025-05-24T06:25:25","guid":{"rendered":"https:\/\/edublog.educastur.es\/ixuxu\/?p=49357"},"modified":"2025-05-24T10:48:43","modified_gmt":"2025-05-24T08:48:43","slug":"estau-del-tiempu-sabadu-24-de-mayu","status":"publish","type":"post","link":"https:\/\/edublog.educastur.es\/ixuxu\/2025\/05\/estau-del-tiempu-sabadu-24-de-mayu\/","title":{"rendered":"Est\u00e1u del tiempu: s\u00e1badu 24 de mayu"},"content":{"rendered":"<div class=\"html-div xdj266r xexx8yu x4uap5 x18d9i69 xkhd6sd x1n2onr6 x1mh8g0r x11i5rnm xod5an3\">\n<div class=\"html-div xdj266r x11i5rnm xat24cr x1mh8g0r xexx8yu x4uap5 x18d9i69 xkhd6sd x6ikm8r x10wlt62\"><\/div>\n<\/div>\n<div class=\"xu06os2 x1ok221b\">\n<div class=\"html-div xdj266r x11i5rnm xat24cr x1mh8g0r xexx8yu x4uap5 x18d9i69 xkhd6sd\" data-ad-rendering-role=\"profile_name\">\n<ul>\n<li class=\"html-h3 x11i5rnm xat24cr x1mh8g0r xexx8yu x4uap5 x18d9i69 xkhd6sd x1vvkbs x1heor9g x1qlqyl8 x1pd3egz x1a2a7pz x1gslohp x1yc453h\"><span class=\"x1lliihq x6ikm8r x10wlt62 x1n2onr6\"><span class=\"xt0psk2\"><span class=\"xjp7ctv\"><a class=\"x1i10hfl xjbqb8w x1ejq31n xd10rxx x1sy0etr x17r0tee x972fbf xcfux6l x1qhh985 xm0m39n x9f619 x1ypdohk xt0psk2 xe8uvvx xdj266r x11i5rnm xat24cr x1mh8g0r xexx8yu x4uap5 x18d9i69 xkhd6sd x16tdsg8 x1hl2dhg xggy1nq x1a2a7pz xkrqix3 x1sur9pj xzsf02u x1s688f\" role=\"link\" href=\"https:\/\/www.facebook.com\/eltiempuenasturies?__cft__[0]=AZVb6jequPP4EJp0PuG7q33HGfWfWonnv3yagE0Urwhxdd2WCzqeZk9sRAZFsJLu6u8xnLFRMRl365keiFGIi-KhhM7dWB8itImU2OIWts6VEYBh1muo-VNPks7xQf2_oRKhqlNN6Ryg2bJsLf8hN_WRTdjjzO91Hy5HxAl8G2cyDh2oxcUd7qwuCvnmCGUW_CU2HQ-s_VWG9DumYczg47ywahhsR80PZsiLL0LugWBYZQ&amp;__tn__=-UC%2CP-y-R\"><strong class=\"html-strong xdj266r x11i5rnm xat24cr x1mh8g0r xexx8yu x4uap5 x18d9i69 xkhd6sd x1hl2dhg x16tdsg8 x1vvkbs x1s688f\"><span class=\"html-span xdj266r x11i5rnm xat24cr x1mh8g0r xexx8yu x4uap5 x18d9i69 xkhd6sd x1hl2dhg x16tdsg8 x1vvkbs\">El Tiempu n&#8217;Asturies.<\/span><\/strong><\/a><\/span><\/span><\/span><\/li>\n<\/ul>\n<\/div>\n<\/div>\n<div class=\"xu06os2 x1ok221b\"><\/div>\n<div class=\"html-div xdj266r x11i5rnm xat24cr x1mh8g0r xexx8yu x4uap5 x18d9i69 xkhd6sd\" dir=\"auto\">\n<div class=\"html-div xdj266r x11i5rnm xat24cr x1mh8g0r xexx8yu x4uap5 x18d9i69 xkhd6sd\" data-ad-rendering-role=\"story_message\">\n<div class=\"x1l90r2v x1iorvi4 x1ye3gou xn6708d\" data-ad-comet-preview=\"message\" data-ad-preview=\"message\">\n<div class=\"x78zum5 xdt5ytf xz62fqu x16ldp7u\">\n<div class=\"xu06os2 x1ok221b\">\n<div class=\"html-div xdj266r x11i5rnm xat24cr x1mh8g0r xexx8yu x4uap5 x18d9i69 xkhd6sd\">\n<div class=\"x11i5rnm xat24cr x1mh8g0r x1vvkbs xtlvy1s x126k92a\">\n<ul>\n<li dir=\"auto\"><span style=\"color: #008080\"><strong>Alborecemos<\/strong><\/span> col cielu poco nuboso o escampl\u00e1u, sicas\u00ed na fastera central asturiana y no fonderu los valles tendemos dalgo de borr\u00edn y nublina con unes temperatures que tan alrodiu de los 10\u00baC, rexistr\u00e1ndose nel puirtu Payares 6,9\u00baC.<\/li>\n<\/ul>\n<\/div>\n<div class=\"x11i5rnm xat24cr x1mh8g0r x1vvkbs xtlvy1s x126k92a\">\n<ul>\n<li dir=\"auto\"><span style=\"color: #008080\"><strong>G\u00fcei<\/strong><\/span> los borrinos y nublines del alborecer dir\u00e1n dixebr\u00e1ndose r\u00e1pidamente pa dexanos un d\u00eda soleyeru y perguapo con temperatures n&#8217;ascensu pero sin pasar calor con m\u00e1simes que malpenes sobrepasar\u00e1n los 21-22\u00baC, sicas\u00ed nel llitoral y zones espuestes l&#8217;aire nord\u00e9s pue soplar dalgo cafiante y baxar la sensaci\u00f3n t\u00e9rmica.<\/li>\n<\/ul>\n<p><!--more--><\/p>\n<\/div>\n<div class=\"x11i5rnm xat24cr x1mh8g0r x1vvkbs xtlvy1s x126k92a\">\n<ul>\n<li dir=\"auto\"><strong><span style=\"color: #008080\">Ma\u00f1ana domingu<\/span><\/strong> vamos tener m\u00e1s nubes que g\u00fcei ya dir\u00e1n ganando terr\u00e9n sobre too pela tarde, inclusu puen dexanos dalgo d&#8217;orp\u00edn al atapecer con unes temperatures que camudar\u00e1n poco o descender\u00e1n llixeramente les m\u00e1simes.<\/li>\n<\/ul>\n<\/div>\n<div class=\"x11i5rnm xat24cr x1mh8g0r x1vvkbs xtlvy1s x126k92a\">\n<ul>\n<li dir=\"auto\"><strong><span style=\"color: #008080\">El llunes<\/span><\/strong> tar\u00e1&#8217;l cielu nuble tol d\u00eda pero sin malpenes precipitaciones que de dase sedr\u00e1n en forma d&#8217;orp\u00edn y nel llitoral ocidental d&#8217;Asturies con unes temperatures que van caltenese suaves con m\u00e1simes que tar\u00e1n sobre los 20\u00baC.<\/li>\n<\/ul>\n<\/div>\n<div class=\"x11i5rnm xat24cr x1mh8g0r x1vvkbs xtlvy1s x126k92a\">\n<ul>\n<li dir=\"auto\"><strong><span style=\"color: #008080\">El martes<\/span> <\/strong>meyora ya dir\u00e1 escamplando&#8217;l cielu y paez que&#8217;l restu la selmana sedr\u00e1 anticicl\u00f3nica con sol y muncho calor de cara al vienres cuando puen algamase los 30\u00baC na mayor parte d&#8217;Asturies, favoreciendo la fin de selmana que tengamos dalguna truena pero esto y\u00e1 lu diremos viendo.<\/li>\n<\/ul>\n<\/div>\n<\/div>\n<\/div>\n<\/div>\n<\/div>\n<\/div>\n<\/div>\n<p>&nbsp;<\/p>\n","protected":false},"excerpt":{"rendered":"<p>El Tiempu n&#8217;Asturies. Alborecemos col cielu poco nuboso o escampl\u00e1u, sicas\u00ed na fastera central asturiana y no fonderu los valles tendemos dalgo de borr\u00edn y nublina con unes temperatures que tan alrodiu de los 10\u00baC, rexistr\u00e1ndose nel puirtu Payares 6,9\u00baC. G\u00fcei los borrinos y nublines del alborecer dir\u00e1n dixebr\u00e1ndose r\u00e1pidamente pa dexanos un d\u00eda soleyeru [&hellip;]<\/p>\n","protected":false},"author":117,"featured_media":0,"comment_status":"open","ping_status":"open","sticky":false,"template":"","format":"standard","meta":{"footnotes":""},"categories":[5],"tags":[],"class_list":["post-49357","post","type-post","status-publish","format-standard","hentry","category-tiempu"],"_links":{"self":[{"href":"https:\/\/edublog.educastur.es\/ixuxu\/wp-json\/wp\/v2\/posts\/49357","targetHints":{"allow":["GET"]}}],"collection":[{"href":"https:\/\/edublog.educastur.es\/ixuxu\/wp-json\/wp\/v2\/posts"}],"about":[{"href":"https:\/\/edublog.educastur.es\/ixuxu\/wp-json\/wp\/v2\/types\/post"}],"author":[{"embeddable":true,"href":"https:\/\/edublog.educastur.es\/ixuxu\/wp-json\/wp\/v2\/users\/117"}],"replies":[{"embeddable":true,"href":"https:\/\/edublog.educastur.es\/ixuxu\/wp-json\/wp\/v2\/comments?post=49357"}],"version-history":[{"count":1,"href":"https:\/\/edublog.educastur.es\/ixuxu\/wp-json\/wp\/v2\/posts\/49357\/revisions"}],"predecessor-version":[{"id":49358,"href":"https:\/\/edublog.educastur.es\/ixuxu\/wp-json\/wp\/v2\/posts\/49357\/revisions\/49358"}],"wp:attachment":[{"href":"https:\/\/edublog.educastur.es\/ixuxu\/wp-json\/wp\/v2\/media?parent=49357"}],"wp:term":[{"taxonomy":"category","embeddable":true,"href":"https:\/\/edublog.educastur.es\/ixuxu\/wp-json\/wp\/v2\/categories?post=49357"},{"taxonomy":"post_tag","embeddable":true,"href":"https:\/\/edublog.educastur.es\/ixuxu\/wp-json\/wp\/v2\/tags?post=49357"}],"curies":[{"name":"wp","href":"https:\/\/api.w.org\/{rel}","templated":true}]}}