{"id":49359,"date":"2025-05-24T08:30:46","date_gmt":"2025-05-24T06:30:46","guid":{"rendered":"https:\/\/edublog.educastur.es\/ixuxu\/?p=49359"},"modified":"2025-05-24T10:50:48","modified_gmt":"2025-05-24T08:50:48","slug":"el-tiempu-el-comercio-50","status":"publish","type":"post","link":"https:\/\/edublog.educastur.es\/ixuxu\/2025\/05\/el-tiempu-el-comercio-50\/","title":{"rendered":"El tiempu (El Comercio)"},"content":{"rendered":"<p style=\"text-align: center\"><a href=\"https:\/\/s3.ppllstatics.com\/elcomercio\/www\/multimedia\/2025\/05\/23\/tiempo-asturias-sabado-24-mayo-k1AH-U2301404163085IHH-1200x840@El%20Comercio.jpg\"><img loading=\"lazy\" decoding=\"async\" class=\"aligncenter size-large\" src=\"https:\/\/s3.ppllstatics.com\/elcomercio\/www\/multimedia\/2025\/05\/23\/tiempo-asturias-sabado-24-mayo-k1AH-U2301404163085IHH-1200x840@El%20Comercio.jpg\" width=\"1200\" height=\"840\" \/><\/a><\/p>\n<p><strong>Vamos esfrutar d&#8217;un d\u00eda soleyeru en tol Princip\u00e1u d&#8217;Asturies.<\/strong> Los cielos van tar pocu nublos dende primer hora de la ma\u00f1ana, sacantes la posibilid\u00e1 de delles borrines que podr\u00eden apaecer en zones del interior y que se van estenar r\u00e1pido. <strong>Los vientos<\/strong> van ser fluexos polo xeneral pudiendo predominar de norte o noroeste. <strong>Les temperatures m\u00e1ximes<\/strong> van xubir de forma xeneralizada. Dichu ascensu va ser de m\u00e1s de 4 \u00baC en tol interior, pudiendo ser inclusive d&#8217;hasta 6 \u00baC nel suroccidente. Na mari\u00f1a y proximidaes les temperatures van xubir de forma m\u00e1s moderada (hasta 2 o 3 \u00baC m\u00e1s respectu al vienres). Poro, van superase los 20 \u00baC con facilid\u00e1 en munches poblaciones asturianes.<\/p>\n<p><!--more--><\/p>\n<p><strong>El domingu<\/strong> vamos empecipiar el d\u00eda tami\u00e9n con claros pero, deb\u00edu al pasu d&#8217;un frente fr\u00edu pocu activu a lo llargo de la ma\u00f1ana, prevese nubosid\u00e1 que va cubrir tol cielu asturianu. Estes nubes, anque va ser pocu probable, podr\u00eden dexar delles precipitaciones bien d\u00e9biles y aisllaes. <strong>Los vientos<\/strong> van predominar de norte-noroeste nuevamente con intensid\u00e1 fluexa. <strong>Les temperatures m\u00e1ximes<\/strong> van baxar nel terciu sur y nel occidente, calteni\u00e9ndose ensin cambeos nel restu. <strong>Les m\u00ednimes<\/strong>, ma\u00f1ana domingu, van xubir en tola rex\u00f3n y, bien especialmente, na zona central.<\/p>\n","protected":false},"excerpt":{"rendered":"<p>Vamos esfrutar d&#8217;un d\u00eda soleyeru en tol Princip\u00e1u d&#8217;Asturies. Los cielos van tar pocu nublos dende primer hora de la ma\u00f1ana, sacantes la posibilid\u00e1 de delles borrines que podr\u00eden apaecer en zones del interior y que se van estenar r\u00e1pido. Los vientos van ser fluexos polo xeneral pudiendo predominar de norte o noroeste. Les temperatures [&hellip;]<\/p>\n","protected":false},"author":117,"featured_media":0,"comment_status":"open","ping_status":"open","sticky":false,"template":"","format":"standard","meta":{"footnotes":""},"categories":[5],"tags":[],"class_list":["post-49359","post","type-post","status-publish","format-standard","hentry","category-tiempu"],"_links":{"self":[{"href":"https:\/\/edublog.educastur.es\/ixuxu\/wp-json\/wp\/v2\/posts\/49359","targetHints":{"allow":["GET"]}}],"collection":[{"href":"https:\/\/edublog.educastur.es\/ixuxu\/wp-json\/wp\/v2\/posts"}],"about":[{"href":"https:\/\/edublog.educastur.es\/ixuxu\/wp-json\/wp\/v2\/types\/post"}],"author":[{"embeddable":true,"href":"https:\/\/edublog.educastur.es\/ixuxu\/wp-json\/wp\/v2\/users\/117"}],"replies":[{"embeddable":true,"href":"https:\/\/edublog.educastur.es\/ixuxu\/wp-json\/wp\/v2\/comments?post=49359"}],"version-history":[{"count":1,"href":"https:\/\/edublog.educastur.es\/ixuxu\/wp-json\/wp\/v2\/posts\/49359\/revisions"}],"predecessor-version":[{"id":49360,"href":"https:\/\/edublog.educastur.es\/ixuxu\/wp-json\/wp\/v2\/posts\/49359\/revisions\/49360"}],"wp:attachment":[{"href":"https:\/\/edublog.educastur.es\/ixuxu\/wp-json\/wp\/v2\/media?parent=49359"}],"wp:term":[{"taxonomy":"category","embeddable":true,"href":"https:\/\/edublog.educastur.es\/ixuxu\/wp-json\/wp\/v2\/categories?post=49359"},{"taxonomy":"post_tag","embeddable":true,"href":"https:\/\/edublog.educastur.es\/ixuxu\/wp-json\/wp\/v2\/tags?post=49359"}],"curies":[{"name":"wp","href":"https:\/\/api.w.org\/{rel}","templated":true}]}}