{"id":49372,"date":"2025-05-24T11:12:31","date_gmt":"2025-05-24T09:12:31","guid":{"rendered":"https:\/\/edublog.educastur.es\/ixuxu\/?p=49372"},"modified":"2025-05-24T11:13:42","modified_gmt":"2025-05-24T09:13:42","slug":"l-mercau-artesano-y-ecoloxico-nuvieu-28-y-29-de-xunu","status":"publish","type":"post","link":"https:\/\/edublog.educastur.es\/ixuxu\/2025\/05\/l-mercau-artesano-y-ecoloxico-nuvieu-28-y-29-de-xunu\/","title":{"rendered":"Merc\u00e1u Artesano y Ecol\u00f3xico n&#8217;Uvi\u00e9u: 28 y 29 de xunu"},"content":{"rendered":"<div class=\"html-div xdj266r xat24cr x1mh8g0r xexx8yu x4uap5 x18d9i69 xkhd6sd x78zum5 x2lah0s xqtp20y x1emribx\">\n<div class=\"xc9qbxq x1td3qas x6s0dn4 x78zum5 xl56j7k\">\n<ul>\n<li><span style=\"color: #008080\"><em>28 y 29 de xunu \/\u00a0 De 11 a 15 h y de 17 a 21 h (domingu hasta les 20 h)<\/em><\/span><\/li>\n<li><span style=\"color: #008080\"><em>Cai Pelayo, ente&#8217;l Teatru Campoamor y \u201cLa Xirafa\u201d<\/em><\/span><\/li>\n<\/ul>\n<\/div>\n<\/div>\n<div class=\"html-div xdj266r x11i5rnm xat24cr x1mh8g0r xexx8yu x4uap5 x18d9i69 xkhd6sd\" dir=\"auto\">\n<div class=\"html-div xdj266r x11i5rnm xat24cr x1mh8g0r xexx8yu x4uap5 x18d9i69 xkhd6sd\" dir=\"auto\">\n<div class=\"html-div xdj266r x11i5rnm xat24cr x1mh8g0r xexx8yu x4uap5 x18d9i69 xkhd6sd\" data-ad-rendering-role=\"story_message\">\n<div class=\"x1l90r2v x1iorvi4 x1ye3gou xn6708d\" data-ad-comet-preview=\"message\" data-ad-preview=\"message\">\n<div class=\"x78zum5 xdt5ytf xz62fqu x16ldp7u\">\n<div class=\"xu06os2 x1ok221b\">\n<div class=\"html-div xdj266r x11i5rnm xat24cr x1mh8g0r xexx8yu x4uap5 x18d9i69 xkhd6sd\">\n<div class=\"x11i5rnm xat24cr x1mh8g0r x1vvkbs xtlvy1s x126k92a\">\n<div dir=\"auto\">\n<p>M\u00e1s de 50 artesanos y pequenos productores volver\u00e1n enllenar Uvi\u00e9u de pieces \u00faniques, arumes que detienen el pasu y miraes que se crucien ente puestos. Volvemos colo esencial intactu: lo fecho a mano, lo cercano, lo verdadero. Y como siempres, emp\u00f3nnos una imaxe: Un c\u00edrculu de cer\u00e1mica qu&#8217;abre un estragal, un rait\u00e1n que vuelve posase y una palabra en blancu: Uvi\u00e9u.<\/p>\n<p style=\"text-align: center\">\n<!-- iframe plugin v.6.0 wordpress.org\/plugins\/iframe\/ -->\n<iframe loading=\"lazy\" src=\"https:\/\/www.facebook.com\/plugins\/post.php?href=https%3A%2F%2Fwww.facebook.com%2Fpinceladasdeasturias%2Fposts%2Fpfbid02jvaGr8giqkNQdAm5bcFGjy9fcFs5MzKBXsseqpBLm1qaqanXGsiKFEJCcdEpgBCtl&#038;show_text=false&#038;width=500\" width=\"500\" height=\"498\" style=\"border:none;overflow:hidden\" scrolling=\"no\" frameborder=\"0\" allowfullscreen=\"true\" allow=\"autoplay; clipboard-write; encrypted-media; picture-in-picture; web-share\" 0=\"\/iframe\" class=\"iframe-class\"><\/iframe>\n<\/p>\n<\/div>\n<\/div>\n<\/div>\n<\/div>\n<\/div>\n<\/div>\n<\/div>\n<\/div>\n<\/div>\n","protected":false},"excerpt":{"rendered":"<p>28 y 29 de xunu \/\u00a0 De 11 a 15 h y de 17 a 21 h (domingu hasta les 20 h) Cai Pelayo, ente&#8217;l Teatru Campoamor y \u201cLa Xirafa\u201d M\u00e1s de 50 artesanos y pequenos productores volver\u00e1n enllenar Uvi\u00e9u de pieces \u00faniques, arumes que detienen el pasu y miraes que se crucien ente puestos. [&hellip;]<\/p>\n","protected":false},"author":117,"featured_media":0,"comment_status":"open","ping_status":"open","sticky":false,"template":"","format":"standard","meta":{"footnotes":""},"categories":[290,33],"tags":[],"class_list":["post-49372","post","type-post","status-publish","format-standard","hentry","category-mercau","category-uvieu"],"_links":{"self":[{"href":"https:\/\/edublog.educastur.es\/ixuxu\/wp-json\/wp\/v2\/posts\/49372","targetHints":{"allow":["GET"]}}],"collection":[{"href":"https:\/\/edublog.educastur.es\/ixuxu\/wp-json\/wp\/v2\/posts"}],"about":[{"href":"https:\/\/edublog.educastur.es\/ixuxu\/wp-json\/wp\/v2\/types\/post"}],"author":[{"embeddable":true,"href":"https:\/\/edublog.educastur.es\/ixuxu\/wp-json\/wp\/v2\/users\/117"}],"replies":[{"embeddable":true,"href":"https:\/\/edublog.educastur.es\/ixuxu\/wp-json\/wp\/v2\/comments?post=49372"}],"version-history":[{"count":3,"href":"https:\/\/edublog.educastur.es\/ixuxu\/wp-json\/wp\/v2\/posts\/49372\/revisions"}],"predecessor-version":[{"id":49375,"href":"https:\/\/edublog.educastur.es\/ixuxu\/wp-json\/wp\/v2\/posts\/49372\/revisions\/49375"}],"wp:attachment":[{"href":"https:\/\/edublog.educastur.es\/ixuxu\/wp-json\/wp\/v2\/media?parent=49372"}],"wp:term":[{"taxonomy":"category","embeddable":true,"href":"https:\/\/edublog.educastur.es\/ixuxu\/wp-json\/wp\/v2\/categories?post=49372"},{"taxonomy":"post_tag","embeddable":true,"href":"https:\/\/edublog.educastur.es\/ixuxu\/wp-json\/wp\/v2\/tags?post=49372"}],"curies":[{"name":"wp","href":"https:\/\/api.w.org\/{rel}","templated":true}]}}