{"id":49376,"date":"2025-05-24T11:15:37","date_gmt":"2025-05-24T09:15:37","guid":{"rendered":"https:\/\/edublog.educastur.es\/ixuxu\/?p=49376"},"modified":"2025-05-24T11:21:28","modified_gmt":"2025-05-24T09:21:28","slug":"el-madreneru-cangues-raul-martinez-conviertese-en-guardian-rural","status":"publish","type":"post","link":"https:\/\/edublog.educastur.es\/ixuxu\/2025\/05\/el-madreneru-cangues-raul-martinez-conviertese-en-guardian-rural\/","title":{"rendered":"El madre\u00f1eru cangu\u00e9s Ra\u00fal Mart\u00ednez convi\u00e9rtese en \u00abGuardi\u00e1n Rural\u00bb"},"content":{"rendered":"<ul>\n<li>Fonte: <a href=\"https:\/\/www.lne.es\/cangas-del-narcea\/2025\/05\/24\/madrenero-cangues-raul-martinez-convierte-117764625.html?utm_medium=Social&amp;utm_campaign=Echobox&amp;utm_source=Facebook&amp;fbclid=IwY2xjawKebSdleHRuA2FlbQIxMABicmlkETBlZWNrUTl4WFlkUHFoSlZtAR7xCakybFQNwD9F2ZbHEEKaSViwD-oHB_AUU2k32cjOSrSVYaixAl6pmBLV2Q_aem_LNqchywhGacfUK1NIF4Euw#Echobox=1748074315\">LNE<\/a> \/<\/li>\n<\/ul>\n<p style=\"text-align: center\"><a href=\"https:\/\/estaticos-cdn.prensaiberica.es\/clip\/dc84269f-81e7-4ae6-a0d7-7263efa22602_16-9-aspect-ratio_default_0.webp\"><img loading=\"lazy\" decoding=\"async\" class=\"aligncenter size-large\" src=\"https:\/\/estaticos-cdn.prensaiberica.es\/clip\/dc84269f-81e7-4ae6-a0d7-7263efa22602_16-9-aspect-ratio_default_0.webp\" width=\"880\" height=\"495\" \/><\/a><\/p>\n<p>\u00abGuardi\u00e1n Rural\u00bb ye&#8217;l t\u00edtulu que va llograr esti s\u00e1badu&#8217;l madre\u00f1eru xubil\u00e1u Ra\u00fal Mart\u00ednez Gonz\u00e1lez, de la f\u00e1brica de madre\u00f1es Virxe de los Remedios, de la localid\u00e1 canguesa de Pambley. \u00abEmpresta que s&#8217;alcuerden d&#8217;unu\u00bb. L&#8217;<a href=\"https:\/\/fuentesdelnarcea.com\/\">asociaci\u00f3n Fuentes del Narcea<\/a> homenaxa&#8217;l llabor de caltenimientu de la tradici\u00f3n na f\u00e1brica de Pambley, la \u00fanica d&#8217;Asturies na actualid\u00e1.<\/p>\n<p><!--more--><\/p>\n<p>Va Recibir l&#8217;homenaxe de l&#8217;asociaci\u00f3n de turismu rural Fontes del Narcea nel zarru de la sesta edici\u00f3n del so Festival d&#8217;Ecoturismo en Peligru d&#8217;Estinci\u00f3n como reconocencia al so llabor como maestru madre\u00f1eru, un saber que supo tresmitir al so f\u00edu, Ra\u00fal Mart\u00ednez Rodr\u00edguez, quien caltien activa la \u00fanica f\u00e1brica d&#8217;Asturies d&#8217;esti calz\u00e1u tradicional, bien valor\u00e1u pola so capacid\u00e1 para caltener los pies aisllaos del fr\u00edu y el mugor.<\/p>\n<p>Dende 1966 lleva faciendo madre\u00f1es Ra\u00fal Mart\u00ednez y ent\u00e1 nun lo dex\u00f3. Na so casa, el so padre yera madre\u00f1eru anque les fa\u00eda, como munchos naquella d\u00f3mina, para cubrir les necesidaes familiares, y\u00e1 que sol\u00eden ser bien numberoses y asegura que de media en cada casa pod\u00eden precisar unos 10 pares. Foi&#8217;l so hermanu Manuel Mart\u00ednez el que lo convirti\u00f3 nun negociu y mont\u00f3 un taller y con \u00e9l aprendi\u00f3 y trabay\u00f3 mientres los sos entamos.<\/p>\n<p>\u00abEnt\u00f3s fa\u00edase tou a mano y trabay\u00e1base enforma, fa\u00edense unos seis o siete pares al d\u00eda y pod\u00eden algamar los 2.000 pares al a\u00f1u\u00bb, recuerda&#8217;l madre\u00f1eru, que se\u00f1ala que nos entamos vend\u00eden les madre\u00f1es ensin da-y los acabaos, y\u00e1 que diben directamente a los almacenes onde les acababen y distribuy\u00eden, pero eso report\u00e1ba-yos unes ganancies bien xustes, cuidao que los pagaben unes 40 pesetes per par ensin acabar.<\/p>\n<p>\u00abEmpec\u00e9 de chaval a faer madre\u00f1es y vas-y coyendo&#8217;l gustu a la madera, porque cuando tienes un cachu de madera na mano y quies faer daqu\u00e9 y consiguir, xenera muncho prestu\u00bb, confiesa Ra\u00fal Mart\u00ednez, qu&#8217;esa afici\u00f3n por modelar la madera foi la que-y fixo siguir avanzando nel negociu y llegar a montar una f\u00e1brica mecaniz\u00e1 para poder allixerar la parte inicial del trabayu de convertir un cachu de madera n&#8217;una madre\u00f1a ya incorporar a la cadena de producci\u00f3n los acabaos de les pieces para poder beneficiase del valor a\u00f1ed\u00edu que supon\u00eda poner nel merc\u00e1u&#8217;l productu final. Ent\u00f3s pod\u00eden llegar a vendeles a 200 pesetes el par.<\/p>\n<p>Nesos primeros a\u00f1os de puesta en marcha de la f\u00e1brica, recuerda que <strong>yeren 17 les qu&#8217;hab\u00eda en toa Asturies \u00aby agora solo queda la nuesa<\/strong>, la raz\u00f3n ye que ye un trabayu que rique de munches hores y nun dexa enforma beneficiu, asina que los mozos y\u00e1 nun lo aprend\u00eden\u00bb.<\/p>\n<p style=\"text-align: center\"><a href=\"https:\/\/estaticos-cdn.prensaiberica.es\/clip\/2beb3f7c-810f-4e35-9da6-802821863aa1_source-aspect-ratio_default_0.webp\"><img loading=\"lazy\" decoding=\"async\" class=\"aligncenter size-large\" src=\"https:\/\/estaticos-cdn.prensaiberica.es\/clip\/2beb3f7c-810f-4e35-9da6-802821863aa1_source-aspect-ratio_default_0.webp\" width=\"1600\" height=\"1200\" \/><\/a><em>Ra\u00fal Mart\u00ednez Gonz\u00e1lez y Ra\u00fal Mart\u00ednez Rodr\u00edguez cola so madre\u00f1es acabaes. \/ D. \u00c1lvarez<\/em><\/p>\n<p>La esceici\u00f3n foi&#8217;l so f\u00edu, que, siendo ent\u00e1 adolescente, tuvo claro qu&#8217;el so futuru tar\u00eda amest\u00e1u al pueblu, a la madera y al trabayu artesanal de fabricaci\u00f3n de madre\u00f1es. \u00abEnt\u00f3s yo v\u00eda que funcionaba&#8217;l negociu, hab\u00eda muncha xente nos pueblos inda, y ten\u00eda ganes de trabayar y dende peque\u00f1u ayudaba no que pod\u00eda y ver como una forma de vida\u00bb, esplica Ra\u00fal Mart\u00ednez Rodr\u00edguez, qu&#8217;asegura que, anque y\u00e1 nun se vienden tantes madre\u00f1es como antes, puede llegar a fabricar un millar de pares al a\u00f1u. Am\u00e1s, asegura qu&#8217;<strong>inda&#8217;l 90 per cientu de la producci\u00f3n destinase a la vienta pal usu y solo un 10 per cientu acaba en decoraci\u00f3n o adquir\u00edu por turistes.<\/strong><\/p>\n","protected":false},"excerpt":{"rendered":"<p>Fonte: LNE \/ \u00abGuardi\u00e1n Rural\u00bb ye&#8217;l t\u00edtulu que va llograr esti s\u00e1badu&#8217;l madre\u00f1eru xubil\u00e1u Ra\u00fal Mart\u00ednez Gonz\u00e1lez, de la f\u00e1brica de madre\u00f1es Virxe de los Remedios, de la localid\u00e1 canguesa de Pambley. \u00abEmpresta que s&#8217;alcuerden d&#8217;unu\u00bb. L&#8217;asociaci\u00f3n Fuentes del Narcea homenaxa&#8217;l llabor de caltenimientu de la tradici\u00f3n na f\u00e1brica de Pambley, la \u00fanica d&#8217;Asturies na [&hellip;]<\/p>\n","protected":false},"author":117,"featured_media":0,"comment_status":"open","ping_status":"open","sticky":false,"template":"","format":"standard","meta":{"footnotes":""},"categories":[85],"tags":[],"class_list":["post-49376","post","type-post","status-publish","format-standard","hentry","category-oficios"],"_links":{"self":[{"href":"https:\/\/edublog.educastur.es\/ixuxu\/wp-json\/wp\/v2\/posts\/49376","targetHints":{"allow":["GET"]}}],"collection":[{"href":"https:\/\/edublog.educastur.es\/ixuxu\/wp-json\/wp\/v2\/posts"}],"about":[{"href":"https:\/\/edublog.educastur.es\/ixuxu\/wp-json\/wp\/v2\/types\/post"}],"author":[{"embeddable":true,"href":"https:\/\/edublog.educastur.es\/ixuxu\/wp-json\/wp\/v2\/users\/117"}],"replies":[{"embeddable":true,"href":"https:\/\/edublog.educastur.es\/ixuxu\/wp-json\/wp\/v2\/comments?post=49376"}],"version-history":[{"count":5,"href":"https:\/\/edublog.educastur.es\/ixuxu\/wp-json\/wp\/v2\/posts\/49376\/revisions"}],"predecessor-version":[{"id":49383,"href":"https:\/\/edublog.educastur.es\/ixuxu\/wp-json\/wp\/v2\/posts\/49376\/revisions\/49383"}],"wp:attachment":[{"href":"https:\/\/edublog.educastur.es\/ixuxu\/wp-json\/wp\/v2\/media?parent=49376"}],"wp:term":[{"taxonomy":"category","embeddable":true,"href":"https:\/\/edublog.educastur.es\/ixuxu\/wp-json\/wp\/v2\/categories?post=49376"},{"taxonomy":"post_tag","embeddable":true,"href":"https:\/\/edublog.educastur.es\/ixuxu\/wp-json\/wp\/v2\/tags?post=49376"}],"curies":[{"name":"wp","href":"https:\/\/api.w.org\/{rel}","templated":true}]}}