{"id":49389,"date":"2025-05-24T11:43:00","date_gmt":"2025-05-24T09:43:00","guid":{"rendered":"https:\/\/edublog.educastur.es\/ixuxu\/?p=49389"},"modified":"2025-05-24T11:44:05","modified_gmt":"2025-05-24T09:44:05","slug":"proyeutu-densenu-dasturianu-padultos-noyos","status":"publish","type":"post","link":"https:\/\/edublog.educastur.es\/ixuxu\/2025\/05\/proyeutu-densenu-dasturianu-padultos-noyos\/","title":{"rendered":"Proyeutu d&#8217;ense\u00f1u d&#8217;asturianu p&#8217;adultos Noyos."},"content":{"rendered":"<div id=\"\" class=\"brz-css-c9qi8 brz-wrapper\">\n<div class=\"brz-wp-post-content brz-css-j1OKS brz-css-pDxWO\" data-brz-custom-id=\"bwvzczekebkvngdunutlchunqzplemcqolgw\">\n<div>\n<p style=\"text-align: center\"><a href=\"https:\/\/alladixital.org\/wp-content\/uploads\/2025\/02\/Portada-Noyos.png\"><img loading=\"lazy\" decoding=\"async\" class=\"aligncenter size-large\" src=\"https:\/\/alladixital.org\/wp-content\/uploads\/2025\/02\/Portada-Noyos.png\" width=\"299\" height=\"422\" \/><\/a><\/p>\n<p>El pr\u00f3ximu llunes, 26 de mayu, a les 12h, nel llar de l\u2019Academia de la Llingua Asturiana (c\/ L\u2019\u00c1guila, 10), <strong>va presentase\u2019l primer nivel del proyeutu formativu d\u2019asturianu p\u2019adultos <em>Noyos<\/em>. <\/strong><em>Noyos<\/em> ye un m\u00e9todu d\u2019alfabetizaci\u00f3n n\u2019asturianu que garra\u2019l Marco Com\u00fan Europ\u00e9u de Referencia pa les Lling\u00fces como base pa graduar los diferentes niveles.<strong><a href=\"https:\/\/alladixital.org\/productu\/noyos-1\/\"> Info<\/a><\/strong><\/p>\n<p><!--more--><\/p>\n<p><span style=\"color: #008080\"><strong>Noyos 1<\/strong> ye un m\u00e9todu d\u2019alfabetizaci\u00f3n n\u2019asturianu pa persones adultes, bas\u00e1u nun enfoque comunicativu y dirix\u00edu a estudiantes de nivel elemental (A1) seg\u00fan el Marcu com\u00fan europ\u00e9u de referencia pa les lling\u00fces.<\/span> Noyos ye, principalmente, un manual pal deprendimientu gui\u00e1u, pero tami\u00e9n pa los estudiantes aut\u00f3nomos. <span style=\"color: #008080\">64 p\u00e1xines.<\/span><\/p>\n<p>Dende un puntu de vista comunicativu, al travi\u00e9s del trabayu de les comunicaciones y de les espresiones orales y escrites, esti proyeutu quier abarcar los niveles elementales (A1 y A2), medios (B1 y B2) y superiores (C1 y C2).<\/p>\n<p>&nbsp;<\/p>\n<p>Am\u00e1s del manual, <em>Noyos<\/em> cuenta con una plataforma dixital onde l\u2019alumn\u00e1u y el profesor\u00e1u puen acceder al material audiovisual y a actividaes complementaries conceb\u00edes pal autoestudiu.<\/p>\n<p>L\u2019Academia de la Llingua Asturiana pon esti m\u00e9todu d\u2019ense\u00f1anza a disposici\u00f3n de cualquier asociaci\u00f3n o grupu que quiera usalu como ferramienta pa poner clase d\u2019asturianu.<\/p>\n<p>Na presentaci\u00f3n van participar Xos\u00e9 Ant\u00f3n Gonz\u00e1lez Ria\u00f1o (Presidente de l\u2019Academia de la Llingua Asturiana), Carlos Suari Rodrigue y Aida Celem\u00edn Fuertes (trabayadores de la Secretar\u00eda T\u00e9unica de l\u2019Academia de la Llingua Asturiana y de la comisi\u00f3n que desarroll\u00f3\u2019l proyeutu).<\/p>\n<\/div>\n<\/div>\n<\/div>\n<p>&nbsp;<\/p>\n","protected":false},"excerpt":{"rendered":"<p>El pr\u00f3ximu llunes, 26 de mayu, a les 12h, nel llar de l\u2019Academia de la Llingua Asturiana (c\/ L\u2019\u00c1guila, 10), va presentase\u2019l primer nivel del proyeutu formativu d\u2019asturianu p\u2019adultos Noyos. Noyos ye un m\u00e9todu d\u2019alfabetizaci\u00f3n n\u2019asturianu que garra\u2019l Marco Com\u00fan Europ\u00e9u de Referencia pa les Lling\u00fces como base pa graduar los diferentes niveles. Info<\/p>\n","protected":false},"author":117,"featured_media":0,"comment_status":"open","ping_status":"open","sticky":false,"template":"","format":"standard","meta":{"footnotes":""},"categories":[65],"tags":[],"class_list":["post-49389","post","type-post","status-publish","format-standard","hentry","category-alla"],"_links":{"self":[{"href":"https:\/\/edublog.educastur.es\/ixuxu\/wp-json\/wp\/v2\/posts\/49389","targetHints":{"allow":["GET"]}}],"collection":[{"href":"https:\/\/edublog.educastur.es\/ixuxu\/wp-json\/wp\/v2\/posts"}],"about":[{"href":"https:\/\/edublog.educastur.es\/ixuxu\/wp-json\/wp\/v2\/types\/post"}],"author":[{"embeddable":true,"href":"https:\/\/edublog.educastur.es\/ixuxu\/wp-json\/wp\/v2\/users\/117"}],"replies":[{"embeddable":true,"href":"https:\/\/edublog.educastur.es\/ixuxu\/wp-json\/wp\/v2\/comments?post=49389"}],"version-history":[{"count":3,"href":"https:\/\/edublog.educastur.es\/ixuxu\/wp-json\/wp\/v2\/posts\/49389\/revisions"}],"predecessor-version":[{"id":49392,"href":"https:\/\/edublog.educastur.es\/ixuxu\/wp-json\/wp\/v2\/posts\/49389\/revisions\/49392"}],"wp:attachment":[{"href":"https:\/\/edublog.educastur.es\/ixuxu\/wp-json\/wp\/v2\/media?parent=49389"}],"wp:term":[{"taxonomy":"category","embeddable":true,"href":"https:\/\/edublog.educastur.es\/ixuxu\/wp-json\/wp\/v2\/categories?post=49389"},{"taxonomy":"post_tag","embeddable":true,"href":"https:\/\/edublog.educastur.es\/ixuxu\/wp-json\/wp\/v2\/tags?post=49389"}],"curies":[{"name":"wp","href":"https:\/\/api.w.org\/{rel}","templated":true}]}}