{"id":49403,"date":"2025-05-25T08:30:56","date_gmt":"2025-05-25T06:30:56","guid":{"rendered":"https:\/\/edublog.educastur.es\/ixuxu\/?p=49403"},"modified":"2025-05-25T10:30:08","modified_gmt":"2025-05-25T08:30:08","slug":"estau-del-tiempu-domingu-25-mayu-2025","status":"publish","type":"post","link":"https:\/\/edublog.educastur.es\/ixuxu\/2025\/05\/estau-del-tiempu-domingu-25-mayu-2025\/","title":{"rendered":"Est\u00e1u del tiempu: domingu 25 mayu 2025"},"content":{"rendered":"<p><span class=\"x193iq5w xeuugli x13faqbe x1vvkbs x1xmvt09 x1lliihq x1s928wv xhkezso x1gmr53x x1cpjm7i x1fgarty x1943h6x xudqn12 x3x7a5m x1f6kntn xvq8zen xo1l8bm xzsf02u\" dir=\"auto\">G\u00fcei ye un d\u00eda mui importante pa les asturianes ya asturianos, un d\u00eda como g\u00fcei pero de 1.808 Asturies declara la guerra a la Francia napole\u00f3nica y la Xunta Xeneral declarase soberana, am\u00e1s se toma como bandera la actual bandera asturiana.<\/span><\/p>\n<p style=\"text-align: center\">\n<!-- iframe plugin v.6.0 wordpress.org\/plugins\/iframe\/ -->\n<iframe loading=\"lazy\" src=\"https:\/\/www.facebook.com\/plugins\/post.php?href=https%3A%2F%2Fwww.facebook.com%2Feltiempuenasturies%2Fposts%2Fpfbid02Fy2JQA2AFLr9e6JJ4bZGmTC9YchCZ9jaPYCR3F1R3AKecUUR3yjiVgfp3wdobnNZl&#038;show_text=false&#038;width=500\" width=\"500\" height=\"489\" style=\"border:none;overflow:hidden\" scrolling=\"no\" frameborder=\"0\" allowfullscreen=\"true\" allow=\"autoplay; clipboard-write; encrypted-media; picture-in-picture; web-share\" 0=\"\/iframe\" class=\"iframe-class\"><\/iframe>\n<\/p>\n<p>&nbsp;<\/p>\n<div class=\"x1cy8zhl x2bj2ny x78zum5 x1q0g3np\">\n<div class=\"x1iyjqo2\">\n<div class=\"x78zum5 xdt5ytf xz62fqu x16ldp7u\">\n<div class=\"xu06os2 x1ok221b\">\n<div class=\"x1gslohp\">\n<ul>\n<li class=\"html-h2 x11i5rnm xat24cr x1mh8g0r xexx8yu x4uap5 x18d9i69 xkhd6sd x1vvkbs x1heor9g x1qlqyl8 x1pd3egz x1a2a7pz x1gslohp\"><span class=\"x193iq5w xeuugli x13faqbe x1vvkbs x1xmvt09 x1f6kntn xvq8zen xo1l8bm xi81zsa\"><span class=\"xt0psk2\"><a class=\"x1i10hfl xjbqb8w x1ejq31n xd10rxx x1sy0etr x17r0tee x972fbf xcfux6l x1qhh985 xm0m39n x9f619 x1ypdohk xt0psk2 xe8uvvx xdj266r x11i5rnm xat24cr x1mh8g0r xexx8yu x4uap5 x18d9i69 xkhd6sd x16tdsg8 x1hl2dhg xggy1nq x1a2a7pz xkrqix3 x1sur9pj xzsf02u x1s688f\" role=\"link\" href=\"https:\/\/www.facebook.com\/eltiempuenasturies?__cft__[0]=AZULIu3AzGHGPowMlojUB6ubYAE5be8dRUZh8eGYh8fEbrp62_o3ma6ShTAp2XqMWsQADkJitqcGkPX_kqHS-W0HxMwHnoZo4FcIbdFaFNR4gjDoIRCfoldO_6fS6hdxOguKajmOEd17QvncktkrFohJpFGqsx1ikuWCIm9rF91hGSbATlxxFrQJYuUL5aM6zuVmhGKwc0Oy1h2tR_fDrSFM0bor9R6xdAMQZj7sItkOgw&amp;__tn__=-UC*F\">El Tiempu n&#8217;Asturies.<\/a><\/span><\/span><\/li>\n<\/ul>\n<\/div>\n<\/div>\n<div class=\"xu06os2 x1ok221b\"><\/div>\n<\/div>\n<\/div>\n<\/div>\n<ul>\n<li class=\"xyinxu5 x4uap5 x1g2khh7 xkhd6sd\"><span class=\"x193iq5w xeuugli x13faqbe x1vvkbs x1xmvt09 x1lliihq x1s928wv xhkezso x1gmr53x x1cpjm7i x1fgarty x1943h6x xudqn12 x3x7a5m x1f6kntn xvq8zen xo1l8bm xzsf02u\" dir=\"auto\"><span style=\"color: #008080\"><strong>Alborecemos<\/strong><\/span> con borr\u00edn y nublines na fastera central asturiana, tando m\u00e1s escampl\u00e1u nel restu con unes temperatures que tan alrodiu de los 12\u00baC, rexistr\u00e1ndose nel puirtu Payares 8,3\u00baC.<\/span><\/li>\n<li class=\"xyinxu5 x4uap5 x1g2khh7 xkhd6sd\"><span class=\"x193iq5w xeuugli x13faqbe x1vvkbs x1xmvt09 x1lliihq x1s928wv xhkezso x1gmr53x x1cpjm7i x1fgarty x1943h6x xudqn12 x3x7a5m x1f6kntn xvq8zen xo1l8bm xzsf02u\" dir=\"auto\"><span style=\"color: #008080\"><strong>G\u00fcei<\/strong> <\/span>va dir n&#8217;aumentu la nubosid\u00e1 pa dexanos el d\u00eda nuble pela tarde ya inclusu dalguna gotera o xarabatu al atapecer en zones de monta\u00f1a con unes temperatures m\u00e1simes en llixeru descensu. L&#8217;aire va tender a ser de componente norte con dalguna racha moderada nel llitoral.<\/span><\/li>\n<\/ul>\n<p><span class=\"x193iq5w xeuugli x13faqbe x1vvkbs x1xmvt09 x1lliihq x1s928wv xhkezso x1gmr53x x1cpjm7i x1fgarty x1943h6x xudqn12 x3x7a5m x1f6kntn xvq8zen xo1l8bm xzsf02u\" dir=\"auto\"><!--more--><br class=\"html-br\" \/><br class=\"html-br\" \/><\/span><\/p>\n<ul>\n<li><span class=\"x193iq5w xeuugli x13faqbe x1vvkbs x1xmvt09 x1lliihq x1s928wv xhkezso x1gmr53x x1cpjm7i x1fgarty x1943h6x xudqn12 x3x7a5m x1f6kntn xvq8zen xo1l8bm xzsf02u\" dir=\"auto\"><span style=\"color: #008080\"><strong>Ma\u00f1ana llunes<\/strong><\/span> vamos tener el cielu mui nuboso pela ma\u00f1ana con tendencia a dir abri\u00e9ndose dellos claros pela tardiquina, asina y too en zones de monta\u00f1a puen desendolcase les nubes a lu llargu&#8217;l d\u00eda y dexanos dalguna gotera o xarabat\u00edn al atapecer con unes temperatures m\u00e1simes que seguir\u00e1n en descensu.<\/span><\/li>\n<li><span class=\"x193iq5w xeuugli x13faqbe x1vvkbs x1xmvt09 x1lliihq x1s928wv xhkezso x1gmr53x x1cpjm7i x1fgarty x1943h6x xudqn12 x3x7a5m x1f6kntn xvq8zen xo1l8bm xzsf02u\" dir=\"auto\"><span style=\"color: #008080\"><strong>A partir del martes<\/strong><\/span> camudu radical del tiempu, una masa d&#8217;aire c\u00e1lidu dir\u00e1 entrando pela pen\u00ednsula Ib\u00e9rica pa dexanos un ascensu bultable de les temperatures anque a Asturies nun llegar\u00e1 hasta&#8217;l xueves, el martes y mi\u00e9rcoles dir\u00e1n esguilando les temperatures pero d&#8217;una manera m\u00e1s seliquina ya nel cielu tendremos escasa nubosid\u00e1.<\/span><\/li>\n<li><span class=\"x193iq5w xeuugli x13faqbe x1vvkbs x1xmvt09 x1lliihq x1s928wv xhkezso x1gmr53x x1cpjm7i x1fgarty x1943h6x xudqn12 x3x7a5m x1f6kntn xvq8zen xo1l8bm xzsf02u\" dir=\"auto\"><span style=\"color: #008080\"><strong>El vienres y s\u00e1badu<\/strong> <\/span>sedr\u00e1n los d\u00edes m\u00e1s calurosos con temperatures m\u00e1simes que podr\u00e1n algamar los 30\u00baC na mayor parte d&#8217;Asturies, sicas\u00ed ye probable que surdan nublines d&#8217;advenci\u00f3n na costa por mor de la diferencia de temperatura ente la mar y la tierra, entov\u00eda la temperatura del agua ye baxa pola \u00e9poca na que mos atopamos, mentantu que la tierra se calez fondera y r\u00e1pidamente col contautu d&#8217;estes mases d&#8217;aire. <\/span><\/li>\n<li><span class=\"x193iq5w xeuugli x13faqbe x1vvkbs x1xmvt09 x1lliihq x1s928wv xhkezso x1gmr53x x1cpjm7i x1fgarty x1943h6x xudqn12 x3x7a5m x1f6kntn xvq8zen xo1l8bm xzsf02u\" dir=\"auto\"><strong><span style=\"color: #008080\">Y\u00e1 de cara al s\u00e1badu y sobre too&#8217;l domingu&#8217;l<\/span><\/strong> calor va facer tami\u00e9n que medren les nubes de desendolque y mos dexen xarabatos de calter tormentosu peles tardes.<br class=\"html-br\" \/><br class=\"html-br\" \/><\/span><\/li>\n<\/ul>\n","protected":false},"excerpt":{"rendered":"<p>G\u00fcei ye un d\u00eda mui importante pa les asturianes ya asturianos, un d\u00eda como g\u00fcei pero de 1.808 Asturies declara la guerra a la Francia napole\u00f3nica y la Xunta Xeneral declarase soberana, am\u00e1s se toma como bandera la actual bandera asturiana. &nbsp; El Tiempu n&#8217;Asturies. Alborecemos con borr\u00edn y nublines na fastera central asturiana, tando [&hellip;]<\/p>\n","protected":false},"author":117,"featured_media":0,"comment_status":"open","ping_status":"open","sticky":false,"template":"","format":"standard","meta":{"footnotes":""},"categories":[5],"tags":[],"class_list":["post-49403","post","type-post","status-publish","format-standard","hentry","category-tiempu"],"_links":{"self":[{"href":"https:\/\/edublog.educastur.es\/ixuxu\/wp-json\/wp\/v2\/posts\/49403","targetHints":{"allow":["GET"]}}],"collection":[{"href":"https:\/\/edublog.educastur.es\/ixuxu\/wp-json\/wp\/v2\/posts"}],"about":[{"href":"https:\/\/edublog.educastur.es\/ixuxu\/wp-json\/wp\/v2\/types\/post"}],"author":[{"embeddable":true,"href":"https:\/\/edublog.educastur.es\/ixuxu\/wp-json\/wp\/v2\/users\/117"}],"replies":[{"embeddable":true,"href":"https:\/\/edublog.educastur.es\/ixuxu\/wp-json\/wp\/v2\/comments?post=49403"}],"version-history":[{"count":2,"href":"https:\/\/edublog.educastur.es\/ixuxu\/wp-json\/wp\/v2\/posts\/49403\/revisions"}],"predecessor-version":[{"id":49405,"href":"https:\/\/edublog.educastur.es\/ixuxu\/wp-json\/wp\/v2\/posts\/49403\/revisions\/49405"}],"wp:attachment":[{"href":"https:\/\/edublog.educastur.es\/ixuxu\/wp-json\/wp\/v2\/media?parent=49403"}],"wp:term":[{"taxonomy":"category","embeddable":true,"href":"https:\/\/edublog.educastur.es\/ixuxu\/wp-json\/wp\/v2\/categories?post=49403"},{"taxonomy":"post_tag","embeddable":true,"href":"https:\/\/edublog.educastur.es\/ixuxu\/wp-json\/wp\/v2\/tags?post=49403"}],"curies":[{"name":"wp","href":"https:\/\/api.w.org\/{rel}","templated":true}]}}