{"id":49427,"date":"2025-05-25T08:25:52","date_gmt":"2025-05-25T06:25:52","guid":{"rendered":"https:\/\/edublog.educastur.es\/ixuxu\/?p=49427"},"modified":"2025-05-25T12:10:20","modified_gmt":"2025-05-25T10:10:20","slug":"el-tiempu-el-comercio-51","status":"publish","type":"post","link":"https:\/\/edublog.educastur.es\/ixuxu\/2025\/05\/el-tiempu-el-comercio-51\/","title":{"rendered":"El tiempu (El Comercio)"},"content":{"rendered":"<p style=\"text-align: center\"><a href=\"https:\/\/s3.ppllstatics.com\/elcomercio\/www\/multimedia\/2025\/05\/24\/tiempo-asturias.jpg\"><img loading=\"lazy\" decoding=\"async\" class=\"aligncenter size-large\" src=\"https:\/\/s3.ppllstatics.com\/elcomercio\/www\/multimedia\/2025\/05\/24\/tiempo-asturias.jpg\" width=\"913\" height=\"669\" \/><\/a><\/p>\n<p>Esti domingu va traer consigo<strong> escamplaes nel cielu al espertanos.<\/strong> Pero, conforme meyora&#8217;l d\u00eda, van entrar nubes pol occidente que se van dir estendiendo al restu.\u00a0Concretamente, esti aumentu de la nubosidad va deber al pasu d&#8217;un frente fr\u00edu poco activu que va tener llugar<strong> a partir del mediud\u00eda<\/strong> y que va dexar xuna tarde nubosa y con orbayos n&#8217;Asturies. Nun van ser precipitaciones bien significatives pero s\u00ed que podr\u00eden faer actu de presencia.<strong> Los vientos<\/strong> van empezar de componente oeste pela ma\u00f1ana pero, col pasu del frente, van afitar de noroeste con raches moderaes na mari\u00f1a y fluexes nel interior. <strong>Les temperatures m\u00e1ximes<\/strong> van baxar en tola met\u00e1 sur asturiana y van caltenese nel restu.<strong> Les m\u00ednimes<\/strong> van xubir de forma inclusive notable nel interior central, y moderadamente nos dem\u00e1s sectores de la rex\u00f3n.<\/p>\n","protected":false},"excerpt":{"rendered":"<p>Esti domingu va traer consigo escamplaes nel cielu al espertanos. Pero, conforme meyora&#8217;l d\u00eda, van entrar nubes pol occidente que se van dir estendiendo al restu.\u00a0Concretamente, esti aumentu de la nubosidad va deber al pasu d&#8217;un frente fr\u00edu poco activu que va tener llugar a partir del mediud\u00eda y que va dexar xuna tarde nubosa [&hellip;]<\/p>\n","protected":false},"author":117,"featured_media":0,"comment_status":"open","ping_status":"open","sticky":false,"template":"","format":"standard","meta":{"footnotes":""},"categories":[5],"tags":[],"class_list":["post-49427","post","type-post","status-publish","format-standard","hentry","category-tiempu"],"_links":{"self":[{"href":"https:\/\/edublog.educastur.es\/ixuxu\/wp-json\/wp\/v2\/posts\/49427","targetHints":{"allow":["GET"]}}],"collection":[{"href":"https:\/\/edublog.educastur.es\/ixuxu\/wp-json\/wp\/v2\/posts"}],"about":[{"href":"https:\/\/edublog.educastur.es\/ixuxu\/wp-json\/wp\/v2\/types\/post"}],"author":[{"embeddable":true,"href":"https:\/\/edublog.educastur.es\/ixuxu\/wp-json\/wp\/v2\/users\/117"}],"replies":[{"embeddable":true,"href":"https:\/\/edublog.educastur.es\/ixuxu\/wp-json\/wp\/v2\/comments?post=49427"}],"version-history":[{"count":1,"href":"https:\/\/edublog.educastur.es\/ixuxu\/wp-json\/wp\/v2\/posts\/49427\/revisions"}],"predecessor-version":[{"id":49428,"href":"https:\/\/edublog.educastur.es\/ixuxu\/wp-json\/wp\/v2\/posts\/49427\/revisions\/49428"}],"wp:attachment":[{"href":"https:\/\/edublog.educastur.es\/ixuxu\/wp-json\/wp\/v2\/media?parent=49427"}],"wp:term":[{"taxonomy":"category","embeddable":true,"href":"https:\/\/edublog.educastur.es\/ixuxu\/wp-json\/wp\/v2\/categories?post=49427"},{"taxonomy":"post_tag","embeddable":true,"href":"https:\/\/edublog.educastur.es\/ixuxu\/wp-json\/wp\/v2\/tags?post=49427"}],"curies":[{"name":"wp","href":"https:\/\/api.w.org\/{rel}","templated":true}]}}