{"id":49449,"date":"2025-05-25T09:05:53","date_gmt":"2025-05-25T07:05:53","guid":{"rendered":"https:\/\/edublog.educastur.es\/ixuxu\/?p=49449"},"modified":"2025-05-25T13:38:23","modified_gmt":"2025-05-25T11:38:23","slug":"un-pocu-dhestoria-bandera-dasturies","status":"publish","type":"post","link":"https:\/\/edublog.educastur.es\/ixuxu\/2025\/05\/un-pocu-dhestoria-bandera-dasturies\/","title":{"rendered":"Un pocu d&#8217;Hestoria: bandera d&#8217;Asturies \u00ab#asturina\u00bb"},"content":{"rendered":"<div class=\"html-div xdj266r xat24cr x1mh8g0r xexx8yu x4uap5 x18d9i69 xkhd6sd x78zum5 x2lah0s xqtp20y x1emribx\">\n<div class=\"xc9qbxq x14qfxbe x6s0dn4 x78zum5 xl56j7k\">\n<div class=\"\" style=\"text-align: center\">\n<!-- iframe plugin v.6.0 wordpress.org\/plugins\/iframe\/ -->\n<iframe loading=\"lazy\" src=\"https:\/\/www.facebook.com\/plugins\/post.php?href=https%3A%2F%2Fwww.facebook.com%2Fphoto.php%3Ffbid%3D10237048642860976%26set%3Da.1322044936429%26type%3D3&#038;show_text=false&#038;width=500\" width=\"500\" height=\"772\" style=\"border:none;overflow:hidden\" scrolling=\"no\" frameborder=\"0\" allowfullscreen=\"true\" allow=\"autoplay; clipboard-write; encrypted-media; picture-in-picture; web-share\" 0=\"\/iframe\" class=\"iframe-class\"><\/iframe>\n<\/div>\n<\/div>\n<\/div>\n<div class=\"x78zum5 xdt5ytf xz62fqu x16ldp7u\">\n<div class=\"xu06os2 x1ok221b\">\n<div class=\"html-div xdj266r x11i5rnm xat24cr x1mh8g0r xexx8yu x4uap5 x18d9i69 xkhd6sd\" data-ad-rendering-role=\"profile_name\">\n<h3 class=\"html-h3 x11i5rnm xat24cr x1mh8g0r xexx8yu x4uap5 x18d9i69 xkhd6sd x1vvkbs x1heor9g x1qlqyl8 x1pd3egz x1a2a7pz x1gslohp x1yc453h\" style=\"text-align: center\"><span class=\"x1lliihq x6ikm8r x10wlt62 x1n2onr6\"><span class=\"xt0psk2\"><span class=\"xjp7ctv\"><a class=\"x1i10hfl xjbqb8w x1ejq31n xd10rxx x1sy0etr x17r0tee x972fbf xcfux6l x1qhh985 xm0m39n x9f619 x1ypdohk xt0psk2 xe8uvvx xdj266r x11i5rnm xat24cr x1mh8g0r xexx8yu x4uap5 x18d9i69 xkhd6sd x16tdsg8 x1hl2dhg xggy1nq x1a2a7pz xkrqix3 x1sur9pj xzsf02u x1s688f\" role=\"link\" href=\"https:\/\/www.facebook.com\/inaciu?__cft__[0]=AZX97ZmN5Ux3vi5RVB67mmC30bzKfyGdYqEq6y7gcPoOBN_Ql_2bIncsMCXCXirqjhrM7KE0NS9fILeJ3XLohW7oos3mO1En3VeyA_Y57whq8TatWYOv1VojA0uwfzUkuq5LSJJYgxDlVQUOXdgQq9nXEjFfj6Ob4nNjlLF94WXJvVG7XwZTfSZ7B0EWk7S8h8hewvwjHaH3qH8DqSNtyZxX&amp;__tn__=-UC%2CP-y-R\"><strong class=\"html-strong xdj266r x11i5rnm xat24cr x1mh8g0r xexx8yu x4uap5 x18d9i69 xkhd6sd x1hl2dhg x16tdsg8 x1vvkbs x1s688f\"><span class=\"html-span xdj266r x11i5rnm xat24cr x1mh8g0r xexx8yu x4uap5 x18d9i69 xkhd6sd x1hl2dhg x16tdsg8 x1vvkbs\">Inaciu Gal\u00e1n<\/span><\/strong><\/a><\/span><\/span><\/span><\/h3>\n<\/div>\n<\/div>\n<\/div>\n<div class=\"html-div xdj266r x11i5rnm xat24cr x1mh8g0r xexx8yu x4uap5 x18d9i69 xkhd6sd\" dir=\"auto\">\n<div class=\"html-div xdj266r x11i5rnm xat24cr x1mh8g0r xexx8yu x4uap5 x18d9i69 xkhd6sd\" dir=\"auto\">\n<div class=\"html-div xdj266r x11i5rnm xat24cr x1mh8g0r xexx8yu x4uap5 x18d9i69 xkhd6sd\" data-ad-rendering-role=\"story_message\">\n<div class=\"x1l90r2v x1iorvi4 x1ye3gou xn6708d\" data-ad-comet-preview=\"message\" data-ad-preview=\"message\">\n<div class=\"x78zum5 xdt5ytf xz62fqu x16ldp7u\">\n<div class=\"xu06os2 x1ok221b\">\n<div class=\"html-div xdj266r x11i5rnm xat24cr x1mh8g0r xexx8yu x4uap5 x18d9i69 xkhd6sd\">\n<div class=\"xdj266r x11i5rnm xat24cr x1mh8g0r x1vvkbs x126k92a\">\n<div dir=\"auto\">[ + ] G\u00fcei ye 25 de mayu, D\u00eda de la Bandera d\u2019Asturies, conocida tami\u00e9n como <span class=\"html-span xdj266r x11i5rnm xat24cr x1mh8g0r xexx8yu x4uap5 x18d9i69 xkhd6sd x1hl2dhg x16tdsg8 x1vvkbs\"><a class=\"x1i10hfl xjbqb8w x1ejq31n xd10rxx x1sy0etr x17r0tee x972fbf xcfux6l x1qhh985 xm0m39n x9f619 x1ypdohk xt0psk2 xe8uvvx xdj266r x11i5rnm xat24cr x1mh8g0r xexx8yu x4uap5 x18d9i69 xkhd6sd x16tdsg8 x1hl2dhg xggy1nq x1a2a7pz xkrqix3 x1sur9pj x1fey0fg x1s688f\" role=\"link\" href=\"https:\/\/www.facebook.com\/hashtag\/asturina?__eep__=6&amp;__cft__[0]=AZX97ZmN5Ux3vi5RVB67mmC30bzKfyGdYqEq6y7gcPoOBN_Ql_2bIncsMCXCXirqjhrM7KE0NS9fILeJ3XLohW7oos3mO1En3VeyA_Y57whq8TatWYOv1VojA0uwfzUkuq5LSJJYgxDlVQUOXdgQq9nXEjFfj6Ob4nNjlLF94WXJvVG7XwZTfSZ7B0EWk7S8h8hewvwjHaH3qH8DqSNtyZxX&amp;__tn__=*NK-y-R\">#asturina<\/a><\/span>. Una xornada pa celebrar esti estandarte, oficializ\u00e1u en 1990, pero que tien una llarga hestoria, que nos lleva a lo menos hasta\u2019l sieglu XVIII. <span class=\"html-span xexx8yu x4uap5 x18d9i69 xkhd6sd x1hl2dhg x16tdsg8 x1vvkbs x3nfvp2 x1j61x8r x1fcty0u xdj266r xat24cr xgzva0m xhhsvwb xxymvpz xlup9mm x1kky2od\"><img loading=\"lazy\" decoding=\"async\" class=\"xz74otr x168nmei x13lgxp2 x5pf9jr xo71vjh\" src=\"https:\/\/static.xx.fbcdn.net\/images\/emoji.php\/v9\/t34\/1\/16\/1f914.png\" alt=\"\ud83e\udd14\" width=\"16\" height=\"16\" \/><\/span>\u00bfQu\u00e9 sabes de la bandera d\u2019Asturies? <span class=\"html-span xexx8yu x4uap5 x18d9i69 xkhd6sd x1hl2dhg x16tdsg8 x1vvkbs x3nfvp2 x1j61x8r x1fcty0u xdj266r xat24cr xgzva0m xhhsvwb xxymvpz xlup9mm x1kky2od\"><img loading=\"lazy\" decoding=\"async\" class=\"xz74otr x168nmei x13lgxp2 x5pf9jr xo71vjh\" src=\"https:\/\/static.xx.fbcdn.net\/images\/emoji.php\/v9\/tcd\/1\/16\/1f643.png\" alt=\"\ud83d\ude43\" width=\"16\" height=\"16\" \/><\/span>\u00bfPor qu\u00e9 la celebremos el 25 de mayu? <span class=\"html-span xexx8yu x4uap5 x18d9i69 xkhd6sd x1hl2dhg x16tdsg8 x1vvkbs x3nfvp2 x1j61x8r x1fcty0u xdj266r xat24cr xgzva0m xhhsvwb xxymvpz xlup9mm x1kky2od\"><img loading=\"lazy\" decoding=\"async\" class=\"xz74otr x168nmei x13lgxp2 x5pf9jr xo71vjh\" src=\"https:\/\/static.xx.fbcdn.net\/images\/emoji.php\/v9\/te2\/1\/16\/270d.png\" alt=\"\u270d\ufe0f\" width=\"16\" height=\"16\" \/><\/span> <strong>Respuendo a estes y otres cuestiones abriendo filu! <span class=\"html-span xexx8yu x4uap5 x18d9i69 xkhd6sd x1hl2dhg x16tdsg8 x1vvkbs x3nfvp2 x1j61x8r x1fcty0u xdj266r xat24cr xgzva0m xhhsvwb xxymvpz xlup9mm x1kky2od\"><img loading=\"lazy\" decoding=\"async\" class=\"xz74otr x168nmei x13lgxp2 x5pf9jr xo71vjh\" src=\"https:\/\/static.xx.fbcdn.net\/images\/emoji.php\/v9\/t92\/1\/16\/2935.png\" alt=\"\u2935\ufe0f\" width=\"16\" height=\"16\" \/><\/span><\/strong><\/div>\n<\/div>\n<div class=\"x11i5rnm xat24cr x1mh8g0r x1vvkbs xtlvy1s x126k92a\">\n<div dir=\"auto\"><!--more--><\/div>\n<div dir=\"auto\"><\/div>\n<\/div>\n<div class=\"x11i5rnm xat24cr x1mh8g0r x1vvkbs xtlvy1s x126k92a\">\n<div dir=\"auto\" style=\"text-align: center\"><span class=\"html-span xexx8yu x4uap5 x18d9i69 xkhd6sd x1hl2dhg x16tdsg8 x1vvkbs x3nfvp2 x1j61x8r x1fcty0u xdj266r xat24cr xgzva0m xhhsvwb xxymvpz xlup9mm x1kky2od\"><img loading=\"lazy\" decoding=\"async\" class=\"xz74otr x168nmei x13lgxp2 x5pf9jr xo71vjh\" src=\"https:\/\/static.xx.fbcdn.net\/images\/emoji.php\/v9\/t7a\/1\/16\/31_20e3.png\" alt=\"1\ufe0f\u20e3\" width=\"16\" height=\"16\" \/><\/span><strong><span style=\"color: #008080\"> L\u2019orixe de la Bandera d\u2019Asturies:<br \/>\nla Cruz de la Victoria.<\/span><\/strong><\/div>\n<\/div>\n<div class=\"x11i5rnm xat24cr x1mh8g0r x1vvkbs xtlvy1s x126k92a\">\n<ul>\n<li dir=\"auto\">La Cruz de la Victoria ta venceyada a la batalla de Cuadonga y al rei Pelayu, al propiu surdimientu del Reinu de los \u00c1stures. La cruz orixinal de madera ta dientro de la \u201ccarcasa\u201d que conocemos, f\u00edxose nel Castiellu de Gauz\u00f3n y foi donada a la Catedral pol rei Alfonsu III el Magnu y la reina Ximena d\u2019Astures, nel a\u00f1u 908.<\/li>\n<\/ul>\n<\/div>\n<div class=\"x11i5rnm xat24cr x1mh8g0r x1vvkbs xtlvy1s x126k92a\">\n<ul>\n<li dir=\"auto\">El Reinu d\u2019Asturies usa y\u00e1 c\u00f3mo s\u00edmbolu la Cruz de la Victoria, qu\u2019apaez tallada n\u2019edificios como la Foncalada, n\u2019Uvi\u00e9u, convirti\u00e9ndose nun escudu y probablemte reproduc\u00edu n\u2019estandartes de la d\u00f3mina, probablemente con fondu encarn\u00e1u, como la que reproducimos.<\/li>\n<\/ul>\n<\/div>\n<div class=\"x11i5rnm xat24cr x1mh8g0r x1vvkbs xtlvy1s x126k92a\">\n<div dir=\"auto\"><\/div>\n<\/div>\n<div class=\"x11i5rnm xat24cr x1mh8g0r x1vvkbs xtlvy1s x126k92a\">\n<div dir=\"auto\" style=\"text-align: center\"><strong><span style=\"color: #008080\"><span class=\"html-span xexx8yu x4uap5 x18d9i69 xkhd6sd x1hl2dhg x16tdsg8 x1vvkbs x3nfvp2 x1j61x8r x1fcty0u xdj266r xat24cr xgzva0m xhhsvwb xxymvpz xlup9mm x1kky2od\"><img loading=\"lazy\" decoding=\"async\" class=\"xz74otr x168nmei x13lgxp2 x5pf9jr xo71vjh\" src=\"https:\/\/static.xx.fbcdn.net\/images\/emoji.php\/v9\/t99\/1\/16\/32_20e3.png\" alt=\"2\ufe0f\u20e3\" width=\"16\" height=\"16\" \/><\/span> Xovellanos y l\u2019informe sobre la bandera de 1794<\/span><\/strong><\/div>\n<\/div>\n<div class=\"x11i5rnm xat24cr x1mh8g0r x1vvkbs xtlvy1s x126k92a\">\n<ul>\n<li dir=\"auto\">En 1794 el Marqu\u00e9s de Campu Sagr\u00e1u pide a Gaspar Melchor de Xovellanos un informe sobre la bandera que pue usar pal reximientu asturianu. Eh\u00ed ye onde Xovellanos fai una recomendaci\u00f3n pa blas\u00f3n del Princip\u00e1u d\u2019Asturies, investigando en documentaci\u00f3n antigua, describiendo una bandera igual a la d\u2019angua\u00f1o:<\/li>\n<\/ul>\n<\/div>\n<div class=\"x11i5rnm xat24cr x1mh8g0r x1vvkbs xtlvy1s x126k92a\">\n<ul>\n<li dir=\"auto\">[\u2026<em>] la forma en que se debe representar [\u2026] deber\u00e1 ser una cruz de plata exactamente copiada de la de la Victoria que se halla en la santa yglesia de esa ciudad con el alpha griega pendiente de su brazo derecho y la omega del izquierdo, las quales pueden ser de oro, y todo en campo azul.<\/em><\/li>\n<li dir=\"auto\">Pod\u00e9is lleer o sentir n\u2019audiollibru l\u2019informe: <span class=\"html-span xdj266r x11i5rnm xat24cr x1mh8g0r xexx8yu x4uap5 x18d9i69 xkhd6sd x1hl2dhg x16tdsg8 x1vvkbs\"><a class=\"x1i10hfl xjbqb8w x1ejq31n xd10rxx x1sy0etr x17r0tee x972fbf xcfux6l x1qhh985 xm0m39n x9f619 x1ypdohk xt0psk2 xe8uvvx xdj266r x11i5rnm xat24cr x1mh8g0r xexx8yu x4uap5 x18d9i69 xkhd6sd x16tdsg8 x1hl2dhg xggy1nq x1a2a7pz xkrqix3 x1sur9pj x1fey0fg x1s688f\" role=\"link\" href=\"https:\/\/l.facebook.com\/l.php?u=https%3A%2F%2Feparlamento.jgpa.es%2Fjovellanos%2Findex.html%3Ffbclid%3DIwZXh0bgNhZW0CMTAAYnJpZBEwdmF6YnNCWWxidW5BbHlQUAEeJopf17KARIgZ4oVf3AvVvAcWszVsRWuIBSOFfzACijGe3ifln-caaHz8SeI_aem_oPCem6yGkj19Aa07xrBEaA&amp;h=AT1hlPDZLkjaO_euukv-oLSmFzsfOmBCK3nwtwddvxjIBEqjZ7rHJdHAZ0eV1Yje65t1apDwOKac9cisM75-EMpxtFUQdZbIpfmKWSp7tW5aJYqjDFX6509YLw54nJYd6GoNSa2VDgBzIHudcyIWXGWWx7_VLA&amp;__tn__=-UK-y-R&amp;c[0]=AT2V_k3DjibjZvm-wNxvSChjnq-Ll93ymTISxOo3Yh0nh-ml5OBz91hVxaMlY363kxvJZjEREnMtiGihcRevhkFuleeqaKhyb_2GyrqaydOVEUULFcLRZlS41qZSXlZWKv3SycoS2sAkeIK0yhYiTOxZRzW9uCkdwl7ErWwZe0N86A0pPt8Mrff5pLuvlEQTOiiwkN_0pKydrTrHVJNKPtXCUWR6qnWavAIn4ZnH96sJKoTG\" target=\"_blank\" rel=\"nofollow noopener noreferrer\">https:\/\/eparlamento.jgpa.es\/jovellanos\/index.html<\/a><\/span><\/li>\n<\/ul>\n<\/div>\n<div class=\"x11i5rnm xat24cr x1mh8g0r x1vvkbs xtlvy1s x126k92a\">\n<div dir=\"auto\"><\/div>\n<\/div>\n<div class=\"x11i5rnm xat24cr x1mh8g0r x1vvkbs xtlvy1s x126k92a\">\n<div dir=\"auto\" style=\"text-align: center\"><span class=\"html-span xexx8yu x4uap5 x18d9i69 xkhd6sd x1hl2dhg x16tdsg8 x1vvkbs x3nfvp2 x1j61x8r x1fcty0u xdj266r xat24cr xgzva0m xhhsvwb xxymvpz xlup9mm x1kky2od\"><img loading=\"lazy\" decoding=\"async\" class=\"xz74otr x168nmei x13lgxp2 x5pf9jr xo71vjh\" src=\"https:\/\/static.xx.fbcdn.net\/images\/emoji.php\/v9\/tb8\/1\/16\/33_20e3.png\" alt=\"3\ufe0f\u20e3\" width=\"16\" height=\"16\" \/><\/span> <span style=\"color: #008080\"><strong>La bandera del Ex\u00e9rcitu Asturianu de 1808<\/strong><\/span><\/div>\n<\/div>\n<div class=\"x11i5rnm xat24cr x1mh8g0r x1vvkbs xtlvy1s x126k92a\">\n<ul>\n<li dir=\"auto\">Cola declaraci\u00f3n de soberan\u00eda que fai la Xunta Xeneral del Princip\u00e1u d\u2019Asturies en 1808 contra la invasi\u00f3n napole\u00f3nica, unviada representantes a Inglaterra y creando l\u2019Ex\u00e9rcitu Asturianu, \u00fasase la Bandera d\u2019Asturies como s\u00edmbolu.<\/li>\n<li dir=\"auto\">A partir d\u2019esi momentu la bandera va afitase como s\u00edmbolu asturianu, non ensin dificultaes. El grab\u00e1u que recoyemos equ\u00ed ye de 1881 y representa la declaraci\u00f3n de soberan\u00eda de 1808, cola bandera asturiana nel centru de la imaxe. Us\u00f3se nos 70 y 80 en pegadielles reivindicatives.<\/li>\n<\/ul>\n<\/div>\n<div class=\"x11i5rnm xat24cr x1mh8g0r x1vvkbs xtlvy1s x126k92a\">\n<div dir=\"auto\"><\/div>\n<\/div>\n<div class=\"x11i5rnm xat24cr x1mh8g0r x1vvkbs xtlvy1s x126k92a\">\n<div dir=\"auto\" style=\"text-align: center\"><span class=\"html-span xexx8yu x4uap5 x18d9i69 xkhd6sd x1hl2dhg x16tdsg8 x1vvkbs x3nfvp2 x1j61x8r x1fcty0u xdj266r xat24cr xgzva0m xhhsvwb xxymvpz xlup9mm x1kky2od\"><img loading=\"lazy\" decoding=\"async\" class=\"xz74otr x168nmei x13lgxp2 x5pf9jr xo71vjh\" src=\"https:\/\/static.xx.fbcdn.net\/images\/emoji.php\/v9\/td7\/1\/16\/34_20e3.png\" alt=\"4\ufe0f\u20e3\" width=\"16\" height=\"16\" \/><\/span><strong><span style=\"color: #008080\"> El filu de continuid\u00e1: sieglu XIX<\/span><\/strong><\/div>\n<\/div>\n<div class=\"x11i5rnm xat24cr x1mh8g0r x1vvkbs xtlvy1s x126k92a\">\n<ul>\n<li dir=\"auto\">Los testimonios gr\u00e1ficos y escritos, poco investigaos ent\u00e1, f\u00e1lennos de continuid\u00e1 nel usu de la bandera d\u2019Asturies nel sieglu XIX y principios del XX. Gracies a @CelebresCoses recoyemos equ\u00ed dellos testimonios de la presencia de la Bandera d\u2019Asturies nel sieglu XIX.<\/li>\n<li dir=\"auto\"><em>1: La bandera en Cuadonga (1858)<\/em>\n<div dir=\"auto\"><\/div>\n<\/li>\n<li dir=\"auto\">\n<div dir=\"auto\"><em>2: La bandera descrita nuna obra de teatru (1852)<\/em><\/div>\n<\/li>\n<\/ul>\n<\/div>\n<div class=\"x11i5rnm xat24cr x1mh8g0r x1vvkbs xtlvy1s x126k92a\">\n<div dir=\"auto\"><\/div>\n<\/div>\n<div class=\"x11i5rnm xat24cr x1mh8g0r x1vvkbs xtlvy1s x126k92a\">\n<div dir=\"auto\" style=\"text-align: center\"><span class=\"html-span xexx8yu x4uap5 x18d9i69 xkhd6sd x1hl2dhg x16tdsg8 x1vvkbs x3nfvp2 x1j61x8r x1fcty0u xdj266r xat24cr xgzva0m xhhsvwb xxymvpz xlup9mm x1kky2od\"><img loading=\"lazy\" decoding=\"async\" class=\"xz74otr x168nmei x13lgxp2 x5pf9jr xo71vjh\" src=\"https:\/\/static.xx.fbcdn.net\/images\/emoji.php\/v9\/tf6\/1\/16\/35_20e3.png\" alt=\"5\ufe0f\u20e3\" width=\"16\" height=\"16\" \/><\/span> <strong><span style=\"color: #008080\">La primer semeya de la Bandera d\u2019Asturies, 1858<\/span><\/strong><\/div>\n<\/div>\n<div class=\"x11i5rnm xat24cr x1mh8g0r x1vvkbs xtlvy1s x126k92a\">\n<ul>\n<li dir=\"auto\">Gracies a la colecci\u00f3n de Baltasar Cue Fern\u00e1ndez nel @MuseuPuebluAst de <span class=\"html-span xdj266r x11i5rnm xat24cr x1mh8g0r xexx8yu x4uap5 x18d9i69 xkhd6sd x1hl2dhg x16tdsg8 x1vvkbs\"><a class=\"x1i10hfl xjbqb8w x1ejq31n xd10rxx x1sy0etr x17r0tee x972fbf xcfux6l x1qhh985 xm0m39n x9f619 x1ypdohk xt0psk2 xe8uvvx xdj266r x11i5rnm xat24cr x1mh8g0r xexx8yu x4uap5 x18d9i69 xkhd6sd x16tdsg8 x1hl2dhg xggy1nq x1a2a7pz xkrqix3 x1sur9pj x1fey0fg x1s688f\" role=\"link\" href=\"https:\/\/www.facebook.com\/hashtag\/xix%C3%B3n?__eep__=6&amp;__cft__[0]=AZX97ZmN5Ux3vi5RVB67mmC30bzKfyGdYqEq6y7gcPoOBN_Ql_2bIncsMCXCXirqjhrM7KE0NS9fILeJ3XLohW7oos3mO1En3VeyA_Y57whq8TatWYOv1VojA0uwfzUkuq5LSJJYgxDlVQUOXdgQq9nXEjFfj6Ob4nNjlLF94WXJvVG7XwZTfSZ7B0EWk7S8h8hewvwjHaH3qH8DqSNtyZxX&amp;__tn__=*NK-y-R\">#Xix\u00f3n<\/a><\/span>, conocemos esta semeya onde apaez una bandera asturiana nesta chocante recreaci\u00f3n de la torre Eiffel pa quioscu m\u00fasica, na plaza La Madalena (xunto a la capiella), nes fiestes de branu de <span class=\"html-span xdj266r x11i5rnm xat24cr x1mh8g0r xexx8yu x4uap5 x18d9i69 xkhd6sd x1hl2dhg x16tdsg8 x1vvkbs\"><a class=\"x1i10hfl xjbqb8w x1ejq31n xd10rxx x1sy0etr x17r0tee x972fbf xcfux6l x1qhh985 xm0m39n x9f619 x1ypdohk xt0psk2 xe8uvvx xdj266r x11i5rnm xat24cr x1mh8g0r xexx8yu x4uap5 x18d9i69 xkhd6sd x16tdsg8 x1hl2dhg xggy1nq x1a2a7pz xkrqix3 x1sur9pj x1fey0fg x1s688f\" role=\"link\" href=\"https:\/\/www.facebook.com\/hashtag\/llanes?__eep__=6&amp;__cft__[0]=AZX97ZmN5Ux3vi5RVB67mmC30bzKfyGdYqEq6y7gcPoOBN_Ql_2bIncsMCXCXirqjhrM7KE0NS9fILeJ3XLohW7oos3mO1En3VeyA_Y57whq8TatWYOv1VojA0uwfzUkuq5LSJJYgxDlVQUOXdgQq9nXEjFfj6Ob4nNjlLF94WXJvVG7XwZTfSZ7B0EWk7S8h8hewvwjHaH3qH8DqSNtyZxX&amp;__tn__=*NK-y-R\">#Llanes<\/a><\/span>, seg\u00fan nos informa @CelebresCoses.<\/li>\n<li dir=\"auto\">Ye la semeya m\u00e1s antigua que conocemos de l\u2019asturiana.<\/li>\n<\/ul>\n<\/div>\n<div class=\"x11i5rnm xat24cr x1mh8g0r x1vvkbs xtlvy1s x126k92a\">\n<div dir=\"auto\"><\/div>\n<\/div>\n<div class=\"x11i5rnm xat24cr x1mh8g0r x1vvkbs xtlvy1s x126k92a\">\n<div dir=\"auto\" style=\"text-align: center\"><strong><span class=\"html-span xexx8yu x4uap5 x18d9i69 xkhd6sd x1hl2dhg x16tdsg8 x1vvkbs x3nfvp2 x1j61x8r x1fcty0u xdj266r xat24cr xgzva0m xhhsvwb xxymvpz xlup9mm x1kky2od\"><img loading=\"lazy\" decoding=\"async\" class=\"xz74otr x168nmei x13lgxp2 x5pf9jr xo71vjh\" src=\"https:\/\/static.xx.fbcdn.net\/images\/emoji.php\/v9\/t15\/1\/16\/36_20e3.png\" alt=\"6\ufe0f\u20e3\" width=\"16\" height=\"16\" \/><\/span><span style=\"color: #008080\"> El filu de continuid\u00e1: primer terciu del sieglu XX<\/span><\/strong><\/div>\n<\/div>\n<div class=\"x11i5rnm xat24cr x1mh8g0r x1vvkbs xtlvy1s x126k92a\">\n<ul>\n<li dir=\"auto\">Nes primeres d\u00e9cades del sieglu tenemos dellos testimonios del so usu n\u2019actos per toa Asturies y en 1920 reclamen face-y homenaxe\n<div dir=\"auto\"><\/div>\n<\/li>\n<li dir=\"auto\">\n<div dir=\"auto\">En 1929 apaez referenciasa en Caneiru, en Vald\u00e9s, nun actu nel que\u2019l Padre Galo da un preg\u00f3n n\u2019asturianu.<\/div>\n<\/li>\n<\/ul>\n<\/div>\n<div class=\"x11i5rnm xat24cr x1mh8g0r x1vvkbs xtlvy1s x126k92a\">\n<div dir=\"auto\"><span style=\"color: #008080\"><strong><span class=\"html-span xexx8yu x4uap5 x18d9i69 xkhd6sd x1hl2dhg x16tdsg8 x1vvkbs x3nfvp2 x1j61x8r x1fcty0u xdj266r xat24cr xgzva0m xhhsvwb xxymvpz xlup9mm x1kky2od\"><img loading=\"lazy\" decoding=\"async\" class=\"xz74otr x168nmei x13lgxp2 x5pf9jr xo71vjh aligncenter\" src=\"https:\/\/static.xx.fbcdn.net\/images\/emoji.php\/v9\/t92\/1\/16\/2935.png\" alt=\"\u2935\ufe0f\" width=\"16\" height=\"16\" \/><\/span><\/strong><\/span><\/div>\n<\/div>\n<div class=\"x11i5rnm xat24cr x1mh8g0r x1vvkbs xtlvy1s x126k92a\">\n<div dir=\"auto\" style=\"text-align: center\"><span style=\"color: #008080\"><strong><span class=\"html-span xexx8yu x4uap5 x18d9i69 xkhd6sd x1hl2dhg x16tdsg8 x1vvkbs x3nfvp2 x1j61x8r x1fcty0u xdj266r xat24cr xgzva0m xhhsvwb xxymvpz xlup9mm x1kky2od\"><img loading=\"lazy\" decoding=\"async\" class=\"xz74otr x168nmei x13lgxp2 x5pf9jr xo71vjh\" src=\"https:\/\/static.xx.fbcdn.net\/images\/emoji.php\/v9\/t34\/1\/16\/37_20e3.png\" alt=\"7\ufe0f\u20e3\" width=\"16\" height=\"16\" \/><\/span> 1923: reinvidaci\u00f3n de la bandera<\/strong><\/span><\/div>\n<\/div>\n<div class=\"x11i5rnm xat24cr x1mh8g0r x1vvkbs xtlvy1s x126k92a\">\n<ul>\n<li dir=\"auto\">En 1923 apaez tami\u00e9n referencia a la presencia de la bandera d\u2019Asturies nun actu dedic\u00e1u al fomentu del asturianismu, celebr\u00e1u nel vieyu Teatru Xovellanos de Xix\u00f3n. El Vizconde de Campu Grande da un discursu y espresa asina la so presencia y les sos pretensiones: <em>\u00abEn la fachada de este edificio ondea la bandera de Asturias. \u00a1Con ser tan l\u00f3gica, resulta extra\u00f1a esta manifesta- ci\u00f3n de regionalismo! Es m\u00e1s, esa bandera azul, genuina representaci\u00f3n de la patria asturiana \u00a1apenas la conocen los astures! cuando debiera ostentarse en los edificios p\u00fablicos, en las solemnidades de este car\u00e1cter, y siempre en las de significaci\u00f3n regional, como se hace en otros pa\u00edses donde nunca falta su propia bandera en casos tales\u00bb.<\/em><\/li>\n<\/ul>\n<\/div>\n<div class=\"x11i5rnm xat24cr x1mh8g0r x1vvkbs xtlvy1s x126k92a\">\n<div dir=\"auto\"><\/div>\n<\/div>\n<div class=\"x11i5rnm xat24cr x1mh8g0r x1vvkbs xtlvy1s x126k92a\">\n<div dir=\"auto\" style=\"text-align: center\"><strong><span class=\"html-span xexx8yu x4uap5 x18d9i69 xkhd6sd x1hl2dhg x16tdsg8 x1vvkbs x3nfvp2 x1j61x8r x1fcty0u xdj266r xat24cr xgzva0m xhhsvwb xxymvpz xlup9mm x1kky2od\"><img loading=\"lazy\" decoding=\"async\" class=\"xz74otr x168nmei x13lgxp2 x5pf9jr xo71vjh\" src=\"https:\/\/static.xx.fbcdn.net\/images\/emoji.php\/v9\/t53\/1\/16\/38_20e3.png\" alt=\"8\ufe0f\u20e3\" width=\"16\" height=\"16\" \/><\/span><span style=\"color: #008080\"> El tiempu de les dictadures:<br \/>\nla prohibicaci\u00f3n de la bandera asturiana<\/span><\/strong><\/div>\n<\/div>\n<div class=\"x11i5rnm xat24cr x1mh8g0r x1vvkbs xtlvy1s x126k92a\">\n<ul>\n<li dir=\"auto\">Les dictadures de Primo de Rivera (1923-1930) y la de Franco darr\u00e9u, van prohibir les banderes distintes de la espa\u00f1ola.\n<div dir=\"auto\"><\/div>\n<\/li>\n<li dir=\"auto\">\n<div dir=\"auto\">Equ\u00ed ta\u2019l testimoniu del Decretu de 18 de setiembre de 1923 promulg\u00e1u pol Directoriu Militar, que prohib\u00eda tanto l\u2019usu del asturianu como de la bandera d\u2019Asturies.<\/div>\n<\/li>\n<\/ul>\n<\/div>\n<div class=\"x11i5rnm xat24cr x1mh8g0r x1vvkbs xtlvy1s x126k92a\">\n<div dir=\"auto\"><\/div>\n<\/div>\n<div class=\"x11i5rnm xat24cr x1mh8g0r x1vvkbs xtlvy1s x126k92a\">\n<div dir=\"auto\" style=\"text-align: center\"><strong><span class=\"html-span xexx8yu x4uap5 x18d9i69 xkhd6sd x1hl2dhg x16tdsg8 x1vvkbs x3nfvp2 x1j61x8r x1fcty0u xdj266r xat24cr xgzva0m xhhsvwb xxymvpz xlup9mm x1kky2od\"><img loading=\"lazy\" decoding=\"async\" class=\"xz74otr x168nmei x13lgxp2 x5pf9jr xo71vjh\" src=\"https:\/\/static.xx.fbcdn.net\/images\/emoji.php\/v9\/t72\/1\/16\/39_20e3.png\" alt=\"9\ufe0f\u20e3\" width=\"16\" height=\"16\" \/><\/span><span style=\"color: #008080\"> El franquismu: 40 a\u00f1os ensin erguer la bandera<\/span><\/strong><\/div>\n<\/div>\n<div class=\"x11i5rnm xat24cr x1mh8g0r x1vvkbs xtlvy1s x126k92a\">\n<ul>\n<li dir=\"auto\">El Franquismu practic\u00f3 tami\u00e9n la prohibici\u00f3n de los s\u00edmbolos distintos de la bandera espa\u00f1ola. La bandera asturiana foi desconocida pa delles xeneraciones que nacieren nel tiempu la dictadura. Franco apod\u00e9rase del s\u00edmbolu de la cruz de la Victoria, inclusive llegando a llevala \u00e9l mesmu peles cais d\u2019Uvi\u00e9u na so vuelta a la Catedral tres la Guerra.<\/li>\n<li dir=\"auto\">Sicas\u00ed, a mediaos se los a\u00f1os 70, arranca un movimientu de reivindicaci\u00f3n identitariu, cultural y lling\u00fc\u00edsticu que reivindica y vuelve salir a la cai cola bandera d\u2019Asturies, la so organizaci\u00f3n m\u00e1s representativa ll\u00e1mase Conceyu Bable.<\/li>\n<\/ul>\n<\/div>\n<div class=\"x11i5rnm xat24cr x1mh8g0r x1vvkbs xtlvy1s x126k92a\">\n<div dir=\"auto\"><span style=\"color: #008080\"><strong><span class=\"html-span xexx8yu x4uap5 x18d9i69 xkhd6sd x1hl2dhg x16tdsg8 x1vvkbs x3nfvp2 x1j61x8r x1fcty0u xdj266r xat24cr xgzva0m xhhsvwb xxymvpz xlup9mm x1kky2od\"><img loading=\"lazy\" decoding=\"async\" class=\"xz74otr x168nmei x13lgxp2 x5pf9jr xo71vjh aligncenter\" src=\"https:\/\/static.xx.fbcdn.net\/images\/emoji.php\/v9\/t92\/1\/16\/2935.png\" alt=\"\u2935\ufe0f\" width=\"16\" height=\"16\" \/><\/span><\/strong><\/span><\/div>\n<\/div>\n<div class=\"x11i5rnm xat24cr x1mh8g0r x1vvkbs xtlvy1s x126k92a\">\n<div dir=\"auto\" style=\"text-align: center\"><span style=\"color: #008080\"><strong><span class=\"html-span xexx8yu x4uap5 x18d9i69 xkhd6sd x1hl2dhg x16tdsg8 x1vvkbs x3nfvp2 x1j61x8r x1fcty0u xdj266r xat24cr xgzva0m xhhsvwb xxymvpz xlup9mm x1kky2od\"><img loading=\"lazy\" decoding=\"async\" class=\"xz74otr x168nmei x13lgxp2 x5pf9jr xo71vjh\" src=\"https:\/\/static.xx.fbcdn.net\/images\/emoji.php\/v9\/t62\/1\/16\/1f51f.png\" alt=\"\ud83d\udd1f\" width=\"16\" height=\"16\" \/><\/span> La transici\u00f3n: pol\u00e9miques<br \/>\ny afitamientu del s\u00edmbolu<\/strong><\/span><\/div>\n<\/div>\n<div class=\"x11i5rnm xat24cr x1mh8g0r x1vvkbs xtlvy1s x126k92a\">\n<ul>\n<li dir=\"auto\">La bandera va asumi\u00e9ndose pasu ente pasu na socied\u00e1, pero la presencia de la cruz nun gusta en dalgunos sectores a la izquierda de la FSA-PSOE. Col tiempu sup\u00e9rase esi conflictu. Son munches les banderes que se cuesen dende la militancia pol\u00edtica de Conceyu Bable. En 1978 la Diputaci\u00f3n d\u2019Asturies encarga un informe y una amuesa a una f\u00e1brica de toldos, qu\u2019ent\u00e1 se conserva nel Archivu d\u2019Asturies.<\/li>\n<\/ul>\n<\/div>\n<div class=\"x11i5rnm xat24cr x1mh8g0r x1vvkbs xtlvy1s x126k92a\">\n<div dir=\"auto\"><\/div>\n<\/div>\n<div class=\"x11i5rnm xat24cr x1mh8g0r x1vvkbs xtlvy1s x126k92a\">\n<div dir=\"auto\" style=\"text-align: center\"><strong><span class=\"html-span xexx8yu x4uap5 x18d9i69 xkhd6sd x1hl2dhg x16tdsg8 x1vvkbs x3nfvp2 x1j61x8r x1fcty0u xdj266r xat24cr xgzva0m xhhsvwb xxymvpz xlup9mm x1kky2od\"><img loading=\"lazy\" decoding=\"async\" class=\"xz74otr x168nmei x13lgxp2 x5pf9jr xo71vjh\" src=\"https:\/\/static.xx.fbcdn.net\/images\/emoji.php\/v9\/t7a\/1\/16\/31_20e3.png\" alt=\"1\ufe0f\u20e3\" width=\"16\" height=\"16\" \/><\/span><span class=\"html-span xexx8yu x4uap5 x18d9i69 xkhd6sd x1hl2dhg x16tdsg8 x1vvkbs x3nfvp2 x1j61x8r x1fcty0u xdj266r xat24cr xgzva0m xhhsvwb xxymvpz xlup9mm x1kky2od\"><img loading=\"lazy\" decoding=\"async\" class=\"xz74otr x168nmei x13lgxp2 x5pf9jr xo71vjh\" src=\"https:\/\/static.xx.fbcdn.net\/images\/emoji.php\/v9\/t7a\/1\/16\/31_20e3.png\" alt=\"1\ufe0f\u20e3\" width=\"16\" height=\"16\" \/><\/span><span style=\"color: #008080\"> La oficializaci\u00f3n de la bandera<\/span><\/strong><\/div>\n<\/div>\n<div class=\"x11i5rnm xat24cr x1mh8g0r x1vvkbs xtlvy1s x126k92a\">\n<ul>\n<li dir=\"auto\">L\u2019Estatutu d\u2019Autonom\u00eda d\u2019Asturies de 1981 afita la bandera como oficial: <em>Art. 3.1,\u00abLa bandera del Princip\u00e1u d\u2019Asturies ye la tradicional cola Cruz de la Victoria en mariellu sobre fondu azul\u00bb<\/em>\n<div dir=\"auto\"><\/div>\n<\/li>\n<li dir=\"auto\">\n<div dir=\"auto\">La Llei 4\/1990 afita toles sos caracter\u00edstiques y usos: <span class=\"html-span xdj266r x11i5rnm xat24cr x1mh8g0r xexx8yu x4uap5 x18d9i69 xkhd6sd x1hl2dhg x16tdsg8 x1vvkbs\"><a class=\"x1i10hfl xjbqb8w x1ejq31n xd10rxx x1sy0etr x17r0tee x972fbf xcfux6l x1qhh985 xm0m39n x9f619 x1ypdohk xt0psk2 xe8uvvx xdj266r x11i5rnm xat24cr x1mh8g0r xexx8yu x4uap5 x18d9i69 xkhd6sd x16tdsg8 x1hl2dhg xggy1nq x1a2a7pz xkrqix3 x1sur9pj x1fey0fg x1s688f\" role=\"link\" href=\"https:\/\/l.facebook.com\/l.php?u=https%3A%2F%2Fwww.boe.es%2Fbuscar%2Fpdf%2F1991%2FBOE-A-1991-3217-consolidado.pdf%3Ffbclid%3DIwZXh0bgNhZW0CMTAAYnJpZBEwdmF6YnNCWWxidW5BbHlQUAEeJopf17KARIgZ4oVf3AvVvAcWszVsRWuIBSOFfzACijGe3ifln-caaHz8SeI_aem_oPCem6yGkj19Aa07xrBEaA&amp;h=AT3il9-1zBIcvHPqaCUKS5czu4XyvQmnF1sR3qYfFtFc_W2ekxAMs0y60i7KEc3NMb04zNhPRnOdLa75ttIc3FkSrgtwfI96rKk2DvXsp_hR_83wpU-GDxDeGdEg6mLYMenaI-kTtC-JqOzOuVuxJC_8T-2Xcg&amp;__tn__=-UK-y-R&amp;c[0]=AT2V_k3DjibjZvm-wNxvSChjnq-Ll93ymTISxOo3Yh0nh-ml5OBz91hVxaMlY363kxvJZjEREnMtiGihcRevhkFuleeqaKhyb_2GyrqaydOVEUULFcLRZlS41qZSXlZWKv3SycoS2sAkeIK0yhYiTOxZRzW9uCkdwl7ErWwZe0N86A0pPt8Mrff5pLuvlEQTOiiwkN_0pKydrTrHVJNKPtXCUWR6qnWavAIn4ZnH96sJKoTG\" target=\"_blank\" rel=\"nofollow noopener noreferrer\">https:\/\/www.boe.es\/&#8230;\/1991\/BOE-A-1991-3217-consolidado.pdf<\/a><\/span><\/div>\n<\/li>\n<\/ul>\n<\/div>\n<div class=\"x11i5rnm xat24cr x1mh8g0r x1vvkbs xtlvy1s x126k92a\">\n<ul>\n<li dir=\"auto\">La bandera ta dende ent\u00f3s afitada dafechu na socied\u00e1, como una de les m\u00e1s conoc\u00edes, quer\u00edes y tresversales de les comunidaes auton\u00f3mes.<\/li>\n<\/ul>\n<\/div>\n<div class=\"x11i5rnm xat24cr x1mh8g0r x1vvkbs xtlvy1s x126k92a\">\n<div dir=\"auto\"><\/div>\n<\/div>\n<div class=\"x11i5rnm xat24cr x1mh8g0r x1vvkbs xtlvy1s x126k92a\">\n<div dir=\"auto\" style=\"text-align: center\"><strong><span class=\"html-span xexx8yu x4uap5 x18d9i69 xkhd6sd x1hl2dhg x16tdsg8 x1vvkbs x3nfvp2 x1j61x8r x1fcty0u xdj266r xat24cr xgzva0m xhhsvwb xxymvpz xlup9mm x1kky2od\"><img loading=\"lazy\" decoding=\"async\" class=\"xz74otr x168nmei x13lgxp2 x5pf9jr xo71vjh\" src=\"https:\/\/static.xx.fbcdn.net\/images\/emoji.php\/v9\/t7a\/1\/16\/31_20e3.png\" alt=\"1\ufe0f\u20e3\" width=\"16\" height=\"16\" \/><\/span><span class=\"html-span xexx8yu x4uap5 x18d9i69 xkhd6sd x1hl2dhg x16tdsg8 x1vvkbs x3nfvp2 x1j61x8r x1fcty0u xdj266r xat24cr xgzva0m xhhsvwb xxymvpz xlup9mm x1kky2od\"><img loading=\"lazy\" decoding=\"async\" class=\"xz74otr x168nmei x13lgxp2 x5pf9jr xo71vjh\" src=\"https:\/\/static.xx.fbcdn.net\/images\/emoji.php\/v9\/t99\/1\/16\/32_20e3.png\" alt=\"2\ufe0f\u20e3\" width=\"16\" height=\"16\" \/><\/span> Prohibiciones<\/strong><\/div>\n<\/div>\n<div class=\"x11i5rnm xat24cr x1mh8g0r x1vvkbs xtlvy1s x126k92a\">\n<ul>\n<li dir=\"auto\">Magar la so tresversalid\u00e1 ent\u00e1 hai espacios nos que xenera problemes usar la bandera asturiana. En 2015 la deportista Roc\u00edo Gamonal foi multada por celebrar cola bandera asturiana un \u00e9situ deportivu.<\/li>\n<\/ul>\n<\/div>\n<div class=\"x11i5rnm xat24cr x1mh8g0r x1vvkbs xtlvy1s x126k92a\">\n<div dir=\"auto\" style=\"text-align: center\"><span class=\"html-span xexx8yu x4uap5 x18d9i69 xkhd6sd x1hl2dhg x16tdsg8 x1vvkbs x3nfvp2 x1j61x8r x1fcty0u xdj266r xat24cr xgzva0m xhhsvwb xxymvpz xlup9mm x1kky2od\"><img loading=\"lazy\" decoding=\"async\" class=\"xz74otr x168nmei x13lgxp2 x5pf9jr xo71vjh\" src=\"https:\/\/static.xx.fbcdn.net\/images\/emoji.php\/v9\/t92\/1\/16\/2935.png\" alt=\"\u2935\ufe0f\" width=\"16\" height=\"16\" \/><\/span><\/div>\n<\/div>\n<div class=\"x11i5rnm xat24cr x1mh8g0r x1vvkbs xtlvy1s x126k92a\">\n<div dir=\"auto\" style=\"text-align: center\"><span style=\"color: #008080\"><strong><span class=\"html-span xexx8yu x4uap5 x18d9i69 xkhd6sd x1hl2dhg x16tdsg8 x1vvkbs x3nfvp2 x1j61x8r x1fcty0u xdj266r xat24cr xgzva0m xhhsvwb xxymvpz xlup9mm x1kky2od\"><img loading=\"lazy\" decoding=\"async\" class=\"xz74otr x168nmei x13lgxp2 x5pf9jr xo71vjh\" src=\"https:\/\/static.xx.fbcdn.net\/images\/emoji.php\/v9\/t7a\/1\/16\/31_20e3.png\" alt=\"1\ufe0f\u20e3\" width=\"16\" height=\"16\" \/><\/span><span class=\"html-span xexx8yu x4uap5 x18d9i69 xkhd6sd x1hl2dhg x16tdsg8 x1vvkbs x3nfvp2 x1j61x8r x1fcty0u xdj266r xat24cr xgzva0m xhhsvwb xxymvpz xlup9mm x1kky2od\"><img loading=\"lazy\" decoding=\"async\" class=\"xz74otr x168nmei x13lgxp2 x5pf9jr xo71vjh\" src=\"https:\/\/static.xx.fbcdn.net\/images\/emoji.php\/v9\/tb8\/1\/16\/33_20e3.png\" alt=\"3\ufe0f\u20e3\" width=\"16\" height=\"16\" \/><\/span> 25 de mayu, D\u00eda de la Bandera d\u2019Asturies<\/strong><\/span><\/div>\n<\/div>\n<div class=\"x11i5rnm xat24cr x1mh8g0r x1vvkbs xtlvy1s x126k92a\">\n<ul>\n<li dir=\"auto\">Tres munchos a\u00f1os nos que\u2019l 25 de mayu, reivindic\u00e1u por una parte del asturianismu como D\u00eda d\u2019Asturies frente al 8 de setiembre, yera una celebraci\u00f3n de peque\u00f1os colectivos, el presidente @AdrianBarbon convierte esta simb\u00f3lica fecha, nel D\u00eda de la Bandera d\u2019Asturies, cola celebraci\u00f3n d\u2019un actu institucional a\u00f1al dende 2021.<\/li>\n<li dir=\"auto\">\u00bfQuies saber m\u00e1s? El @GobAsturias tien una p\u00e1xina con m\u00e1s info:\n<div dir=\"auto\"><span class=\"html-span xdj266r x11i5rnm xat24cr x1mh8g0r xexx8yu x4uap5 x18d9i69 xkhd6sd x1hl2dhg x16tdsg8 x1vvkbs\"><a class=\"x1i10hfl xjbqb8w x1ejq31n xd10rxx x1sy0etr x17r0tee x972fbf xcfux6l x1qhh985 xm0m39n x9f619 x1ypdohk xt0psk2 xe8uvvx xdj266r x11i5rnm xat24cr x1mh8g0r xexx8yu x4uap5 x18d9i69 xkhd6sd x16tdsg8 x1hl2dhg xggy1nq x1a2a7pz xkrqix3 x1sur9pj x1fey0fg x1s688f\" role=\"link\" href=\"https:\/\/www.facebook.com\/hashtag\/asturianu?__eep__=6&amp;__cft__[0]=AZX97ZmN5Ux3vi5RVB67mmC30bzKfyGdYqEq6y7gcPoOBN_Ql_2bIncsMCXCXirqjhrM7KE0NS9fILeJ3XLohW7oos3mO1En3VeyA_Y57whq8TatWYOv1VojA0uwfzUkuq5LSJJYgxDlVQUOXdgQq9nXEjFfj6Ob4nNjlLF94WXJvVG7XwZTfSZ7B0EWk7S8h8hewvwjHaH3qH8DqSNtyZxX&amp;__tn__=*NK-y-R\">#asturianu<\/a><\/span><\/div>\n<\/li>\n<li dir=\"auto\">\n<div dir=\"auto\"><span class=\"html-span xexx8yu x4uap5 x18d9i69 xkhd6sd x1hl2dhg x16tdsg8 x1vvkbs x3nfvp2 x1j61x8r x1fcty0u xdj266r xat24cr xgzva0m xhhsvwb xxymvpz xlup9mm x1kky2od\"><img loading=\"lazy\" decoding=\"async\" class=\"xz74otr x168nmei x13lgxp2 x5pf9jr xo71vjh\" src=\"https:\/\/static.xx.fbcdn.net\/images\/emoji.php\/v9\/t9e\/1\/16\/27a1.png\" alt=\"\u27a1\ufe0f\" width=\"16\" height=\"16\" \/><\/span><strong><a href=\"https:\/\/banderadeasturias.es\/inicio-ast\/\">https:\/\/banderadeasturias.es\/inicio-ast\/<\/a><\/strong><\/div>\n<\/li>\n<\/ul>\n<\/div>\n<div class=\"x11i5rnm xat24cr x1mh8g0r x1vvkbs xtlvy1s x126k92a\">\n<ul>\n<li dir=\"auto\"><span class=\"html-span xexx8yu x4uap5 x18d9i69 xkhd6sd x1hl2dhg x16tdsg8 x1vvkbs x3nfvp2 x1j61x8r x1fcty0u xdj266r xat24cr xgzva0m xhhsvwb xxymvpz xlup9mm x1kky2od\"><img loading=\"lazy\" decoding=\"async\" class=\"xz74otr x168nmei x13lgxp2 x5pf9jr xo71vjh\" src=\"https:\/\/static.xx.fbcdn.net\/images\/emoji.php\/v9\/t9e\/1\/16\/27a1.png\" alt=\"\u27a1\ufe0f\" width=\"16\" height=\"16\" \/><\/span> <span class=\"html-span xdj266r x11i5rnm xat24cr x1mh8g0r xexx8yu x4uap5 x18d9i69 xkhd6sd x1hl2dhg x16tdsg8 x1vvkbs\"><a class=\"x1i10hfl xjbqb8w x1ejq31n xd10rxx x1sy0etr x17r0tee x972fbf xcfux6l x1qhh985 xm0m39n x9f619 x1ypdohk xt0psk2 xe8uvvx xdj266r x11i5rnm xat24cr x1mh8g0r xexx8yu x4uap5 x18d9i69 xkhd6sd x16tdsg8 x1hl2dhg xggy1nq x1a2a7pz xkrqix3 x1sur9pj x1fey0fg x1s688f\" role=\"link\" href=\"https:\/\/banderadeasturias.es\/inicio-eon\/?fbclid=IwZXh0bgNhZW0CMTAAYnJpZBEwdmF6YnNCWWxidW5BbHlQUAEeCkMsm937LbFvpVxVEX8kL3su1kjEW425K_6vAzOR0vzw_ZODXClHSRdQi1Q_aem_Z2SG_wwuEp87cLfpBN1_uQ\" target=\"_blank\" rel=\"nofollow noopener noreferrer\">https:\/\/banderadeasturias.es\/inicio-eon\/<\/a><\/span><\/li>\n<\/ul>\n<\/div>\n<div class=\"x11i5rnm xat24cr x1mh8g0r x1vvkbs xtlvy1s x126k92a\">\n<div dir=\"auto\"><\/div>\n<\/div>\n<\/div>\n<\/div>\n<\/div>\n<\/div>\n<\/div>\n<\/div>\n<\/div>\n<p>&nbsp;<\/p>\n","protected":false},"excerpt":{"rendered":"<p>Inaciu Gal\u00e1n [ + ] G\u00fcei ye 25 de mayu, D\u00eda de la Bandera d\u2019Asturies, conocida tami\u00e9n como #asturina. Una xornada pa celebrar esti estandarte, oficializ\u00e1u en 1990, pero que tien una llarga hestoria, que nos lleva a lo menos hasta\u2019l sieglu XVIII. \u00bfQu\u00e9 sabes de la bandera d\u2019Asturies? \u00bfPor qu\u00e9 la celebremos el 25 [&hellip;]<\/p>\n","protected":false},"author":117,"featured_media":0,"comment_status":"open","ping_status":"open","sticky":false,"template":"","format":"standard","meta":{"footnotes":""},"categories":[452,6,322],"tags":[],"class_list":["post-49449","post","type-post","status-publish","format-standard","hentry","category-bandera","category-dia-de","category-inaciu-galan"],"_links":{"self":[{"href":"https:\/\/edublog.educastur.es\/ixuxu\/wp-json\/wp\/v2\/posts\/49449","targetHints":{"allow":["GET"]}}],"collection":[{"href":"https:\/\/edublog.educastur.es\/ixuxu\/wp-json\/wp\/v2\/posts"}],"about":[{"href":"https:\/\/edublog.educastur.es\/ixuxu\/wp-json\/wp\/v2\/types\/post"}],"author":[{"embeddable":true,"href":"https:\/\/edublog.educastur.es\/ixuxu\/wp-json\/wp\/v2\/users\/117"}],"replies":[{"embeddable":true,"href":"https:\/\/edublog.educastur.es\/ixuxu\/wp-json\/wp\/v2\/comments?post=49449"}],"version-history":[{"count":6,"href":"https:\/\/edublog.educastur.es\/ixuxu\/wp-json\/wp\/v2\/posts\/49449\/revisions"}],"predecessor-version":[{"id":49455,"href":"https:\/\/edublog.educastur.es\/ixuxu\/wp-json\/wp\/v2\/posts\/49449\/revisions\/49455"}],"wp:attachment":[{"href":"https:\/\/edublog.educastur.es\/ixuxu\/wp-json\/wp\/v2\/media?parent=49449"}],"wp:term":[{"taxonomy":"category","embeddable":true,"href":"https:\/\/edublog.educastur.es\/ixuxu\/wp-json\/wp\/v2\/categories?post=49449"},{"taxonomy":"post_tag","embeddable":true,"href":"https:\/\/edublog.educastur.es\/ixuxu\/wp-json\/wp\/v2\/tags?post=49449"}],"curies":[{"name":"wp","href":"https:\/\/api.w.org\/{rel}","templated":true}]}}