{"id":49456,"date":"2025-05-25T13:50:21","date_gmt":"2025-05-25T11:50:21","guid":{"rendered":"https:\/\/edublog.educastur.es\/ixuxu\/?p=49456"},"modified":"2025-05-25T14:13:00","modified_gmt":"2025-05-25T12:13:00","slug":"49456","status":"publish","type":"post","link":"https:\/\/edublog.educastur.es\/ixuxu\/2025\/05\/49456\/","title":{"rendered":"Mariluz Crist\u00f3bal Caunedo, uno de los nombres m\u00e1s importantes de la canci\u00f3n asturiana."},"content":{"rendered":"<p style=\"text-align: center\"><span class=\"html-span xexx8yu x4uap5 x18d9i69 xkhd6sd x1hl2dhg x16tdsg8 x1vvkbs x3nfvp2 x1j61x8r x1fcty0u xdj266r xat24cr xgzva0m xhhsvwb xxymvpz xlup9mm x1kky2od\">\n<!-- iframe plugin v.6.0 wordpress.org\/plugins\/iframe\/ -->\n<iframe loading=\"lazy\" src=\"https:\/\/www.instagram.com\/reel\/DKAaqNWIOJ0\/embed\" width=\"460\" height=\"620\" 0=\"\/iframe\" scrolling=\"yes\" class=\"iframe-class\" frameborder=\"0\"><\/iframe>\n<\/span><\/p>\n<p style=\"text-align: center\"><span style=\"font-size: 20px\"><em><span style=\"color: #008080\">\u00abAunque sea somedana yo nun tengo mieu a nadie, <\/span><\/em><\/span><br \/>\n<span style=\"font-size: 20px\"><em><span style=\"color: #008080\">que yo tengo la cara blanca como las de la ciudade\u00bb<\/span><\/em><\/span><\/p>\n<ul>\n<li>\ud83d\udd39<strong><a href=\"https:\/\/es.wikipedia.org\/wiki\/Mari_Luz_Crist%C3%B3bal_Caunedo\">Mariluz Crist\u00f3bal Caunedo<\/a> ye uno de los nombres m\u00e1s importantes de la canci\u00f3n asturiana.<\/strong> Nacida en Tin\u00e9u en 1948, la mayor\u00eda de los que no sois de Asturias la pod\u00e9is conocer gracias a la colaboraci\u00f3n que fizo con Hevia en la canci\u00f3n <a href=\"https:\/\/youtu.be\/FwJt90Pbm8U?t=133\">\u201cBusindre Reel\u201d, interpretando un fragmento de la tonada \u201cTu nun vuelvas a mio casa\u201d<\/a>. \/ <strong>Min 2:16<\/strong> \/ <strong><a href=\"https:\/\/www.youtube.com\/channel\/UCVL0kV7xUPt4rBDJCrLCgLg\">Canal Youtube<\/a><\/strong> \/<\/li>\n<\/ul>\n<p><!--more--><\/p>\n<p style=\"text-align: center\">\n<!-- iframe plugin v.6.0 wordpress.org\/plugins\/iframe\/ -->\n<iframe loading=\"lazy\" width=\"100%\" height=\"423\" src=\"https:\/\/www.youtube.com\/embed\/FwJt90Pbm8U\" title=\"\u00a1NEW VIDEOCLIP Busindre Reel 25! - HEVIA\" frameborder=\"0\" allow=\"accelerometer; autoplay; clipboard-write; encrypted-media; gyroscope; picture-in-picture; web-share\" referrerpolicy=\"strict-origin-when-cross-origin\" 0=\"allowfullscreen\" 1=\"\/iframe\" scrolling=\"yes\" class=\"iframe-class\"><\/iframe>\n<\/p>\n<p>&nbsp;<\/p>\n<ul>\n<li>\ud83d\udd39Tambi\u00e9n se la reconoce en la colaboraci\u00f3n que fizo con Rodrigo Cuevas en \u00aba Covadonga march\u00f3 ma\u00f1ana\u00bb, de su \u00faltimo disco \u00abManual de Romer\u00eda\u00bb.<\/li>\n<li>\ud83d\udd39A largo de su carrera ha ganado los concursos de canci\u00f3n asturiana de mayor renombre e importancia de Asturias.<\/li>\n<li>\ud83d\udd39Su carrera discogr\u00e1fica comenz\u00f3 con colaboraciones con los m\u00e1s importantes cantantes de m\u00fasica tradicional asturiana y tuvo acompa\u00f1ada a la gaita por grand\u00edsimos gaiteros asturianos como Manolo Quiros, Vicente Prado,etc..<\/li>\n<li>\ud83d\udd39Con el \u00abColectivu Muyeres\u00bb grab\u00f3 canciones en los tres discos que editaron.<\/li>\n<li>\ud83d\udd39Su primer disco interpretado por ella fue la Misa Asturiana de Gaita (grabado en 1998).<\/li>\n<li>\ud83d\udd39Ha representado a Asturias en el Festival interc\u00e9ltico de Lorient.<\/li>\n<li>\ud83d\udd39En 2001 public\u00f3 su primer disco en solitario \u2018Onde la \u00d1ublina Posa\u2019; una obra imprescindible para la m\u00fasica asturiana en la que revoluciona la asturianada o tonada. En \u00e9l explora sonoridades nuevas pa este g\u00e9nero pero sin perder el sonido tradicional.<\/li>\n<li>\ud83d\udd39 Y en el pasado mes de abril <a class=\"x1i10hfl xjbqb8w x1ejq31n xd10rxx x1sy0etr x17r0tee x972fbf xcfux6l x1qhh985 xm0m39n x9f619 x1ypdohk xt0psk2 xe8uvvx xdj266r x11i5rnm xat24cr x1mh8g0r xexx8yu x4uap5 x18d9i69 xkhd6sd x16tdsg8 x1hl2dhg xggy1nq x1a2a7pz notranslate _a6hd\" role=\"link\" href=\"https:\/\/www.instagram.com\/laflordegrau\/\">@laflordegrau<\/a> la distingui\u00f3 con el primer premio de la asociaci\u00f3n La Flor de Grau \ud83e\udd0d<\/li>\n<li>\ud83d\udd39Mari Luz la Caunedo abri\u00f3 un cam\u00edn que luego siguieron las nuevas generaciones de mujeres de int\u00e9rpretes de canci\u00f3n asturiana\u2728<\/li>\n<\/ul>\n<p style=\"text-align: center\">\n<!-- iframe plugin v.6.0 wordpress.org\/plugins\/iframe\/ -->\n<iframe loading=\"lazy\" width=\"100%\" height=\"423\" src=\"https:\/\/www.youtube.com\/embed\/4EY_lGvQejA\" title=\"Homenaje a Mari Luz Crist\u00f3bal Caunedo\" frameborder=\"0\" allow=\"accelerometer; autoplay; clipboard-write; encrypted-media; gyroscope; picture-in-picture; web-share\" referrerpolicy=\"strict-origin-when-cross-origin\" 0=\"allowfullscreen\" 1=\"\/iframe\" scrolling=\"yes\" class=\"iframe-class\"><\/iframe>\n<\/p>\n<p style=\"text-align: center\">\n<!-- iframe plugin v.6.0 wordpress.org\/plugins\/iframe\/ -->\n<iframe loading=\"lazy\" width=\"100%\" height=\"423\" src=\"https:\/\/www.youtube.com\/embed\/HEdtMXB5MmU?list=OLAK5uy_mVLNdNAfPVCeDs9Gq-BLnpgqivjhLqGek\" title=\"Vaqueires\" frameborder=\"0\" allow=\"accelerometer; autoplay; clipboard-write; encrypted-media; gyroscope; picture-in-picture; web-share\" referrerpolicy=\"strict-origin-when-cross-origin\" 0=\"allowfullscreen\" 1=\"\/iframe\" scrolling=\"yes\" class=\"iframe-class\"><\/iframe>\n<\/p>\n","protected":false},"excerpt":{"rendered":"<p>\u00abAunque sea somedana yo nun tengo mieu a nadie, que yo tengo la cara blanca como las de la ciudade\u00bb \ud83d\udd39Mariluz Crist\u00f3bal Caunedo ye uno de los nombres m\u00e1s importantes de la canci\u00f3n asturiana. Nacida en Tin\u00e9u en 1948, la mayor\u00eda de los que no sois de Asturias la pod\u00e9is conocer gracias a la colaboraci\u00f3n [&hellip;]<\/p>\n","protected":false},"author":117,"featured_media":0,"comment_status":"open","ping_status":"open","sticky":false,"template":"","format":"standard","meta":{"footnotes":""},"categories":[35,1],"tags":[],"class_list":["post-49456","post","type-post","status-publish","format-standard","hentry","category-musica","category-sin-categoria"],"_links":{"self":[{"href":"https:\/\/edublog.educastur.es\/ixuxu\/wp-json\/wp\/v2\/posts\/49456","targetHints":{"allow":["GET"]}}],"collection":[{"href":"https:\/\/edublog.educastur.es\/ixuxu\/wp-json\/wp\/v2\/posts"}],"about":[{"href":"https:\/\/edublog.educastur.es\/ixuxu\/wp-json\/wp\/v2\/types\/post"}],"author":[{"embeddable":true,"href":"https:\/\/edublog.educastur.es\/ixuxu\/wp-json\/wp\/v2\/users\/117"}],"replies":[{"embeddable":true,"href":"https:\/\/edublog.educastur.es\/ixuxu\/wp-json\/wp\/v2\/comments?post=49456"}],"version-history":[{"count":9,"href":"https:\/\/edublog.educastur.es\/ixuxu\/wp-json\/wp\/v2\/posts\/49456\/revisions"}],"predecessor-version":[{"id":49473,"href":"https:\/\/edublog.educastur.es\/ixuxu\/wp-json\/wp\/v2\/posts\/49456\/revisions\/49473"}],"wp:attachment":[{"href":"https:\/\/edublog.educastur.es\/ixuxu\/wp-json\/wp\/v2\/media?parent=49456"}],"wp:term":[{"taxonomy":"category","embeddable":true,"href":"https:\/\/edublog.educastur.es\/ixuxu\/wp-json\/wp\/v2\/categories?post=49456"},{"taxonomy":"post_tag","embeddable":true,"href":"https:\/\/edublog.educastur.es\/ixuxu\/wp-json\/wp\/v2\/tags?post=49456"}],"curies":[{"name":"wp","href":"https:\/\/api.w.org\/{rel}","templated":true}]}}