{"id":49466,"date":"2025-05-25T14:00:05","date_gmt":"2025-05-25T12:00:05","guid":{"rendered":"https:\/\/edublog.educastur.es\/ixuxu\/?p=49466"},"modified":"2025-05-25T14:00:47","modified_gmt":"2025-05-25T12:00:47","slug":"actividaes-del-programa-xixon-branu25","status":"publish","type":"post","link":"https:\/\/edublog.educastur.es\/ixuxu\/2025\/05\/actividaes-del-programa-xixon-branu25\/","title":{"rendered":"Actividaes del programa Xix\u00f3n Branu&#8217;25"},"content":{"rendered":"<p style=\"text-align: center\"><span class=\"html-span xexx8yu x4uap5 x18d9i69 xkhd6sd x1hl2dhg x16tdsg8 x1vvkbs x3nfvp2 x1j61x8r x1fcty0u xdj266r xat24cr xgzva0m xhhsvwb xxymvpz xlup9mm x1kky2od\">\n<!-- iframe plugin v.6.0 wordpress.org\/plugins\/iframe\/ -->\n<iframe loading=\"lazy\" src=\"https:\/\/www.instagram.com\/reel\/DJ_SurpoSs7\/embed\" width=\"460\" height=\"620\" 0=\"\/iframe\" scrolling=\"yes\" class=\"iframe-class\" frameborder=\"0\"><\/iframe>\n<\/span><\/p>\n<div class=\"x78zum5\">\n<div class=\"_aaqt\">\n<div class=\"x9f619 xjbqb8w x78zum5 x168nmei x13lgxp2 x5pf9jr xo71vjh x1n2onr6 x1plvlek xryxfnj x1c4vz4f x2lah0s x1q0g3np xqjyukv x6s0dn4 x1oa3qoh x1nhvcw1\"><\/div>\n<\/div>\n<\/div>\n<div class=\"_aar2\">\n<div class=\"_aar3\"><span class=\"html-span xdj266r xat24cr xexx8yu x4uap5 x18d9i69 xkhd6sd x1hl2dhg x16tdsg8 x1vvkbs x1rg5ohu xsgj6o6 xw3qccf\"><span class=\"x1lliihq x1plvlek xryxfnj x1n2onr6 x1ji0vk5 x18bv5gf x193iq5w xeuugli x1fj9vlw x13faqbe x1vvkbs x1s928wv xhkezso x1gmr53x x1cpjm7i x1fgarty x1943h6x x1i0vuye xvs91rp xo1l8bm x5n08af x10wh9bi x1wdrske x8viiok x18hxmgj\" dir=\"auto\">\u2022<\/span><\/span>\u2600\ufe0fPresent\u00e1mosvos les actividaes qu&#8217;entamamos dende&#8217;l <strong>Serviciu de Normalizaci\u00f3n Lling\u00fc\u00edstica de Xix\u00f3n<\/strong> del programa Xix\u00f3n Branu&#8217;25. Les inscripciones abren el martes 3 de xunu a les 8:30h. Ten\u00e9is tola informaci\u00f3n deslizando na publicaci\u00f3n!<\/div>\n<div><\/div>\n<div style=\"text-align: center\"><a href=\"https:\/\/www.instagram.com\/llinguaxixon\/\">https:\/\/www.instagram.com\/llinguaxixon\/<\/a><\/div>\n<\/div>\n","protected":false},"excerpt":{"rendered":"<p>\u2022\u2600\ufe0fPresent\u00e1mosvos les actividaes qu&#8217;entamamos dende&#8217;l Serviciu de Normalizaci\u00f3n Lling\u00fc\u00edstica de Xix\u00f3n del programa Xix\u00f3n Branu&#8217;25. Les inscripciones abren el martes 3 de xunu a les 8:30h. Ten\u00e9is tola informaci\u00f3n deslizando na publicaci\u00f3n! https:\/\/www.instagram.com\/llinguaxixon\/<\/p>\n","protected":false},"author":117,"featured_media":0,"comment_status":"open","ping_status":"open","sticky":false,"template":"","format":"standard","meta":{"footnotes":""},"categories":[72],"tags":[],"class_list":["post-49466","post","type-post","status-publish","format-standard","hentry","category-s-normalizacion"],"_links":{"self":[{"href":"https:\/\/edublog.educastur.es\/ixuxu\/wp-json\/wp\/v2\/posts\/49466","targetHints":{"allow":["GET"]}}],"collection":[{"href":"https:\/\/edublog.educastur.es\/ixuxu\/wp-json\/wp\/v2\/posts"}],"about":[{"href":"https:\/\/edublog.educastur.es\/ixuxu\/wp-json\/wp\/v2\/types\/post"}],"author":[{"embeddable":true,"href":"https:\/\/edublog.educastur.es\/ixuxu\/wp-json\/wp\/v2\/users\/117"}],"replies":[{"embeddable":true,"href":"https:\/\/edublog.educastur.es\/ixuxu\/wp-json\/wp\/v2\/comments?post=49466"}],"version-history":[{"count":2,"href":"https:\/\/edublog.educastur.es\/ixuxu\/wp-json\/wp\/v2\/posts\/49466\/revisions"}],"predecessor-version":[{"id":49468,"href":"https:\/\/edublog.educastur.es\/ixuxu\/wp-json\/wp\/v2\/posts\/49466\/revisions\/49468"}],"wp:attachment":[{"href":"https:\/\/edublog.educastur.es\/ixuxu\/wp-json\/wp\/v2\/media?parent=49466"}],"wp:term":[{"taxonomy":"category","embeddable":true,"href":"https:\/\/edublog.educastur.es\/ixuxu\/wp-json\/wp\/v2\/categories?post=49466"},{"taxonomy":"post_tag","embeddable":true,"href":"https:\/\/edublog.educastur.es\/ixuxu\/wp-json\/wp\/v2\/tags?post=49466"}],"curies":[{"name":"wp","href":"https:\/\/api.w.org\/{rel}","templated":true}]}}