{"id":49479,"date":"2025-05-25T10:00:05","date_gmt":"2025-05-25T08:00:05","guid":{"rendered":"https:\/\/edublog.educastur.es\/ixuxu\/?p=49479"},"modified":"2025-05-25T14:58:05","modified_gmt":"2025-05-25T12:58:05","slug":"dia-dafrica-2","status":"publish","type":"post","link":"https:\/\/edublog.educastur.es\/ixuxu\/2025\/05\/dia-dafrica-2\/","title":{"rendered":"D\u00eda d&#8217;\u00c1frica"},"content":{"rendered":"<p style=\"text-align: center\"><span style=\"color: #008080\"><strong><span style=\"font-size: 24px\"><em>\u00abCuando un vieyu muerre,<br \/>\nuna biblioteca ambura\u00bb.<\/em><\/span><\/strong><br \/>\n<\/span>Proverbiu africanu.<\/p>\n<p style=\"text-align: center\"><a href=\"https:\/\/www.manosunidas.org\/sites\/default\/files\/styles\/full-news-hightlighted\/public\/africa1-otis-mmuu.jpg?itok=RV-NsHqz&amp;timestamp=1400852416\"><img loading=\"lazy\" decoding=\"async\" class=\"aligncenter size-large\" src=\"https:\/\/www.manosunidas.org\/sites\/default\/files\/styles\/full-news-hightlighted\/public\/africa1-otis-mmuu.jpg?itok=RV-NsHqz&amp;timestamp=1400852416\" width=\"820\" height=\"607\" \/><\/a><\/p>\n<p>Cada 25 de mayu celebra&#8217;l <strong>D\u00eda d&#8217;\u00c1frica<\/strong> para destacar la diversid\u00e1 cultural d&#8217;esti continente y conmemorar la fundaci\u00f3n de la , una organizaci\u00f3n rexonal qu&#8217;arrexuntaba a los pa\u00edses del continente africanu, fundada&#8217;l 25 de mayu de 1963.\u00a0 \u00c1frica, el continente de les enormes riqueces naturales y humanes; de la moced\u00e1 y el futuru. El continente de la dignid\u00e1.<a href=\"https:\/\/au.int\/\"><strong>WEB<\/strong> <\/a>\/<\/p>\n<p><!--more--><\/p>\n<p style=\"text-align: center\"><a href=\"https:\/\/upload.wikimedia.org\/wikipedia\/commons\/thumb\/8\/8e\/Flag_of_the_Organization_of_African_Unity_%281970%E2%80%932002%29%3B_Flag_of_the_African_Union_%282004%E2%80%932010%29.svg\/1280px-Flag_of_the_Organization_of_African_Unity_%281970%E2%80%932002%29%3B_Flag_of_the_African_Union_%282004%E2%80%932010%29.svg.png\"><img loading=\"lazy\" decoding=\"async\" class=\"aligncenter \" src=\"https:\/\/upload.wikimedia.org\/wikipedia\/commons\/thumb\/8\/8e\/Flag_of_the_Organization_of_African_Unity_%281970%E2%80%932002%29%3B_Flag_of_the_African_Union_%282004%E2%80%932010%29.svg\/1280px-Flag_of_the_Organization_of_African_Unity_%281970%E2%80%932002%29%3B_Flag_of_the_African_Union_%282004%E2%80%932010%29.svg.png\" width=\"477\" height=\"318\" \/><\/a><\/p>\n<p>&nbsp;<\/p>\n<p>La <strong>Organizaci\u00f3n para la Unid\u00e1 Africana (OUA)<\/strong> foi una organizaci\u00f3n rexonal qu&#8217;arrexuntaba a los pa\u00edses del continente africanu. Foi fundada&#8217;l 25 de mayu de 1963,\u200b un a\u00f1u dempu\u00e9s de la disoluci\u00f3n de la Uni\u00f3n d&#8217;Estaos Africanos (1958-1962), y reemplazada el 9 de xunetu de 2002 pola Uni\u00f3n Africana. <a href=\"https:\/\/es.wikipedia.org\/wiki\/Organizaci%C3%B3n_para_la_Unidad_Africana\"><strong>Wiki<\/strong> <\/a>\/<\/p>\n<p style=\"text-align: center\"><a href=\"https:\/\/upload.wikimedia.org\/wikipedia\/commons\/thumb\/f\/f5\/Organisation_of_African_unity.svg\/1024px-Organisation_of_African_unity.svg.png\"><img loading=\"lazy\" decoding=\"async\" class=\"aligncenter size-large\" src=\"https:\/\/upload.wikimedia.org\/wikipedia\/commons\/thumb\/f\/f5\/Organisation_of_African_unity.svg\/1024px-Organisation_of_African_unity.svg.png\" width=\"1024\" height=\"1024\" \/><\/a><\/p>\n<p style=\"text-align: center\">\n<!-- iframe plugin v.6.0 wordpress.org\/plugins\/iframe\/ -->\n<iframe loading=\"lazy\" width=\"665\" height=\"374\" src=\"https:\/\/www.youtube.com\/embed\/twmJGiDc7Wo\" title=\"Dia de \u00c1frica | Ayuda en Acci\u00f3n\" frameborder=\"0\" allow=\"accelerometer; autoplay; clipboard-write; encrypted-media; gyroscope; picture-in-picture; web-share\" referrerpolicy=\"strict-origin-when-cross-origin\" 0=\"allowfullscreen\" 1=\"\/iframe\" scrolling=\"yes\" class=\"iframe-class\"><\/iframe>\n<\/p>\n<p style=\"text-align: center\"><a href=\"https:\/\/www.prensa-latina.cu\/wp-content\/uploads\/2025\/05\/dia-de-africa-2025-1.jpg\"><img loading=\"lazy\" decoding=\"async\" class=\"aligncenter size-large\" src=\"https:\/\/www.prensa-latina.cu\/wp-content\/uploads\/2025\/05\/dia-de-africa-2025-1.jpg\" width=\"1024\" height=\"635\" \/><\/a><\/p>\n","protected":false},"excerpt":{"rendered":"<p>\u00abCuando un vieyu muerre, una biblioteca ambura\u00bb. Proverbiu africanu. Cada 25 de mayu celebra&#8217;l D\u00eda d&#8217;\u00c1frica para destacar la diversid\u00e1 cultural d&#8217;esti continente y conmemorar la fundaci\u00f3n de la , una organizaci\u00f3n rexonal qu&#8217;arrexuntaba a los pa\u00edses del continente africanu, fundada&#8217;l 25 de mayu de 1963.\u00a0 \u00c1frica, el continente de les enormes riqueces naturales y [&hellip;]<\/p>\n","protected":false},"author":117,"featured_media":0,"comment_status":"open","ping_status":"open","sticky":false,"template":"","format":"standard","meta":{"footnotes":""},"categories":[6],"tags":[],"class_list":["post-49479","post","type-post","status-publish","format-standard","hentry","category-dia-de"],"_links":{"self":[{"href":"https:\/\/edublog.educastur.es\/ixuxu\/wp-json\/wp\/v2\/posts\/49479","targetHints":{"allow":["GET"]}}],"collection":[{"href":"https:\/\/edublog.educastur.es\/ixuxu\/wp-json\/wp\/v2\/posts"}],"about":[{"href":"https:\/\/edublog.educastur.es\/ixuxu\/wp-json\/wp\/v2\/types\/post"}],"author":[{"embeddable":true,"href":"https:\/\/edublog.educastur.es\/ixuxu\/wp-json\/wp\/v2\/users\/117"}],"replies":[{"embeddable":true,"href":"https:\/\/edublog.educastur.es\/ixuxu\/wp-json\/wp\/v2\/comments?post=49479"}],"version-history":[{"count":6,"href":"https:\/\/edublog.educastur.es\/ixuxu\/wp-json\/wp\/v2\/posts\/49479\/revisions"}],"predecessor-version":[{"id":49502,"href":"https:\/\/edublog.educastur.es\/ixuxu\/wp-json\/wp\/v2\/posts\/49479\/revisions\/49502"}],"wp:attachment":[{"href":"https:\/\/edublog.educastur.es\/ixuxu\/wp-json\/wp\/v2\/media?parent=49479"}],"wp:term":[{"taxonomy":"category","embeddable":true,"href":"https:\/\/edublog.educastur.es\/ixuxu\/wp-json\/wp\/v2\/categories?post=49479"},{"taxonomy":"post_tag","embeddable":true,"href":"https:\/\/edublog.educastur.es\/ixuxu\/wp-json\/wp\/v2\/tags?post=49479"}],"curies":[{"name":"wp","href":"https:\/\/api.w.org\/{rel}","templated":true}]}}