{"id":49490,"date":"2025-05-25T10:05:54","date_gmt":"2025-05-25T08:05:54","guid":{"rendered":"https:\/\/edublog.educastur.es\/ixuxu\/?p=49490"},"modified":"2025-05-25T22:05:11","modified_gmt":"2025-05-25T20:05:11","slug":"dia-del-argullu-friki","status":"publish","type":"post","link":"https:\/\/edublog.educastur.es\/ixuxu\/2025\/05\/dia-del-argullu-friki\/","title":{"rendered":"D\u00eda del Arguyu Friki"},"content":{"rendered":"<p style=\"text-align: center\"><a href=\"https:\/\/erikstore.com\/blog\/wp-content\/uploads\/2023\/05\/Dia-Orgullo-Friki-980x592.jpg\"><img loading=\"lazy\" decoding=\"async\" class=\"aligncenter size-large\" src=\"https:\/\/erikstore.com\/blog\/wp-content\/uploads\/2023\/05\/Dia-Orgullo-Friki-980x592.jpg\" width=\"980\" height=\"592\" \/><\/a><\/p>\n<p>El 25 de mayu ye unu de los d\u00edes m\u00e1s importantes para n\u00f3s los frikis, y ye que se celebra&#8217;l <strong>D\u00eda del Arguyu Friki<\/strong>.\u00a0 \u00bfSab\u00edes que&#8217;l d\u00eda 25 de mayu de 1977 estrenose en cines una pel\u00edcula que revolucion\u00f3&#8217;l mundu de la ciencia ficci\u00f3n para tolos frikis? <span style=\"color: #008080\"><strong>Star Wars: Episodiu IV<\/strong><\/span><\/p>\n<p><!--more--><\/p>\n<p><strong><span style=\"color: #008080\">Una nueva esperanza<\/span><\/strong>, la primer pel\u00edcula que s&#8217;estren\u00f3 d&#8217;esta saga, anque toos sabemos que cronol\u00f3xicamente nun ye la primera, pero s\u00ed foi la primera que pudimos ver de la hestoria creada por George Lucas, por esto cu\u00e9yese de referencia esi d\u00eda. Y <strong>como Star Wars tien otru d\u00eda para s\u00ed, el 4 de mayu<\/strong> (por eso de May the 4th be with you), el 25 quedaba llibre y merecedor d&#8217;una celebraci\u00f3n asemeyada.<\/p>\n<p style=\"text-align: center\"><a href=\"https:\/\/img.asmedia.epimg.net\/resizer\/v2\/SRKWMIUDK5I65HZU2WM4CD5L4E.jpg?auth=f03b0feb9e2fc7f52c031ec7e344dba7a6169cb4abd83b1c2f11e59b2358d19d&amp;width=1472\"><img loading=\"lazy\" decoding=\"async\" class=\"aligncenter size-large\" src=\"https:\/\/img.asmedia.epimg.net\/resizer\/v2\/SRKWMIUDK5I65HZU2WM4CD5L4E.jpg?auth=f03b0feb9e2fc7f52c031ec7e344dba7a6169cb4abd83b1c2f11e59b2358d19d&amp;width=1472\" width=\"1472\" height=\"695\" \/><\/a><\/p>\n<p style=\"text-align: center\">\n<!-- iframe plugin v.6.0 wordpress.org\/plugins\/iframe\/ -->\n<iframe loading=\"lazy\" width=\"665\" height=\"374\" src=\"https:\/\/www.youtube.com\/embed\/vceWL6rz0Ig\" title=\"Himno Orgullo Friki - COVER\/PARODIA de &#039;Lips are movin&#039; de Meghan Trainor\" frameborder=\"0\" allow=\"accelerometer; autoplay; clipboard-write; encrypted-media; gyroscope; picture-in-picture; web-share\" referrerpolicy=\"strict-origin-when-cross-origin\" 0=\"allowfullscreen\" 1=\"\/iframe\" scrolling=\"yes\" class=\"iframe-class\"><\/iframe>\n<\/p>\n<p>Nel a\u00f1u 2006 el bloguero espa\u00f1ol Germ\u00e1n Mart\u00ednez, alies Se\u00f1or Buebo, autor de los llibros Arguyosos de ser friki y <strong>Que la fuerza te acompa\u00f1<\/strong>e, consigui\u00f3 axuntar a m\u00e1s de 300 persones en Madrid na primer convocatoria d&#8217;esta celebraci\u00f3n. M\u00e1s tarde, esi d\u00eda celebrase de manera a\u00f1al y am\u00e1s dio&#8217;l saltu a EE.XX. en 2008. De magar, y hasta l&#8217;actualid\u00e1, real\u00edcense programaciones, festivales y desfiles para festexar esti d\u00eda.<\/p>\n<p style=\"text-align: center\"><a href=\"https:\/\/lafrikileria.com\/blog\/wp-content\/uploads\/2021\/05\/senor-buebo.orgullo-friki.jpg\"><img loading=\"lazy\" decoding=\"async\" class=\"aligncenter size-large\" src=\"https:\/\/lafrikileria.com\/blog\/wp-content\/uploads\/2021\/05\/senor-buebo.orgullo-friki.jpg\" width=\"690\" height=\"499\" \/><\/a><\/p>\n<ul>\n<li><span style=\"color: #008080\"><em><strong>Friki<\/strong>: Def\u00ednese como persona que practica escomanada y obsesivamente una afici\u00f3n. <\/em><\/span><\/li>\n<li><span style=\"color: #008080\"><em>Nos \u00faltimos a\u00f1os, la palabra friki tom\u00f3 una connotaci\u00f3n m\u00e1s positiva, y ye que gracies a Internet y a les RRSS.<\/em><\/span><\/li>\n<li><span style=\"color: #008080\"><em>El signific\u00e1u de la palabra friki foi utiliz\u00e1u para describir a les persones que tienen un comportamientu un tanto esc\u00e9ntrico y que por esta raz\u00f3n son llomaos de raros y estravagantes.\u00a0<\/em><\/span><\/li>\n<\/ul>\n<ul>\n<li><span style=\"color: #008080\"><em>Nel pas\u00e1u, esti t\u00e9rminu utiliz\u00e1base para nomar a persones que presentaben dalg\u00fan defectu f\u00edsicu, sicas\u00ed, n&#8217;a\u00f1os reci\u00e9n ye m\u00e1s com\u00fan emplegalo para calificar a los individuos con comportamientos daqu\u00e9 inusuales, con gustos bien particulares y con delles aficiones fora de lo com\u00fan.<\/em><\/span><\/li>\n<\/ul>\n<p style=\"text-align: center\">\n<!-- iframe plugin v.6.0 wordpress.org\/plugins\/iframe\/ -->\n<iframe loading=\"lazy\" src=\"https:\/\/www.facebook.com\/plugins\/post.php?href=https%3A%2F%2Fwww.facebook.com%2FRoyGallardoMonos%2Fposts%2Fpfbid0nrwiMzFWD9ZLkd1UC8rALYKseDAuyEgZiFcsGtoig4NkkVNiYE93egdJFrcAZWYHl&#038;show_text=false&#038;width=500\" width=\"500\" height=\"498\" style=\"border:none;overflow:hidden\" scrolling=\"no\" frameborder=\"0\" allowfullscreen=\"true\" allow=\"autoplay; clipboard-write; encrypted-media; picture-in-picture; web-share\" 0=\"\/iframe\" class=\"iframe-class\"><\/iframe>\n<\/p>\n","protected":false},"excerpt":{"rendered":"<p>El 25 de mayu ye unu de los d\u00edes m\u00e1s importantes para n\u00f3s los frikis, y ye que se celebra&#8217;l D\u00eda del Arguyu Friki.\u00a0 \u00bfSab\u00edes que&#8217;l d\u00eda 25 de mayu de 1977 estrenose en cines una pel\u00edcula que revolucion\u00f3&#8217;l mundu de la ciencia ficci\u00f3n para tolos frikis? Star Wars: Episodiu IV<\/p>\n","protected":false},"author":117,"featured_media":0,"comment_status":"open","ping_status":"open","sticky":false,"template":"","format":"standard","meta":{"footnotes":""},"categories":[6],"tags":[],"class_list":["post-49490","post","type-post","status-publish","format-standard","hentry","category-dia-de"],"_links":{"self":[{"href":"https:\/\/edublog.educastur.es\/ixuxu\/wp-json\/wp\/v2\/posts\/49490","targetHints":{"allow":["GET"]}}],"collection":[{"href":"https:\/\/edublog.educastur.es\/ixuxu\/wp-json\/wp\/v2\/posts"}],"about":[{"href":"https:\/\/edublog.educastur.es\/ixuxu\/wp-json\/wp\/v2\/types\/post"}],"author":[{"embeddable":true,"href":"https:\/\/edublog.educastur.es\/ixuxu\/wp-json\/wp\/v2\/users\/117"}],"replies":[{"embeddable":true,"href":"https:\/\/edublog.educastur.es\/ixuxu\/wp-json\/wp\/v2\/comments?post=49490"}],"version-history":[{"count":12,"href":"https:\/\/edublog.educastur.es\/ixuxu\/wp-json\/wp\/v2\/posts\/49490\/revisions"}],"predecessor-version":[{"id":49573,"href":"https:\/\/edublog.educastur.es\/ixuxu\/wp-json\/wp\/v2\/posts\/49490\/revisions\/49573"}],"wp:attachment":[{"href":"https:\/\/edublog.educastur.es\/ixuxu\/wp-json\/wp\/v2\/media?parent=49490"}],"wp:term":[{"taxonomy":"category","embeddable":true,"href":"https:\/\/edublog.educastur.es\/ixuxu\/wp-json\/wp\/v2\/categories?post=49490"},{"taxonomy":"post_tag","embeddable":true,"href":"https:\/\/edublog.educastur.es\/ixuxu\/wp-json\/wp\/v2\/tags?post=49490"}],"curies":[{"name":"wp","href":"https:\/\/api.w.org\/{rel}","templated":true}]}}