{"id":495,"date":"2020-06-28T08:18:38","date_gmt":"2020-06-28T08:18:38","guid":{"rendered":"https:\/\/edublog.educastur.es\/ixuxu\/?p=495"},"modified":"2020-08-24T19:19:05","modified_gmt":"2020-08-24T19:19:05","slug":"dia-mundial-del-arbol","status":"publish","type":"post","link":"https:\/\/edublog.educastur.es\/ixuxu\/2020\/06\/dia-mundial-del-arbol\/","title":{"rendered":"D\u00eda Mundial del \u00c1rbol"},"content":{"rendered":"<p>Un d\u00eda ye pocu para tolo que nos apurren los \u00e1rboles:<br \/>\n?\ufe0f Apurren os\u00edxenu.<br \/>\n? Absuerben CO2.<br \/>\n?\ufe0f Regu\u00f1en el clima.<br \/>\n? Xeneren biodiversid\u00e1.<br \/>\n?\ufe0f Dan solombra.<br \/>\n? Ameyoren la calid\u00e1 de vida.<\/p>\n<p>Fonte: <a href=\"https:\/\/www.facebook.com\/fundacionbiodiversidad\/photos\/a.397691103704\/10157837758148705\/\" target=\"_blank\" rel=\"noopener noreferrer\"><em><u>Fundaci\u00f3n Diversidad<\/u><\/em><\/a><br \/>\nFonte: <em><a href=\"https:\/\/ecoosfera.com\/herman-hesse-arboles-ensayo-naturaleza?fbclid=IwAR28Y2p50MtuIay0hICeLphQUs4L4AyRh5k-EMU07_id00Ur3mAG0FisYZI\" target=\"_blank\" rel=\"noopener noreferrer\">Ecoosfera <\/a><\/em><\/p>\n<blockquote><p><strong><em>\u201cQuien aprendi\u00f3 a escuchar a los \u00e1rboles, y\u00e1 nun deseya ser un \u00e1rbol. Nun deseya ser m\u00e1s que lo que ye\u201d.<\/em><\/strong><\/p>\n<p>Hermann Hesse<\/p><\/blockquote>\n<p>Hermann Hesse foi realmente un xeniu transhist\u00f3rico: la so obra prescinde de too espaciu y tiempu concretu; la sensibilid\u00e1 que caracteriza a la so prosa ye vixente en tou momentu y llugar. Asina tami\u00e9n lo ye\u2019l so tributu lliterariu a la naturaleza, espec\u00edficamente a los \u00e1rboles: esos milenarios habitantes del planeta.<\/p>\n<p><a href=\"https:\/\/ecoosfera.com\/wp-content\/imagenes\/2018\/05\/11218487_1018166981544327_5209450391515220174_n.jpg\" target=\"_blank\" rel=\"noopener noreferrer\"><img loading=\"lazy\" decoding=\"async\" src=\"https:\/\/ecoosfera.com\/wp-content\/imagenes\/2018\/05\/11218487_1018166981544327_5209450391515220174_n.jpg\" width=\"480\" height=\"300\" border=\"1\" \/><\/a><\/p>\n<p><!--more--><\/p>\n<p>La prosa arb\u00f3rea d\u2019esti l\u00facido escritor alem\u00e1n ye esencialmente revitalizadora. Recu\u00e9rdanos la importancia d\u2019activar los nuesos sent\u00edos para volver sentir a la naturaleza. Porque para Hesse la naturaleza ten\u00eda que ser dafechu captada polos nuesos sent\u00edos. Almirala puede faenos recuperar esos pequenos placeres que la vida moderna f\u00edxonos dexar de llau. Pero m\u00e1s all\u00e1 de prestar, la naturaleza ye tami\u00e9n una fonte perenal de sabidur\u00eda. Y para Hesse, los \u00e1rboles constit\u00fain los grandes santuarios de los ecosistemes:<\/p>\n<p>Nes sos copes \u2013escribe Hesse nel so ensayu <em>El caminante<\/em>\u2013 bisbisen el mundu, los sos raiga\u00f1os fuelguen no infinito, pero nun se pierden n\u00e9l, sin\u00f3n qu\u2019escuerren con tola fuerza de la so esistencia una sola cosa: cumplir la so propia llei, que mora nellos, desenvolver la so propia forma, representase a s\u00ed mesmos.<\/p>\n<p>Los raiga\u00f1os, les marques singulares, el tactu de la madera, son toos una cartograf\u00eda impl\u00edcita nos \u00e1rboles, que n\u00e1rranos la hestoria del mundu:<\/p>\n<p><em>\u00a0Nos cercos y deformaciones t\u00e1n descritos con facilidad todo el so sufrimientu, tola llucha, toles enfermedaes, tola felicid\u00e1 y prosperid\u00e1, los a\u00f1os frondosos, los ataques superaos y les nubes sobreviv\u00edes.<\/em><\/p>\n<p>Para Hermann Hesse hab\u00eda, por ello, qu\u2019escuchar a los \u00e1rboles. Entablar un di\u00e1logu de serenid\u00e1 con estos sabios guardianes del equilibriu terrestre:<\/p>\n<p><em>Quien sabe falar con ellos, quien sabe escucha-yos, apriende la verd\u00e1. Nun pedriquen doctrines y recetes; pedriquen indiferentes al detalle, la llei primitiva de la vida.<\/em><\/p>\n<p><a href=\"https:\/\/ecoosfera.com\/wp-content\/imagenes\/2018\/05\/herman-hesse-arboles-ensayo-naturaleza-0.jpg\" target=\"_blank\" rel=\"noopener noreferrer\"><img loading=\"lazy\" decoding=\"async\" src=\"https:\/\/ecoosfera.com\/wp-content\/imagenes\/2018\/05\/herman-hesse-arboles-ensayo-naturaleza-0.jpg\" width=\"403\" height=\"227\" border=\"1\" \/><\/a><br \/>\nFinalmente, seg\u00fan Hesse, quien apriende de los \u00e1rboles y\u00e1 nun deseya ser un \u00e1rbol. Entiende qu\u2019a cencielles se ye lo que se ye. Qu\u2019el nuesu cuerpu \u2013o tueru\u2013 ye una morada sagrada:<\/p>\n<p><em>Cuando aprendemos a escuchar a los \u00e1rboles, la breved\u00e1, rapidez y apuramientu infantil de los nuesos pensamientos adquieren una allegr\u00eda ensin precedentes. [\u2026] Ese ye\u2019l llar. Eso ye la felicid\u00e1.<\/em><\/p>\n<p>Esti tributu a los \u00e1rboles que Hesse ellabora con plena cencellez y entrega engarza fondamente coles creencies de milenaries tradiciones, ente les cualos at\u00f3pase\u2019l tao\u00edsmu.<\/p>\n<p>Na tradici\u00f3n tao\u00edsta los \u00e1rboles son vistos como fonte de vibraciones enerx\u00e9tiques ben\u00e9fiques, que nos son tresmit\u00edes al travi\u00e9s de los sent\u00edos. Tocar o abrazar a los \u00e1rboles ye por eso vital na pr\u00e1ctica tau: un leve contactu con ellos tresm\u00edtenos los atributos de la enerx\u00eda solar, de la tierra y l\u2019aire. Por eso\u2019l tao\u00edsmu catalogaba inclusive\u2019l tipu de chi que cada \u00e1rbol puede prodiganos.<\/p>\n<p>Lo que n\u00f3s te podemos encamentar dafechu ye que sigas el conseyu de Hesse y escuches a los \u00e1rboles. Ellos van dicite que aquietes el pensamientu, van aprovite de serenid\u00e1 y van recordate que m\u00e1s all\u00e1 de los murios de concretu o de les pantalles dixitales esiste un mundu natural que puedes esperimentar con tolos sent\u00edos.<\/p>\n<p>Los \u00e1rboles van ayudate, asina, a echar raiga\u00f1os no que de verd\u00e1 importa.<\/p>\n","protected":false},"excerpt":{"rendered":"<p>Un d\u00eda ye pocu para tolo que nos apurren los \u00e1rboles: ?\ufe0f Apurren os\u00edxenu. ? Absuerben CO2. ?\ufe0f Regu\u00f1en el clima. ? Xeneren biodiversid\u00e1. ?\ufe0f Dan solombra. ? Ameyoren la calid\u00e1 de vida. Fonte: Fundaci\u00f3n Diversidad Fonte: Ecoosfera \u201cQuien aprendi\u00f3 a escuchar a los \u00e1rboles, y\u00e1 nun deseya ser un \u00e1rbol. Nun deseya ser m\u00e1s [&hellip;]<\/p>\n","protected":false},"author":117,"featured_media":0,"comment_status":"closed","ping_status":"open","sticky":false,"template":"","format":"standard","meta":{"footnotes":""},"categories":[6],"tags":[],"class_list":["post-495","post","type-post","status-publish","format-standard","hentry","category-dia-de"],"_links":{"self":[{"href":"https:\/\/edublog.educastur.es\/ixuxu\/wp-json\/wp\/v2\/posts\/495","targetHints":{"allow":["GET"]}}],"collection":[{"href":"https:\/\/edublog.educastur.es\/ixuxu\/wp-json\/wp\/v2\/posts"}],"about":[{"href":"https:\/\/edublog.educastur.es\/ixuxu\/wp-json\/wp\/v2\/types\/post"}],"author":[{"embeddable":true,"href":"https:\/\/edublog.educastur.es\/ixuxu\/wp-json\/wp\/v2\/users\/117"}],"replies":[{"embeddable":true,"href":"https:\/\/edublog.educastur.es\/ixuxu\/wp-json\/wp\/v2\/comments?post=495"}],"version-history":[{"count":1,"href":"https:\/\/edublog.educastur.es\/ixuxu\/wp-json\/wp\/v2\/posts\/495\/revisions"}],"predecessor-version":[{"id":496,"href":"https:\/\/edublog.educastur.es\/ixuxu\/wp-json\/wp\/v2\/posts\/495\/revisions\/496"}],"wp:attachment":[{"href":"https:\/\/edublog.educastur.es\/ixuxu\/wp-json\/wp\/v2\/media?parent=495"}],"wp:term":[{"taxonomy":"category","embeddable":true,"href":"https:\/\/edublog.educastur.es\/ixuxu\/wp-json\/wp\/v2\/categories?post=495"},{"taxonomy":"post_tag","embeddable":true,"href":"https:\/\/edublog.educastur.es\/ixuxu\/wp-json\/wp\/v2\/tags?post=495"}],"curies":[{"name":"wp","href":"https:\/\/api.w.org\/{rel}","templated":true}]}}