{"id":49516,"date":"2025-05-25T09:45:36","date_gmt":"2025-05-25T07:45:36","guid":{"rendered":"https:\/\/edublog.educastur.es\/ixuxu\/?p=49516"},"modified":"2025-05-25T19:32:16","modified_gmt":"2025-05-25T17:32:16","slug":"barbon-propon-regular-por-lleil-dia-de-la-bandera-dasturies","status":"publish","type":"post","link":"https:\/\/edublog.educastur.es\/ixuxu\/2025\/05\/barbon-propon-regular-por-lleil-dia-de-la-bandera-dasturies\/","title":{"rendered":"Barb\u00f3n prop\u00f3n regular por llei&#8217;l D\u00eda de la Bandera d&#8217;Asturies"},"content":{"rendered":"<p style=\"text-align: center\"><a href=\"https:\/\/actualidad.asturias.es\/documents\/537115\/2589297\/2025_05_25+presidente+dia+bandera+1.jpg\/84f72495-97fd-8b94-1bdb-05cc857db20b?t=1748174281059\"><img loading=\"lazy\" decoding=\"async\" class=\"aligncenter size-large\" src=\"https:\/\/actualidad.asturias.es\/documents\/537115\/2589297\/2025_05_25+presidente+dia+bandera+1.jpg\/84f72495-97fd-8b94-1bdb-05cc857db20b?t=1748174281059\" width=\"1920\" height=\"1280\" \/><\/a><\/p>\n<p>Barb\u00f3n prop\u00f3n regular por llei&#8217;l <strong>D\u00eda de la Bandera d&#8217;Asturies<\/strong>, mientres PP y Foru nun quieren camudar el 8 de setiembre. Queipo y Pumares <strong>sofiten la iniciativa del presidente rexonal<\/strong>, pero n\u00edeguense a desvenceyar el D\u00eda d&#8217;Asturies de la festivid\u00e1 de Cuadonga. Fonte:<a href=\"https:\/\/actualidad.asturias.es\/noticia\/-\/asset_publisher\/DSnKSBdGDt7q\/content\/dia-de-bandera-discurso-presidente?_com_liferay_asset_publisher_web_portlet_AssetPublisherPortlet_INSTANCE_DSnKSBdGDt7q_languageId=es_ES\"> Actualid\u00e1 Asturies<\/a><\/p>\n<p><!--more--><\/p>\n<p style=\"text-align: center\"><a href=\"https:\/\/actualidad.asturias.es\/documents\/537115\/2589457\/2025_05_25+Presidente+Dia+de+la+Bandera+3.jpg\/c1686d57-4ceb-85d8-16c1-7b627439504e?t=1748175315411\"><img loading=\"lazy\" decoding=\"async\" class=\"aligncenter size-large\" src=\"https:\/\/actualidad.asturias.es\/documents\/537115\/2589457\/2025_05_25+Presidente+Dia+de+la+Bandera+3.jpg\/c1686d57-4ceb-85d8-16c1-7b627439504e?t=1748175315411\" width=\"1920\" height=\"1280\" \/><\/a><\/p>\n<div class=\"x78zum5 xdt5ytf xz62fqu x16ldp7u\">\n<div class=\"xu06os2 x1ok221b\">\n<div class=\"html-div xdj266r x11i5rnm xat24cr x1mh8g0r xexx8yu x4uap5 x18d9i69 xkhd6sd\" data-ad-rendering-role=\"profile_name\">\n<ul>\n<li class=\"html-h3 x11i5rnm xat24cr x1mh8g0r xexx8yu x4uap5 x18d9i69 xkhd6sd x1vvkbs x1heor9g x1qlqyl8 x1pd3egz x1a2a7pz x1gslohp x1yc453h\"><span class=\"x1lliihq x6ikm8r x10wlt62 x1n2onr6\"><span class=\"xt0psk2\"><span class=\"xjp7ctv\"><a class=\"x1i10hfl xjbqb8w x1ejq31n xd10rxx x1sy0etr x17r0tee x972fbf xcfux6l x1qhh985 xm0m39n x9f619 x1ypdohk xt0psk2 xe8uvvx xdj266r x11i5rnm xat24cr x1mh8g0r xexx8yu x4uap5 x18d9i69 xkhd6sd x16tdsg8 x1hl2dhg xggy1nq x1a2a7pz xkrqix3 x1sur9pj xzsf02u x1s688f\" role=\"link\" href=\"https:\/\/www.facebook.com\/inaciu?__cft__[0]=AZUHVNdjl6ZERje9RhHb-aQmdvkXEEYWoo4f0lnftae9hDMmV4tQUZK7mVR_8Br5pFUzdoZs0XO8ogyvy-v8RU9Z1xXeDeHljVLDEKqpyQJPN5o3IfNG7m4uvIKrMfhIg9H2OIZNZ7nbLoB0i6tFagmOgS2WIm-gTybWg2IGyxcu29zvJmUbB6VBi_ExfHyTCmR82ICfBRkBfbmN1d_QbCtE&amp;__tn__=-UC%2CP-y-R\"><strong class=\"html-strong xdj266r x11i5rnm xat24cr x1mh8g0r xexx8yu x4uap5 x18d9i69 xkhd6sd x1hl2dhg x16tdsg8 x1vvkbs x1s688f\"><span class=\"html-span xdj266r x11i5rnm xat24cr x1mh8g0r xexx8yu x4uap5 x18d9i69 xkhd6sd x1hl2dhg x16tdsg8 x1vvkbs\">Inaciu Gal\u00e1n<\/span><\/strong><\/a><\/span><\/span><\/span><\/li>\n<\/ul>\n<\/div>\n<\/div>\n<\/div>\n<div class=\"html-div xdj266r x11i5rnm xat24cr x1mh8g0r xexx8yu x4uap5 x18d9i69 xkhd6sd\" dir=\"auto\">\n<div class=\"html-div xdj266r x11i5rnm xat24cr x1mh8g0r xexx8yu x4uap5 x18d9i69 xkhd6sd\" dir=\"auto\">\n<div class=\"html-div xdj266r x11i5rnm xat24cr x1mh8g0r xexx8yu x4uap5 x18d9i69 xkhd6sd\" data-ad-rendering-role=\"story_message\">\n<div class=\"x1l90r2v x1iorvi4 x1ye3gou xn6708d\" data-ad-comet-preview=\"message\" data-ad-preview=\"message\">\n<div class=\"x78zum5 xdt5ytf xz62fqu x16ldp7u\">\n<div class=\"xu06os2 x1ok221b\">\n<div class=\"html-div xdj266r x11i5rnm xat24cr x1mh8g0r xexx8yu x4uap5 x18d9i69 xkhd6sd\">\n<div class=\"xdj266r x11i5rnm xat24cr x1mh8g0r x1vvkbs x126k92a\">\n<div dir=\"auto\">El presidente <span class=\"html-span xdj266r x11i5rnm xat24cr x1mh8g0r xexx8yu x4uap5 x18d9i69 xkhd6sd x1hl2dhg x16tdsg8 x1vvkbs\"><a class=\"x1i10hfl xjbqb8w x1ejq31n xd10rxx x1sy0etr x17r0tee x972fbf xcfux6l x1qhh985 xm0m39n x9f619 x1ypdohk xt0psk2 xe8uvvx xdj266r x11i5rnm xat24cr x1mh8g0r xexx8yu x4uap5 x18d9i69 xkhd6sd x16tdsg8 x1hl2dhg xggy1nq x1a2a7pz xkrqix3 x1sur9pj x1fey0fg x1s688f\" role=\"link\" href=\"https:\/\/www.facebook.com\/AdrianBarbonPSOE?__cft__[0]=AZUHVNdjl6ZERje9RhHb-aQmdvkXEEYWoo4f0lnftae9hDMmV4tQUZK7mVR_8Br5pFUzdoZs0XO8ogyvy-v8RU9Z1xXeDeHljVLDEKqpyQJPN5o3IfNG7m4uvIKrMfhIg9H2OIZNZ7nbLoB0i6tFagmOgS2WIm-gTybWg2IGyxcu29zvJmUbB6VBi_ExfHyTCmR82ICfBRkBfbmN1d_QbCtE&amp;__tn__=-]K-y-R\"><span class=\"xt0psk2\"><span class=\"xjp7ctv\">Adri\u00e1n Barb\u00f3n<\/span><\/span><\/a><\/span> ta acabante anunciar, na celebraci\u00f3n del <span class=\"html-span xdj266r x11i5rnm xat24cr x1mh8g0r xexx8yu x4uap5 x18d9i69 xkhd6sd x1hl2dhg x16tdsg8 x1vvkbs\"><a class=\"x1i10hfl xjbqb8w x1ejq31n xd10rxx x1sy0etr x17r0tee x972fbf xcfux6l x1qhh985 xm0m39n x9f619 x1ypdohk xt0psk2 xe8uvvx xdj266r x11i5rnm xat24cr x1mh8g0r xexx8yu x4uap5 x18d9i69 xkhd6sd x16tdsg8 x1hl2dhg xggy1nq x1a2a7pz xkrqix3 x1sur9pj x1fey0fg x1s688f\" role=\"link\" href=\"https:\/\/www.facebook.com\/hashtag\/25demayu?__eep__=6&amp;__cft__[0]=AZUHVNdjl6ZERje9RhHb-aQmdvkXEEYWoo4f0lnftae9hDMmV4tQUZK7mVR_8Br5pFUzdoZs0XO8ogyvy-v8RU9Z1xXeDeHljVLDEKqpyQJPN5o3IfNG7m4uvIKrMfhIg9H2OIZNZ7nbLoB0i6tFagmOgS2WIm-gTybWg2IGyxcu29zvJmUbB6VBi_ExfHyTCmR82ICfBRkBfbmN1d_QbCtE&amp;__tn__=*NK-y-R\">#25demayu<\/a><\/span>, D\u00eda de la Bandera Asturiana, qu\u2019<strong>esti d\u00eda va regulase pente medies d\u2019una llei qu\u2019afite\u2019l so calter oficial.<\/strong> Una celebraci\u00f3n que dende l\u2019asturianismu ven\u00eda celebr\u00e1ndose dende va 50 a\u00f1os y que fai agora un llustru de la so institucionalizaci\u00f3n.<\/div>\n<div dir=\"auto\"><\/div>\n<div dir=\"auto\" style=\"text-align: center\">\n<!-- iframe plugin v.6.0 wordpress.org\/plugins\/iframe\/ -->\n<iframe loading=\"lazy\" src=\"https:\/\/www.facebook.com\/plugins\/post.php?href=https%3A%2F%2Fwww.facebook.com%2Fphoto.php%3Ffbid%3D10237052298272359%26set%3Da.2111248906035%26type%3D3&#038;show_text=false&#038;width=500\" width=\"500\" height=\"722\" style=\"border:none;overflow:hidden\" scrolling=\"no\" frameborder=\"0\" allowfullscreen=\"true\" allow=\"autoplay; clipboard-write; encrypted-media; picture-in-picture; web-share\" 0=\"\/iframe\" class=\"iframe-class\"><\/iframe>\n<\/div>\n<div dir=\"auto\"><\/div>\n<\/div>\n<div dir=\"auto\" style=\"text-align: center\">\n<!-- iframe plugin v.6.0 wordpress.org\/plugins\/iframe\/ -->\n<iframe loading=\"lazy\" src=\"https:\/\/www.facebook.com\/plugins\/video.php?height=314&#038;href=https%3A%2F%2Fwww.facebook.com%2Fgobiernodeasturias%2Fvideos%2F1811688916059404%2F&#038;show_text=false&#038;width=560&#038;t=0\" width=\"560\" height=\"314\" style=\"border:none;overflow:hidden\" scrolling=\"no\" frameborder=\"0\" allowfullscreen=\"true\" allow=\"autoplay; clipboard-write; encrypted-media; picture-in-picture; web-share\" 0=\"\/iframe\" class=\"iframe-class\"><\/iframe>\n<\/div>\n<div dir=\"auto\" style=\"text-align: center\"><a href=\"https:\/\/actualidad.asturias.es\/documents\/537115\/2589457\/2025_05_25+Presidente+Dia+de+la+Bandera+11+%281%29.jpg\/f4305864-dd0e-774f-cdbc-68627014a372?t=1748185575496\"><img loading=\"lazy\" decoding=\"async\" class=\"aligncenter size-large\" src=\"https:\/\/actualidad.asturias.es\/documents\/537115\/2589457\/2025_05_25+Presidente+Dia+de+la+Bandera+11+%281%29.jpg\/f4305864-dd0e-774f-cdbc-68627014a372?t=1748185575496\" width=\"5472\" height=\"3648\" \/><\/a><\/div>\n<\/div>\n<\/div>\n<div dir=\"auto\">\n<h3><em><span style=\"color: #008080\">INTERVENCI\u00d3N DEL PRESIDENTE DEL PRINCIPADO DE ASTURIAS, ADRI\u00c1N BARB\u00d3N<\/span><\/em><\/h3>\n<h3><em><span style=\"color: #008080\">Conmemoraci\u00f3n del D\u00eda de la Bandera<\/span><\/em><\/h3>\n<p><em><span style=\"color: #008080\">Hace cinco a\u00f1os celebramos el primer D\u00eda de la bandera con orgullo y timidez. Con orgullo porque \u00e9ramos conscientes, plenamente conscientes, de la relevancia hist\u00f3rica de los sucesos del 25 de mayo de 1808. Con timidez, porque sab\u00edamos que brace\u00e1bamos contra la corriente de la desmemoria, que intent\u00e1bamos recuperar unos hechos tan heroicos como desconocidos para la inmensa mayor\u00eda. Aunque ten\u00edamos voluntad, no sab\u00edamos en qu\u00e9 pod\u00eda acabar nuestro intento.<\/span><\/em><\/p>\n<p><em><span style=\"color: #008080\">Ha pasado s\u00f3lo un lustro. En tan poco tiempo, hemos abandonado la verg\u00fcenza, reforzado el orgullo e incorporado para siempre, el 25 de mayo al calendario institucional de Asturias.\u00a0<\/span><\/em><\/p>\n<p><em><span style=\"color: #008080\">Por ese motivo, quiero anunciarles hoy\u00a0que es mi prop\u00f3sito como presidente del Principado, y as\u00ed lo trasladar\u00e9 a los grupos parlamentarios, la regulaci\u00f3n por ley de este d\u00eda 25 de mayo como D\u00eda de la Bandera de Asturias, y de todos los reconocimientos que en torno a este d\u00eda puedan realizarse.<\/span><\/em><\/p>\n<p><em><span style=\"color: #008080\">T\u00e9\u00f1ome por optimista, pro nun esperaba tanto respaldo. Val\u00edu con rascar un pouco a costra morta del esqueicemento pra qu\u2019os acontecementos de 1808 [mil oitocentos oito] recobraran el reconocemento que nunca deberon perder, como \u00faa fogueira mal apagada que nam\u00e1is espera un sopro de vento pra revivir.<\/span><\/em><\/p>\n<p><em><span style=\"color: #008080\">Pode qu\u2019a esplicaci\u00f3n se\u00f1a sinxella. A potencia del qu\u2019ocurr\u00edu arrastra cualquera imaxinaci\u00f3n. Pensemos nun poblo impaciente, febril, qu\u2019aguarda as noticias da invasi\u00f3n napole\u00f3nica.<\/span><\/em><\/p>\n<p><em><span style=\"color: #008080\">Pensemos nel xent\u00edo que se rebela contra a sumisi\u00f3n, despreciando as ordenes del mariscal Murat y decidindo prantar cara al ex\u00e9rcito m\u00e1is poderoso del mundo. En muyeres y homes bravos que se botan \u00e1s cayes d\u2019Uvi\u00e9u, en quenes llevan \u00e1 Xunta Suprema a declarar a soberan\u00eda nacional, a afirmar qu\u2019el poder reside nel poblo. A xunta d\u2019Asturias foi a primeira de toda Espa\u00f1a en proclamar esa verd\u00e1, tan revolucionaria naquellos anos.<\/span><\/em><\/p>\n<p><em><span style=\"color: #008080\">Sepultar a forza d\u2019esos feitos \u00e9 un empe\u00f1o imposible. Nam\u00e1is hab\u00eda que deixallos aflorar pra que nos convocaran a todos y todas, sin distinci\u00f3n. El 25 de mayo de 1808 \u00e9 \u00faa fecha pral arguyo d\u2019Asturias.<\/span><\/em><\/p>\n<p><em><span style=\"color: #008080\">Pero dejemos el ayer unos instantes y volvamos a esta ma\u00f1ana.<\/span><\/em><\/p>\n<p><em><span style=\"color: #008080\">Juan Ignacio es granadino. Samuel naci\u00f3 bastante m\u00e1s lejos, en Argentina. Ambos forman parte del equipo AsturExplorers, el grupo de j\u00f3venes residentes en Asturias que ha ganado un desaf\u00edo mundial convocado por la NASA.<\/span><\/em><\/p>\n<p><em><span style=\"color: #008080\">Samuel y Juan Ignacio han le\u00eddo unos fragmentos de una carta que Jovellanos hab\u00eda escrito en 1874 al marqu\u00e9s de Camposagrado. En ese texto, el ilustrado describ\u00eda c\u00f3mo deb\u00eda ser el blas\u00f3n del Regimiento de Nobles de Asturias. Ese estandarte es, desde 1808, la ense\u00f1a de Asturias, la bandera que estamos honrando.<\/span><\/em><\/p>\n<p><em><span style=\"color: #008080\">A prop\u00f3sito, me pregunto si queda alg\u00fan rinc\u00f3n del mundo donde no haya ondeado. Si queda, est\u00e1 en serio peligro de extinci\u00f3n, porque la bandera de Asturias aparece por doquier, sea cual sea el conf\u00edn. Un fort\u00edsimo pasado emigrante y un encendido sentimiento de pertenencia lo justifican.<\/span><\/em><\/p>\n<p><em><span style=\"color: #008080\">Recupero el hilo de la intervenci\u00f3n. Hoy, 25 de mayo, tenemos muchas razones para volver la vista atr\u00e1s, pero nos sobran los argumentos para mirar hacia delante. No existe contradicci\u00f3n, porque pensar en lo que fuimos es tambi\u00e9n pensar en lo que queremos ser.<\/span><\/em><\/p>\n<p><em><span style=\"color: #008080\">Esta celebraci\u00f3n tiene que conducirnos a esa reflexi\u00f3n. La bandera no se reduce a una sustancia f\u00edsica que se materializa en un pa\u00f1o, una pulsera, un alfiler o un pin en una solapa, es la expresi\u00f3n de una identidad, la identidad que moldea nuestra historia, pero tambi\u00e9n nuestro porvenir.<\/span><\/em><\/p>\n<p><em><span style=\"color: #008080\">La marcha de Bra\u00f1es, el himno elegido para esta ocasi\u00f3n, sirve de muestra. Basta empezar a escucharla para identificar Asturias y la tradici\u00f3n musical de nuestra tierra. La nueva y vibrante versi\u00f3n de Xuacu Amieva y Ferla Meg\u00eda mantiene ese v\u00ednculo y lo fortalece con un pulso contempor\u00e1neo, abierto a nuestros d\u00edas.<\/span><\/em><\/p>\n<p><em><span style=\"color: #008080\">Tr\u00e1tase d\u2019eso, de que la bandera pase de mano en mano, de qu\u2019ondie con fuercia en brazos mozos como s\u00edmbolu de l\u2019Asturies que compartimos y que queremos construir. L\u2019Asturies que se convirti\u00f3 nuna tierra d\u2019oportunidaes, onde Samuel y Juan Ignacio atoparon un sitiu: l\u2019Asturies afayadiza, abierta y solidaria, a la que cada vez lleguen m\u00e1s persones de toles partes del mundu pa vivir y trabayar.<\/span><\/em><\/p>\n<p><em><span style=\"color: #008080\">A fin de cuentes, esa ye tami\u00e9n la bandera que tien qu\u2019axuntanos agora, como lo fai\u2019l recuerdu de 1808: trabayar de manera colectiva, con un sent\u00edu arraig\u00e1u d\u2019unid\u00e1 y pertenencia, en facer realid\u00e1 d\u00eda a d\u00eda una Asturies meyor.<\/span><\/em><\/p>\n<p><em><span style=\"color: #008080\">El Gobiernu del Princip\u00e1u ta volc\u00e1u nesa xera, que nos necesita a toos y toes. Pienso nes instituciones, nes alministraciones, nes organizaciones pol\u00edtiques, sociales, empresariales o culturales\u2026 y pienso, sobre manera, na moced\u00e1.<\/span><\/em><\/p>\n<p><em><span style=\"color: #008080\">El nuestru cuerpu rev\u00e9lanos les marques del pasar del tiempu, y cada ma\u00f1ana d\u00e9xanos ensin escapatoria \u00e9nte l\u2019espeyu. Tami\u00e9n les sociedaes avieyen, anque lo faigan ensin mostrar les arrugues. Cuando pierden la ilusion, cuando se dexen vencer pol des\u00e1nimu y agotar pola rutina, y, sobre manera, cuando recelen de la moced\u00e1, ye qu\u2019avieyaron mal. Esto nun tien nada que ver cola ed\u00e1 de les persones, sin\u00f3n cola actit\u00fa.<\/span><\/em><\/p>\n<p><em><span style=\"color: #008080\">Por eso insisto en que\u2019l D\u00eda de la bandera nun tien que quedar nuna llecci\u00f3n d\u2019historia, por m\u00e1s apasionante que seya. Tien que ser una convocatoria pal porvenir, y eso pasa, claramente, por cuntar cola moced\u00e1, por facela protagonista, por asitiala nel centru del nuestru proyectu como socied\u00e1. Con exemplos pr\u00e1cticos, por ameyorar la ense\u00f1anza, favorecer l\u2019accesu a la Universid\u00e1, reforciar les pol\u00edtiques de vivienda, siguir creando m\u00e1s y m\u00e1s puestos de trabayu y apurri-yos, con xenerosid\u00e1, con tola xenerosid\u00e1, el relevu del futuru.<\/span><\/em><\/p>\n<p><em><span style=\"color: #008080\">Para que el 25 de mayo sea tambi\u00e9n su celebraci\u00f3n, para que ellos y ellas hagan bandera de la mejor Asturias, como hoy hacemos nosotros.\u00a0<\/span><\/em><\/p>\n<p><em><span style=\"color: #008080\">Muchas gracias. \u00a1Viva Asturias! \u00a1Puxa Asturies!<\/span><\/em><\/p>\n<p style=\"text-align: center\"><a href=\"https:\/\/actualidad.asturias.es\/documents\/537115\/2589457\/2025_05_25+Presidente+Dia+de+la+Bandera+8+%281%29.jpg\/f03b782f-f215-31b7-e438-02625e6c3384?t=1748185575258\"><img loading=\"lazy\" decoding=\"async\" class=\"aligncenter size-large\" src=\"https:\/\/actualidad.asturias.es\/documents\/537115\/2589457\/2025_05_25+Presidente+Dia+de+la+Bandera+8+%281%29.jpg\/f03b782f-f215-31b7-e438-02625e6c3384?t=1748185575258\" width=\"5472\" height=\"3648\" \/><\/a><\/p>\n<p style=\"text-align: center\"><a href=\"https:\/\/actualidad.asturias.es\/documents\/537115\/2589457\/2025_05_25+Presidente+Dia+de+la+Bandera+10+%281%29.jpg\/179782c0-72bc-a5ae-d05d-f53b079b013a?t=1748185575424\"><img loading=\"lazy\" decoding=\"async\" class=\"aligncenter size-large\" src=\"https:\/\/actualidad.asturias.es\/documents\/537115\/2589457\/2025_05_25+Presidente+Dia+de+la+Bandera+10+%281%29.jpg\/179782c0-72bc-a5ae-d05d-f53b079b013a?t=1748185575424\" width=\"4733\" height=\"3648\" \/><\/a><\/p>\n<\/div>\n<\/div>\n<\/div>\n<\/div>\n<\/div>\n<\/div>\n","protected":false},"excerpt":{"rendered":"<p>Barb\u00f3n prop\u00f3n regular por llei&#8217;l D\u00eda de la Bandera d&#8217;Asturies, mientres PP y Foru nun quieren camudar el 8 de setiembre. Queipo y Pumares sofiten la iniciativa del presidente rexonal, pero n\u00edeguense a desvenceyar el D\u00eda d&#8217;Asturies de la festivid\u00e1 de Cuadonga. Fonte: Actualid\u00e1 Asturies<\/p>\n","protected":false},"author":117,"featured_media":0,"comment_status":"open","ping_status":"open","sticky":false,"template":"","format":"standard","meta":{"footnotes":""},"categories":[452],"tags":[],"class_list":["post-49516","post","type-post","status-publish","format-standard","hentry","category-bandera"],"_links":{"self":[{"href":"https:\/\/edublog.educastur.es\/ixuxu\/wp-json\/wp\/v2\/posts\/49516","targetHints":{"allow":["GET"]}}],"collection":[{"href":"https:\/\/edublog.educastur.es\/ixuxu\/wp-json\/wp\/v2\/posts"}],"about":[{"href":"https:\/\/edublog.educastur.es\/ixuxu\/wp-json\/wp\/v2\/types\/post"}],"author":[{"embeddable":true,"href":"https:\/\/edublog.educastur.es\/ixuxu\/wp-json\/wp\/v2\/users\/117"}],"replies":[{"embeddable":true,"href":"https:\/\/edublog.educastur.es\/ixuxu\/wp-json\/wp\/v2\/comments?post=49516"}],"version-history":[{"count":8,"href":"https:\/\/edublog.educastur.es\/ixuxu\/wp-json\/wp\/v2\/posts\/49516\/revisions"}],"predecessor-version":[{"id":49529,"href":"https:\/\/edublog.educastur.es\/ixuxu\/wp-json\/wp\/v2\/posts\/49516\/revisions\/49529"}],"wp:attachment":[{"href":"https:\/\/edublog.educastur.es\/ixuxu\/wp-json\/wp\/v2\/media?parent=49516"}],"wp:term":[{"taxonomy":"category","embeddable":true,"href":"https:\/\/edublog.educastur.es\/ixuxu\/wp-json\/wp\/v2\/categories?post=49516"},{"taxonomy":"post_tag","embeddable":true,"href":"https:\/\/edublog.educastur.es\/ixuxu\/wp-json\/wp\/v2\/tags?post=49516"}],"curies":[{"name":"wp","href":"https:\/\/api.w.org\/{rel}","templated":true}]}}