{"id":49532,"date":"2025-05-25T18:30:04","date_gmt":"2025-05-25T16:30:04","guid":{"rendered":"https:\/\/edublog.educastur.es\/ixuxu\/?p=49532"},"modified":"2025-05-26T12:22:14","modified_gmt":"2025-05-26T10:22:14","slug":"49532","status":"publish","type":"post","link":"https:\/\/edublog.educastur.es\/ixuxu\/2025\/05\/49532\/","title":{"rendered":"La buelga de Rafa Nadal nel tenis mundial."},"content":{"rendered":"<div class=\"html-div xdj266r xat24cr x1mh8g0r xexx8yu x4uap5 x18d9i69 xkhd6sd x78zum5 x2lah0s xqtp20y x1emribx\">\n<div class=\"x1vqgdyp x100vrsf\">\n<div class=\"\">\n<p>L&#8217;amuesa d&#8217;una hestoria y un leg\u00e1u imborrable nel tenis. La buelga de Rafa Nadal va tar para siempres na Philippe Chatrier, cancha del Roland Garros. Sol cielu primaveral de Par\u00eds, la pista central convirtiose nun altar d&#8217;emociones, memoria y gratit\u00fa.<\/p>\n<\/div>\n<\/div>\n<\/div>\n<div class=\"x1iyjqo2 x1emribx xr9ek0c\">\n<div class=\"x78zum5 xdt5ytf xz62fqu x16ldp7u\">\n<div class=\"xu06os2 x1ok221b\">\n<div class=\"html-div xdj266r x11i5rnm xat24cr x1mh8g0r xexx8yu x4uap5 x18d9i69 xkhd6sd\" data-ad-rendering-role=\"profile_name\">\n<ul>\n<li class=\"html-h2 x11i5rnm xat24cr x1mh8g0r xexx8yu x4uap5 x18d9i69 xkhd6sd x1vvkbs x1heor9g x1qlqyl8 x1pd3egz x1a2a7pz x1gslohp x1yc453h\"><span class=\"xt0psk2\"><span class=\"xjp7ctv\"><a class=\"x1i10hfl xjbqb8w x1ejq31n xd10rxx x1sy0etr x17r0tee x972fbf xcfux6l x1qhh985 xm0m39n x9f619 x1ypdohk xt0psk2 xe8uvvx xdj266r x11i5rnm xat24cr x1mh8g0r xexx8yu x4uap5 x18d9i69 xkhd6sd x16tdsg8 x1hl2dhg xggy1nq x1a2a7pz xkrqix3 x1sur9pj xzsf02u x1s688f\" role=\"link\" href=\"https:\/\/www.facebook.com\/EurosportES?__cft__[0]=AZUq8QBIcdy79Hlxr6sWPjz2OVnnXuBhKM-4Tk_jl8XEaTfu4GgCxIzCwRoiwlWXP8l5y9Dgr-Z9r8HRzbebywg3nppypdm0ctXgvzK3DSRqie8TXkMJmkImY6_0xYMVSloV56cKv7TSsMOZWnMj2_Yt6cqZBvWIkx7K8td1VpGh_P6cNVb9IIIoaezVSnwGKdKIa_673YRFKjZKS_VlnNnYjtcw8aDCDy_3lJkBTDD09A&amp;__tn__=-UC\"><strong class=\"html-strong xdj266r x11i5rnm xat24cr x1mh8g0r xexx8yu x4uap5 x18d9i69 xkhd6sd x1hl2dhg x16tdsg8 x1vvkbs x1s688f\"><span class=\"html-span xdj266r x11i5rnm xat24cr x1mh8g0r xexx8yu x4uap5 x18d9i69 xkhd6sd x1hl2dhg x16tdsg8 x1vvkbs\">Eurosport Espa\u00f1a<\/span><\/strong><\/a><\/span><\/span> \/ <a href=\"https:\/\/www.rtve.es\/deportes\/20250525\/homenaje-rafa-nadal-directo-roland-garros-video\/16592420.shtml\">RTVE<\/a> \/ <a href=\"https:\/\/www.rtve.es\/play\/videos\/el-mundo-en-24-horas\/rafa-nadal-inaugura-nuevo-espacio-dedicado-roland-garros-su-museo\/16586879\/\">Videu del so mus\u00e9u<\/a> \/ <a href=\"https:\/\/x.com\/i\/status\/1926681339627024613\">videu homenaxe<\/a> \/<\/li>\n<li><strong>Rafa Nadal<\/strong>: <a href=\"https:\/\/es.wikipedia.org\/wiki\/Rafael_Nadal\">wiki<\/a> \/ <a href=\"https:\/\/rafaelnadal.com\/\"><strong>web<\/strong><\/a> \/<span class=\"r-18u37iz\"><a class=\"css-1jxf684 r-bcqeeo r-1ttztb7 r-qvutc0 r-poiln3 r-1loqt21\" dir=\"ltr\" role=\"link\" href=\"https:\/\/x.com\/RafaelNadal\">@RafaelNadal<\/a><\/span>\/\u00a0 <span class=\"r-18u37iz\"><a class=\"css-4rbku5 css-18t94o4 css-901oao css-16my406 r-1loqt21 r-poiln3 r-bcqeeo r-qvutc0\" dir=\"ltr\" role=\"link\" href=\"https:\/\/twitter.com\/rnadalacademy?ref_src=twsrc%5Etfw%7Ctwcamp%5Etweetembed%7Ctwterm%5E1924552626345050277%7Ctwgr%5Eb2ea30ba02f1b4fcdd9f8c938840114219bb486c%7Ctwcon%5Es2_&amp;ref_url=https%3A%2F%2Fwww.tennisworldes.com%2Ftenis%2Fnews%2FRafael_Nadal%2F88835%2Ffuerte-confesion-de-rafael-nadal-debi-retirarme-despues-de-roland-garros-2022%2F\" target=\"_blank\" rel=\"noopener noreferrer nofollow\">@rnadalacademy<\/a><\/span><span class=\"css-901oao css-16my406 r-poiln3 r-bcqeeo r-qvutc0\"> \/<\/span><\/li>\n<\/ul>\n<p style=\"text-align: center\"><a href=\"https:\/\/img2.rtve.es\/v\/16596019\/?w=1600\"><img loading=\"lazy\" decoding=\"async\" class=\"aligncenter size-large\" src=\"https:\/\/img2.rtve.es\/v\/16596019\/?w=1600\" width=\"1600\" height=\"900\" \/><\/a><\/p>\n<p><!--more--><\/p>\n<p style=\"text-align: center\"><a href=\"https:\/\/pbs.twimg.com\/media\/Grz4zrzWsAAWVAN?format=jpg&amp;name=4096x4096\"><img loading=\"lazy\" decoding=\"async\" class=\"aligncenter size-large\" src=\"https:\/\/pbs.twimg.com\/media\/Grz4zrzWsAAWVAN?format=jpg&amp;name=4096x4096\" width=\"4000\" height=\"2249\" \/><\/a><\/p>\n<p><span style=\"color: #008080\"><em>\u00abGracies Francia, gracies Par\u00eds. Ufiert\u00e1stisme les emociones que nunca m&#8217;imaxin\u00f3. Fix\u00edstisme sentir bien apreci\u00e1u. Regal\u00e1stisme una estatua preciosa equ\u00ed en Roland Garros. Fix\u00edstisme sentir como un franc\u00e9s m\u00e1s. Nun voi poder xugar m\u00e1s delantre de v\u00f3s, pero&#8217;l mio coraz\u00f3n y les mios alcordances siempres van tar xun\u00edos a v\u00f3s. Mil gracies per tou, por faeme sentir esta hestoria d&#8217;amor tan guapo\u00bb<\/em><\/span><\/p>\n<p style=\"text-align: center\"><a href=\"https:\/\/content20.lecturas.com\/medio\/2025\/05\/25\/rafa-nadal_00000000_250525192944_660x695.webp\"><img loading=\"lazy\" decoding=\"async\" class=\"aligncenter size-large\" src=\"https:\/\/content20.lecturas.com\/medio\/2025\/05\/25\/rafa-nadal_00000000_250525192944_660x695.webp\" width=\"660\" height=\"695\" \/><\/a><\/p>\n<\/div>\n<p>Nadal recibi\u00f3 esti domingu en Roland Garros l&#8217;homenaxe que merec\u00eda, el que nenguna instituci\u00f3n nin torn\u00e9u pudiera o sab\u00edu otorga-y hasta agora, seis meses dempu\u00e9s de la so retirada nes Finales de la Copa Davis, onde tuvo una despidida escafeinada en M\u00e1laga.<\/p>\n<p style=\"text-align: center\">\n<!-- iframe plugin v.6.0 wordpress.org\/plugins\/iframe\/ -->\n<iframe loading=\"lazy\" src=\"https:\/\/www.facebook.com\/plugins\/video.php?height=314&#038;href=https%3A%2F%2Fwww.facebook.com%2Fjuanmamorenobonilla%2Fvideos%2F1586484442032678%2F&#038;show_text=false&#038;width=560&#038;t=0\" width=\"560\" height=\"314\" style=\"border:none;overflow:hidden\" scrolling=\"no\" frameborder=\"0\" allowfullscreen=\"true\" allow=\"autoplay; clipboard-write; encrypted-media; picture-in-picture; web-share\" 0=\"\/iframe\" class=\"iframe-class\"><\/iframe>\n<\/p>\n<p>En Par\u00eds, na Philippe Chatrier, la catedral del eventu m\u00e1s importante de la so carrera, el rei de la tierra, que foi capaz de ganar 14 vegaes el Grand Slam franc\u00e9s, sinti\u00f3 l&#8217;almiraci\u00f3n, el respetu y l&#8217;amor de miles de persones, afatiaes con camisetes conmemoratives cola lleenda <strong>\u2018Merci Rafa\u2019<\/strong> (Gracies, Rafa) col color del magre del estadiu paris\u00edn.<\/p>\n<div class=\"html-div xdj266r x11i5rnm xat24cr x1mh8g0r xexx8yu x4uap5 x18d9i69 xkhd6sd\" data-ad-rendering-role=\"profile_name\">\n<p style=\"text-align: center\"><a href=\"https:\/\/imagenes.elpais.com\/resizer\/v2\/R725EEM2BUKJIAZ2P6V7PQUGAA.jpg?auth=e79f173092d345af08f85561d84ef277ce5b76ea62649663b355b83e27b66a1a&amp;width=1200\"><img loading=\"lazy\" decoding=\"async\" class=\"aligncenter size-large\" src=\"https:\/\/imagenes.elpais.com\/resizer\/v2\/R725EEM2BUKJIAZ2P6V7PQUGAA.jpg?auth=e79f173092d345af08f85561d84ef277ce5b76ea62649663b355b83e27b66a1a&amp;width=1200\" width=\"1200\" height=\"862\" \/><\/a><\/p>\n<p style=\"text-align: left\">Rafael Nadal Parera (Manacor, Mallorca, 3 de xunu de 1986) ye un extenista espa\u00f1ol.<strong> Ta consider\u00e1u como&#8217;l meyor tenista de la hestoria en pistes de tierra batida<\/strong>\u200b y <strong>unu de los meyores de tolos tiempos<\/strong>. Ye&#8217;l segundu tenista mascul\u00edn con mayor n\u00famberu de t\u00edtulos de Grand Slam n&#8217;individuales, con 22, nam\u00e1 super\u00e1u pol serbiu Novak Djokovic, con 24, y per delantre del suizu Roger Federer, con 20.<\/p>\n<h1 class=\"art__hdl__tl\" style=\"text-align: center\"><span style=\"font-size: 24px\"><em>Federer, Djokovic y Murray<\/em><\/span><\/h1>\n<p style=\"text-align: center\"><a href=\"https:\/\/img.asmedia.epimg.net\/resizer\/v2\/TGL7R6NCHRL7XR37TWUDU7V3LI.jpg?auth=608fd289f8d2ae3bccebe825599ab2549666c9b5f0d5d82bb248c02aaf4667c7&amp;width=1200&amp;height=675&amp;focal=4300%2C3630\"><img loading=\"lazy\" decoding=\"async\" class=\"aligncenter size-large\" src=\"https:\/\/img.asmedia.epimg.net\/resizer\/v2\/TGL7R6NCHRL7XR37TWUDU7V3LI.jpg?auth=608fd289f8d2ae3bccebe825599ab2549666c9b5f0d5d82bb248c02aaf4667c7&amp;width=1200&amp;height=675&amp;focal=4300%2C3630\" width=\"1200\" height=\"675\" \/><\/a><\/p>\n<\/div>\n<\/div>\n<\/div>\n<\/div>\n<p style=\"text-align: center\"><a href=\"https:\/\/pbs.twimg.com\/media\/Grzs91gX0AAQ_oU?format=jpg&amp;name=4096x4096\"><img loading=\"lazy\" decoding=\"async\" class=\"aligncenter size-large\" src=\"https:\/\/pbs.twimg.com\/media\/Grzs91gX0AAQ_oU?format=jpg&amp;name=4096x4096\" width=\"4096\" height=\"2731\" \/><\/a><\/p>\n<p style=\"text-align: center\"><a href=\"https:\/\/pbs.twimg.com\/media\/GrzGQHaXAAA8Qev?format=jpg&amp;name=large\"><img loading=\"lazy\" decoding=\"async\" class=\"aligncenter \" src=\"https:\/\/pbs.twimg.com\/media\/GrzGQHaXAAA8Qev?format=jpg&amp;name=large\" width=\"426\" height=\"568\" \/><\/a><\/p>\n<div class=\"xb57i2i x1q594ok x5lxg6s x78zum5 xdt5ytf x10wlt62 x1n2onr6 x1ja2u2z x1pq812k xfk6m8 x1yqm8si xjx87ck xw2csxc x7p5m3t x9f619 xat24cr xwib8y2 x1y1aw1k x1rohswg xhfbhpw\">\n<div class=\"x78zum5 x1iyjqo2 x1n2onr6 x1q0g3np\">\n<div class=\"x1c4vz4f x2lah0s xeuugli x1bhewko x9wsmhn xnqqybz\" data-type=\"hscroll-child\">\n<div class=\"xjkvuk6 x1y1aw1k\" style=\"text-align: center\"><a href=\"https:\/\/fotografias.larazon.es\/clipping\/cmsimages01\/2025\/05\/25\/205CF6B1-7497-4900-A167-2867A95DC429\/97.jpg?crop=5929,3335,x0,y308&amp;width=1600&amp;height=900&amp;optimize=low&amp;format=webply\"><img loading=\"lazy\" decoding=\"async\" class=\"aligncenter size-large\" src=\"https:\/\/fotografias.larazon.es\/clipping\/cmsimages01\/2025\/05\/25\/205CF6B1-7497-4900-A167-2867A95DC429\/97.jpg?crop=5929,3335,x0,y308&amp;width=1600&amp;height=900&amp;optimize=low&amp;format=webply\" width=\"1600\" height=\"900\" \/><\/a><\/div>\n<\/div>\n<\/div>\n<\/div>\n<div class=\"x1c4vz4f x2lah0s xeuugli x1bhewko x9wsmhn xnqqybz\" data-type=\"hscroll-child\">\n<div class=\"xjkvuk6 x1y1aw1k\" style=\"text-align: center\"><a href=\"https:\/\/estaticos-cdn.prensaiberica.es\/clip\/b483b619-2a03-4ea7-997e-9dffe748c380_alta-libre-aspect-ratio_default_0.jpg\"><img loading=\"lazy\" decoding=\"async\" class=\"aligncenter size-large\" src=\"https:\/\/estaticos-cdn.prensaiberica.es\/clip\/b483b619-2a03-4ea7-997e-9dffe748c380_alta-libre-aspect-ratio_default_0.jpg\" width=\"1200\" height=\"812\" \/><\/a><\/div>\n<\/div>\n<div class=\"x10l6tqk xwa60dl x1d8287x x19991ni xwji4o3 x1vjfegm xg01cxk x47corl\" aria-hidden=\"true\"><\/div>\n<div class=\"x80vd3b x1q0q8m5 xso031l\" style=\"text-align: center\"><a href=\"https:\/\/estaticos-cdn.prensaiberica.es\/clip\/10f3d485-e804-4a85-8149-87a166817dec_alta-libre-aspect-ratio_default_0.jpg\"><img loading=\"lazy\" decoding=\"async\" class=\"aligncenter size-large\" src=\"https:\/\/estaticos-cdn.prensaiberica.es\/clip\/10f3d485-e804-4a85-8149-87a166817dec_alta-libre-aspect-ratio_default_0.jpg\" width=\"1200\" height=\"822\" \/><\/a><\/div>\n<div style=\"text-align: center\">\n<!-- iframe plugin v.6.0 wordpress.org\/plugins\/iframe\/ -->\n<iframe loading=\"lazy\" src=\"https:\/\/www.facebook.com\/plugins\/post.php?href=https%3A%2F%2Fwww.facebook.com%2Fagtptennis%2Fposts%2Fpfbid037R6hccsR6C979qaWE6pRUh6Dx7jrfY4FP7PRtWspNz73KWUYB3i5QinTftns1JT7l&#038;show_text=false&#038;width=500\" width=\"500\" height=\"498\" style=\"border:none;overflow:hidden\" scrolling=\"no\" frameborder=\"0\" allowfullscreen=\"true\" allow=\"autoplay; clipboard-write; encrypted-media; picture-in-picture; web-share\" 0=\"\/iframe\" class=\"iframe-class\"><\/iframe>\n<\/div>\n<div><\/div>\n<div>\n<div class=\"xjkvuk6\">\n<div class=\"x11i5rnm xat24cr x1mh8g0r x1vvkbs xtlvy1s\">\n<div dir=\"auto\" style=\"text-align: center\"><a href=\"https:\/\/upload.wikimedia.org\/wikipedia\/commons\/thumb\/a\/ab\/Rafael_Nadal_%2816207904747%29.jpg\/800px-Rafael_Nadal_%2816207904747%29.jpg\"><img loading=\"lazy\" decoding=\"async\" class=\"aligncenter size-large\" src=\"https:\/\/upload.wikimedia.org\/wikipedia\/commons\/thumb\/a\/ab\/Rafael_Nadal_%2816207904747%29.jpg\/800px-Rafael_Nadal_%2816207904747%29.jpg\" width=\"800\" height=\"975\" \/><\/a><\/div>\n<div dir=\"auto\" style=\"text-align: center\">\n<!-- iframe plugin v.6.0 wordpress.org\/plugins\/iframe\/ -->\n<iframe loading=\"lazy\" src=\"https:\/\/www.facebook.com\/plugins\/post.php?href=https%3A%2F%2Fwww.facebook.com%2FTennisTV%2Fposts%2Fpfbid0qJhWgHY556RcQ83GuwrCcmGM7aBmrLRSSMWwzAkhXp1xGvhqgr16ZMAJxzKAEAUjl&#038;show_text=false&#038;width=500\" width=\"500\" height=\"498\" style=\"border:none;overflow:hidden\" scrolling=\"no\" frameborder=\"0\" allowfullscreen=\"true\" allow=\"autoplay; clipboard-write; encrypted-media; picture-in-picture; web-share\" 0=\"\/iframe\" class=\"iframe-class\"><\/iframe>\n<\/div>\n<\/div>\n<\/div>\n<\/div>\n","protected":false},"excerpt":{"rendered":"<p>L&#8217;amuesa d&#8217;una hestoria y un leg\u00e1u imborrable nel tenis. La buelga de Rafa Nadal va tar para siempres na Philippe Chatrier, cancha del Roland Garros. Sol cielu primaveral de Par\u00eds, la pista central convirtiose nun altar d&#8217;emociones, memoria y gratit\u00fa. Eurosport Espa\u00f1a \/ RTVE \/ Videu del so mus\u00e9u \/ videu homenaxe \/ Rafa Nadal: [&hellip;]<\/p>\n","protected":false},"author":117,"featured_media":0,"comment_status":"open","ping_status":"open","sticky":false,"template":"","format":"standard","meta":{"footnotes":""},"categories":[133,1],"tags":[],"class_list":["post-49532","post","type-post","status-publish","format-standard","hentry","category-deportes","category-sin-categoria"],"_links":{"self":[{"href":"https:\/\/edublog.educastur.es\/ixuxu\/wp-json\/wp\/v2\/posts\/49532","targetHints":{"allow":["GET"]}}],"collection":[{"href":"https:\/\/edublog.educastur.es\/ixuxu\/wp-json\/wp\/v2\/posts"}],"about":[{"href":"https:\/\/edublog.educastur.es\/ixuxu\/wp-json\/wp\/v2\/types\/post"}],"author":[{"embeddable":true,"href":"https:\/\/edublog.educastur.es\/ixuxu\/wp-json\/wp\/v2\/users\/117"}],"replies":[{"embeddable":true,"href":"https:\/\/edublog.educastur.es\/ixuxu\/wp-json\/wp\/v2\/comments?post=49532"}],"version-history":[{"count":26,"href":"https:\/\/edublog.educastur.es\/ixuxu\/wp-json\/wp\/v2\/posts\/49532\/revisions"}],"predecessor-version":[{"id":49597,"href":"https:\/\/edublog.educastur.es\/ixuxu\/wp-json\/wp\/v2\/posts\/49532\/revisions\/49597"}],"wp:attachment":[{"href":"https:\/\/edublog.educastur.es\/ixuxu\/wp-json\/wp\/v2\/media?parent=49532"}],"wp:term":[{"taxonomy":"category","embeddable":true,"href":"https:\/\/edublog.educastur.es\/ixuxu\/wp-json\/wp\/v2\/categories?post=49532"},{"taxonomy":"post_tag","embeddable":true,"href":"https:\/\/edublog.educastur.es\/ixuxu\/wp-json\/wp\/v2\/tags?post=49532"}],"curies":[{"name":"wp","href":"https:\/\/api.w.org\/{rel}","templated":true}]}}