{"id":49574,"date":"2025-05-26T08:19:37","date_gmt":"2025-05-26T06:19:37","guid":{"rendered":"https:\/\/edublog.educastur.es\/ixuxu\/?p=49574"},"modified":"2025-05-26T08:19:37","modified_gmt":"2025-05-26T06:19:37","slug":"el-tiempu-el-comercio-52","status":"publish","type":"post","link":"https:\/\/edublog.educastur.es\/ixuxu\/2025\/05\/el-tiempu-el-comercio-52\/","title":{"rendered":"El tiempu (El Comercio)"},"content":{"rendered":"<p style=\"text-align: center\"><a href=\"https:\/\/s2.ppllstatics.com\/elcomercio\/www\/multimedia\/2025\/05\/25\/tiempo-asturias-lunes-26-mayo-kSRH-U2301404163085IHH-1200x840@El%20Comercio.jpg\"><img loading=\"lazy\" decoding=\"async\" class=\"aligncenter size-large\" src=\"https:\/\/s2.ppllstatics.com\/elcomercio\/www\/multimedia\/2025\/05\/25\/tiempo-asturias-lunes-26-mayo-kSRH-U2301404163085IHH-1200x840@El%20Comercio.jpg\" width=\"1200\" height=\"840\" \/><\/a><\/p>\n<p>Empezamos selmana con una xornada marcada pelos cielos nublos en tol Princip\u00e1u d&#8217;Asturies.<strong> Les precipitaciones<\/strong> van ser pocu probables pero, s\u00eda que non, nun se refuga que puedan escapase dellos orbayos mientres la ma\u00f1ana na mari\u00f1a y proximidaes. <strong>Los vientos<\/strong> van predominar de nordeste fluexos polo xeneral, con dalguna racha daqu\u00e9 m\u00e1s significativa na mari\u00f1a. <strong>Les temperatures m\u00e1ximes<\/strong> van baxar de forma xeneralizada hasta 3 o 4 \u00baC menos qu&#8217;esti domingu. <strong>Les m\u00ednimes<\/strong> van xubir na mari\u00f1a oriental y van caltenese ensin cambeos nel restu d&#8217;Asturies.<\/p>\n<p><!--more--><\/p>\n<p><strong>El martes<\/strong> esperamos una d\u00eda meteorol\u00f3xicamente distintu al de g\u00fcei con un claru predominiu del sol. Poro, sacantes delles gurrianes y bancos de borrina ma\u00f1aneru que se van estenar r\u00e1pido, los cielos van tar pocu nublos o estenos.<strong> Los vientos<\/strong> van siguir soplando de nordeste, fluexos nel interior y con raches moderaes na mari\u00f1a. <strong>Les temperatures m\u00e1ximes<\/strong> van xubir hasta 5 \u00baC en tola Comunid\u00e1 Aut\u00f3noma y les m\u00ednimes nun van variar. <strong>Les temperatures<\/strong> van siguir xubiendo hasta&#8217;l vienres cuando vamos poder averanos a los 30 \u00baC n&#8217;Asturies.<\/p>\n","protected":false},"excerpt":{"rendered":"<p>Empezamos selmana con una xornada marcada pelos cielos nublos en tol Princip\u00e1u d&#8217;Asturies. Les precipitaciones van ser pocu probables pero, s\u00eda que non, nun se refuga que puedan escapase dellos orbayos mientres la ma\u00f1ana na mari\u00f1a y proximidaes. Los vientos van predominar de nordeste fluexos polo xeneral, con dalguna racha daqu\u00e9 m\u00e1s significativa na mari\u00f1a. [&hellip;]<\/p>\n","protected":false},"author":117,"featured_media":0,"comment_status":"open","ping_status":"open","sticky":false,"template":"","format":"standard","meta":{"footnotes":""},"categories":[5],"tags":[],"class_list":["post-49574","post","type-post","status-publish","format-standard","hentry","category-tiempu"],"_links":{"self":[{"href":"https:\/\/edublog.educastur.es\/ixuxu\/wp-json\/wp\/v2\/posts\/49574","targetHints":{"allow":["GET"]}}],"collection":[{"href":"https:\/\/edublog.educastur.es\/ixuxu\/wp-json\/wp\/v2\/posts"}],"about":[{"href":"https:\/\/edublog.educastur.es\/ixuxu\/wp-json\/wp\/v2\/types\/post"}],"author":[{"embeddable":true,"href":"https:\/\/edublog.educastur.es\/ixuxu\/wp-json\/wp\/v2\/users\/117"}],"replies":[{"embeddable":true,"href":"https:\/\/edublog.educastur.es\/ixuxu\/wp-json\/wp\/v2\/comments?post=49574"}],"version-history":[{"count":1,"href":"https:\/\/edublog.educastur.es\/ixuxu\/wp-json\/wp\/v2\/posts\/49574\/revisions"}],"predecessor-version":[{"id":49576,"href":"https:\/\/edublog.educastur.es\/ixuxu\/wp-json\/wp\/v2\/posts\/49574\/revisions\/49576"}],"wp:attachment":[{"href":"https:\/\/edublog.educastur.es\/ixuxu\/wp-json\/wp\/v2\/media?parent=49574"}],"wp:term":[{"taxonomy":"category","embeddable":true,"href":"https:\/\/edublog.educastur.es\/ixuxu\/wp-json\/wp\/v2\/categories?post=49574"},{"taxonomy":"post_tag","embeddable":true,"href":"https:\/\/edublog.educastur.es\/ixuxu\/wp-json\/wp\/v2\/tags?post=49574"}],"curies":[{"name":"wp","href":"https:\/\/api.w.org\/{rel}","templated":true}]}}