{"id":49589,"date":"2025-05-26T09:00:49","date_gmt":"2025-05-26T07:00:49","guid":{"rendered":"https:\/\/edublog.educastur.es\/ixuxu\/?p=49589"},"modified":"2025-05-28T10:50:17","modified_gmt":"2025-05-28T08:50:17","slug":"dia-mundial-de-dracula","status":"publish","type":"post","link":"https:\/\/edublog.educastur.es\/ixuxu\/2025\/05\/dia-mundial-de-dracula\/","title":{"rendered":"D\u00eda Mundial de Dr\u00e1cula"},"content":{"rendered":"<p style=\"text-align: center\"><a href=\"https:\/\/blog.normacomics.com\/wp-content\/uploads\/2023\/05\/darc-2.jpg\"><img loading=\"lazy\" decoding=\"async\" class=\"aligncenter \" src=\"https:\/\/blog.normacomics.com\/wp-content\/uploads\/2023\/05\/darc-2.jpg\" width=\"463\" height=\"348\" \/><\/a><\/p>\n<p>Unu de los personaxes de terror m\u00e1s ic\u00f3nico de tolos tiempos ye homenax\u00e1u cada 26 de mayu, fecha na que foi publicada la so novela en 1897. Esti home inmortal que se convierte en vampiru inspir\u00f3 innumberables pel\u00edcules y obres de lliteratura. Ye por ello que se-y rinde un merec\u00edu homenaxe, por bien aves\u00e9u y espeluznante que paeza.<\/p>\n<p><!--more--><\/p>\n<p style=\"text-align: center\"><a href=\"https:\/\/encrypted-tbn0.gstatic.com\/images?q=tbn:ANd9GcQjvS0oW2tYprW_TeZF89zUBQxiZtUKrhLt3qBjqzoeOs5Tlz-FZhPAtcXK_IQzqYA_mhk&amp;usqp=CAU\"><img loading=\"lazy\" decoding=\"async\" class=\"aligncenter size-large\" src=\"https:\/\/encrypted-tbn0.gstatic.com\/images?q=tbn:ANd9GcQjvS0oW2tYprW_TeZF89zUBQxiZtUKrhLt3qBjqzoeOs5Tlz-FZhPAtcXK_IQzqYA_mhk&amp;usqp=CAU\" width=\"225\" height=\"225\" \/><\/a><\/p>\n<p>\u00bfQui\u00e9n nun s&#8217;apavor\u00f3 dalguna vegada peles nueches pensando que va venir un vampiru colos sos afilaos caniles a zucar sangre del nuesu pescuezu, hasta quedanos secos? Pos seles, ye solo un personaxe ficticiu \u00a1Qu&#8217;aliviu!<\/p>\n<p><strong>Dr\u00e1cula: un escuru y sangrientu personaxe.\u00a0<\/strong>Dr\u00e1cula o Nosferatu foi un personaxe cre\u00e1u pol novelista irland\u00e9s Bram Stoker nel a\u00f1u 1897, bas\u00e1u n&#8217;una figura hist\u00f3rica real.<\/p>\n<p style=\"text-align: center\"><a href=\"https:\/\/media.diariouno.com.ar\/p\/42d8f3be6dcc6421da3c1375a19597de\/adjuntos\/298\/imagenes\/009\/162\/0009162708\/1200x0\/smart\/dracula1jpg.jpg\"><img loading=\"lazy\" decoding=\"async\" class=\"aligncenter \" src=\"https:\/\/media.diariouno.com.ar\/p\/42d8f3be6dcc6421da3c1375a19597de\/adjuntos\/298\/imagenes\/009\/162\/0009162708\/1200x0\/smart\/dracula1jpg.jpg\" width=\"333\" height=\"333\" \/><\/a><\/p>\n<p>Stoker bas\u00f3 la so novela de terror g\u00f3tico nel pr\u00edncipe Vlad III de Valaquia, orixinariu de Ruman\u00eda. Ten\u00eda&#8217;l llamatu de Vlad El Empalador, por cuenta de que foi bien cruel y despiad\u00e1u colos sos oponentes y les persones que la traicionaben, tortur\u00e1ndolos de les peores formes posibles.<\/p>\n<p>Enval\u00f3rase qu&#8217;hubo m\u00e1s de 100.000 v\u00edctimes empaladas nos montes rumanos. Esto sirvi\u00f3 d&#8217;inspiraci\u00f3n al escritor Stoker para la creaci\u00f3n de la so gran obra lliteraria \u00abDr\u00e1cula\u00bb, conectando al so personaxe protagonista, el Conde Dr\u00e1cula, col vampirismu.<\/p>\n<p style=\"text-align: center\">\n<!-- iframe plugin v.6.0 wordpress.org\/plugins\/iframe\/ -->\n<iframe loading=\"lazy\" src=\"https:\/\/www.facebook.com\/plugins\/post.php?href=https%3A%2F%2Fwww.facebook.com%2FRoyGallardoMonos%2Fposts%2Fpfbid02U6zZhVbosoY3T24odSJvuG1xWMozrEFz9jfjodHc9Hc5ESD9hKHKguf4qyB73gafl&#038;show_text=false&#038;width=500\" width=\"500\" height=\"498\" style=\"border:none;overflow:hidden\" scrolling=\"no\" frameborder=\"0\" allowfullscreen=\"true\" allow=\"autoplay; clipboard-write; encrypted-media; picture-in-picture; web-share\" 0=\"\/iframe\" class=\"iframe-class\"><\/iframe>\n<\/p>\n<p><strong>Ye una hestoria ficticia de terror que reflexa la llucha ente&#8217;l bien y el mal, el presente y el pas\u00e1u que se desenvuelve en Ruman\u00eda,<\/strong> espec\u00edficamente nos Montes C\u00e1rpatos de Transilvania. Yera un ser ruin, despiad\u00e1u y despreciable que se convert\u00eda en vampiru, acesmando a inocentes v\u00edctimes nes nueches pa zuca-yos el sangre colos sos grandes caniles, llogrando sobrevivir y remocicar.<\/p>\n<p>Esta ic\u00f3nica obra acomu\u00f1\u00f3se a dellos x\u00e9neros lliterarios: la lliteratura de vampiros, la ficci\u00f3n de terror y la ficci\u00f3n g\u00f3tica. Tescendi\u00f3 del papel a la gran pantalla, hai grandes producciones de cine y televisi\u00f3n. Ello reafita que Dr\u00e1cula ye <strong>un poderosu personaxe, qu&#8217;empondera la cultura de los vampiros.<\/strong><\/p>\n<p style=\"text-align: center\">\n<!-- iframe plugin v.6.0 wordpress.org\/plugins\/iframe\/ -->\n<iframe loading=\"lazy\" width=\"636\" height=\"360\" src=\"https:\/\/www.youtube.com\/embed\/RMVYfAL5owU\" title=\"D\u00eda Mundial de Dr\u00e1cula\" frameborder=\"0\" allow=\"accelerometer; autoplay; clipboard-write; encrypted-media; gyroscope; picture-in-picture; web-share\" referrerpolicy=\"strict-origin-when-cross-origin\" 0=\"allowfullscreen\" 1=\"\/iframe\" scrolling=\"yes\" class=\"iframe-class\"><\/iframe>\n<\/p>\n","protected":false},"excerpt":{"rendered":"<p>Unu de los personaxes de terror m\u00e1s ic\u00f3nico de tolos tiempos ye homenax\u00e1u cada 26 de mayu, fecha na que foi publicada la so novela en 1897. Esti home inmortal que se convierte en vampiru inspir\u00f3 innumberables pel\u00edcules y obres de lliteratura. Ye por ello que se-y rinde un merec\u00edu homenaxe, por bien aves\u00e9u y [&hellip;]<\/p>\n","protected":false},"author":117,"featured_media":0,"comment_status":"open","ping_status":"open","sticky":false,"template":"","format":"standard","meta":{"footnotes":""},"categories":[6],"tags":[],"class_list":["post-49589","post","type-post","status-publish","format-standard","hentry","category-dia-de"],"_links":{"self":[{"href":"https:\/\/edublog.educastur.es\/ixuxu\/wp-json\/wp\/v2\/posts\/49589","targetHints":{"allow":["GET"]}}],"collection":[{"href":"https:\/\/edublog.educastur.es\/ixuxu\/wp-json\/wp\/v2\/posts"}],"about":[{"href":"https:\/\/edublog.educastur.es\/ixuxu\/wp-json\/wp\/v2\/types\/post"}],"author":[{"embeddable":true,"href":"https:\/\/edublog.educastur.es\/ixuxu\/wp-json\/wp\/v2\/users\/117"}],"replies":[{"embeddable":true,"href":"https:\/\/edublog.educastur.es\/ixuxu\/wp-json\/wp\/v2\/comments?post=49589"}],"version-history":[{"count":5,"href":"https:\/\/edublog.educastur.es\/ixuxu\/wp-json\/wp\/v2\/posts\/49589\/revisions"}],"predecessor-version":[{"id":49662,"href":"https:\/\/edublog.educastur.es\/ixuxu\/wp-json\/wp\/v2\/posts\/49589\/revisions\/49662"}],"wp:attachment":[{"href":"https:\/\/edublog.educastur.es\/ixuxu\/wp-json\/wp\/v2\/media?parent=49589"}],"wp:term":[{"taxonomy":"category","embeddable":true,"href":"https:\/\/edublog.educastur.es\/ixuxu\/wp-json\/wp\/v2\/categories?post=49589"},{"taxonomy":"post_tag","embeddable":true,"href":"https:\/\/edublog.educastur.es\/ixuxu\/wp-json\/wp\/v2\/tags?post=49589"}],"curies":[{"name":"wp","href":"https:\/\/api.w.org\/{rel}","templated":true}]}}