{"id":49600,"date":"2025-05-26T12:13:26","date_gmt":"2025-05-26T10:13:26","guid":{"rendered":"https:\/\/edublog.educastur.es\/ixuxu\/?p=49600"},"modified":"2025-05-26T12:13:26","modified_gmt":"2025-05-26T10:13:26","slug":"del-19-al-27-de-xunetu-festival-interceltico-de-aviles-y-comarca","status":"publish","type":"post","link":"https:\/\/edublog.educastur.es\/ixuxu\/2025\/05\/del-19-al-27-de-xunetu-festival-interceltico-de-aviles-y-comarca\/","title":{"rendered":"Del 19 al 27 de xunetu, , Festival Interceltico de Avil\u00e9s y Comarca"},"content":{"rendered":"<div class=\"html-div xdj266r xat24cr x1mh8g0r xexx8yu x4uap5 x18d9i69 xkhd6sd x78zum5 x2lah0s xqtp20y x1emribx\">\n<div class=\"xc9qbxq x14qfxbe x6s0dn4 x78zum5 xl56j7k\">\n<div class=\"\" style=\"text-align: center\"><a href=\"https:\/\/musicasturiana.com\/wp-content\/uploads\/2025\/05\/festival-intercelticu-aviles-ximielga-la-saya.jpg\"><img loading=\"lazy\" decoding=\"async\" class=\"aligncenter size-large\" src=\"https:\/\/musicasturiana.com\/wp-content\/uploads\/2025\/05\/festival-intercelticu-aviles-ximielga-la-saya.jpg\" width=\"1200\" height=\"600\" \/><\/a><\/div>\n<\/div>\n<\/div>\n<div class=\"html-div xdj266r x11i5rnm xat24cr x1mh8g0r xexx8yu x4uap5 x18d9i69 xkhd6sd x1iyjqo2 xeuugli\">\n<div class=\"x78zum5 xdt5ytf xz62fqu x16ldp7u\">\n<div class=\"xu06os2 x1ok221b\">\n<ul>\n<li class=\"html-h3 x11i5rnm xat24cr x1mh8g0r xexx8yu x4uap5 x18d9i69 xkhd6sd x1vvkbs x1heor9g x1qlqyl8 x1pd3egz x1a2a7pz x1gslohp x1yc453h\"><span class=\"xt0psk2\"><span class=\"xjp7ctv\"><a class=\"x1i10hfl xjbqb8w x1ejq31n xd10rxx x1sy0etr x17r0tee x972fbf xcfux6l x1qhh985 xm0m39n x9f619 x1ypdohk xt0psk2 xe8uvvx xdj266r x11i5rnm xat24cr x1mh8g0r xexx8yu x4uap5 x18d9i69 xkhd6sd x16tdsg8 x1hl2dhg xggy1nq x1a2a7pz xkrqix3 x1sur9pj xzsf02u x1s688f\" role=\"link\" href=\"https:\/\/www.facebook.com\/musicasturiana?__cft__[0]=AZXyOtOs18qYjofYRgeOHnxHwR66cyjQqOdxxHzbFzrANDf9JG_dGIca5-fy0V_nkJO0L3DNA4-zpwwk-wUW1fz8AqxXy_9nDjmACZcp3bgi7kee8v-zbPiKrpqTCaqb2YbVZXC6_4HuFfDKpxySFk_1z7G0G2YE3TuodVYU4p3evr_nPERHneYUR5QGqtbSRhxp2wFa-5RZHG7iLcA-wjy4yYmi4Pq8W6qw9KaXn85xTA&amp;__tn__=-UC%2CP-y-y-R\"><strong class=\"html-strong xdj266r x11i5rnm xat24cr x1mh8g0r xexx8yu x4uap5 x18d9i69 xkhd6sd x1hl2dhg x16tdsg8 x1vvkbs x1s688f\"><span class=\"html-span xdj266r x11i5rnm xat24cr x1mh8g0r xexx8yu x4uap5 x18d9i69 xkhd6sd x1hl2dhg x16tdsg8 x1vvkbs\">musicasturiana.com<\/span><\/strong><\/a><\/span><\/span>\/ <a href=\"https:\/\/musicasturiana.com\/el-festival-intercelticu-daviles-avanza-feches-y-programaciones-de-la-so-ventiocho-edicion\/\">web<\/a> \/<\/li>\n<\/ul>\n<\/div>\n<\/div>\n<\/div>\n<div class=\"html-div xdj266r x11i5rnm xat24cr x1mh8g0r xexx8yu x4uap5 x18d9i69 xkhd6sd\" dir=\"auto\">\n<div class=\"html-div xdj266r x11i5rnm xat24cr x1mh8g0r xexx8yu x4uap5 x18d9i69 xkhd6sd\" dir=\"auto\">\n<div class=\"html-div xdj266r x11i5rnm xat24cr x1mh8g0r xexx8yu x4uap5 x18d9i69 xkhd6sd\" data-ad-rendering-role=\"story_message\">\n<div class=\"x1l90r2v x1iorvi4 x1ye3gou xn6708d\" data-ad-comet-preview=\"message\" data-ad-preview=\"message\">\n<div class=\"x78zum5 xdt5ytf xz62fqu x16ldp7u\">\n<div class=\"xu06os2 x1ok221b\">\n<div class=\"html-div xdj266r x11i5rnm xat24cr x1mh8g0r xexx8yu x4uap5 x18d9i69 xkhd6sd\">\n<div class=\"xdj266r x11i5rnm xat24cr x1mh8g0r x1vvkbs x126k92a\">\n<div dir=\"auto\">Del 19 al 27 de xunetu vuelve&#8217;l <span class=\"html-span xdj266r x11i5rnm xat24cr x1mh8g0r xexx8yu x4uap5 x18d9i69 xkhd6sd x1hl2dhg x16tdsg8 x1vvkbs\"><a class=\"x1i10hfl xjbqb8w x1ejq31n xd10rxx x1sy0etr x17r0tee x972fbf xcfux6l x1qhh985 xm0m39n x9f619 x1ypdohk xt0psk2 xe8uvvx xdj266r x11i5rnm xat24cr x1mh8g0r xexx8yu x4uap5 x18d9i69 xkhd6sd x16tdsg8 x1hl2dhg xggy1nq x1a2a7pz xkrqix3 x1sur9pj x1fey0fg x1s688f\" role=\"link\" href=\"https:\/\/www.facebook.com\/festival.interceltico.aviles?__cft__[0]=AZXyOtOs18qYjofYRgeOHnxHwR66cyjQqOdxxHzbFzrANDf9JG_dGIca5-fy0V_nkJO0L3DNA4-zpwwk-wUW1fz8AqxXy_9nDjmACZcp3bgi7kee8v-zbPiKrpqTCaqb2YbVZXC6_4HuFfDKpxySFk_1z7G0G2YE3TuodVYU4p3evr_nPERHneYUR5QGqtbSRhxp2wFa-5RZHG7iLcA-wjy4yYmi4Pq8W6qw9KaXn85xTA&amp;__tn__=-]K-y-y-R\"><span class=\"xt0psk2\"><span class=\"xjp7ctv\">Festival Interceltico de Avil\u00e9s y Comarca<\/span><\/span><\/a><\/span> <span class=\"html-span xexx8yu x4uap5 x18d9i69 xkhd6sd x1hl2dhg x16tdsg8 x1vvkbs x3nfvp2 x1j61x8r x1fcty0u xdj266r xat24cr xgzva0m xhhsvwb xxymvpz xlup9mm x1kky2od\"><img loading=\"lazy\" decoding=\"async\" class=\"xz74otr x168nmei x13lgxp2 x5pf9jr xo71vjh\" src=\"https:\/\/static.xx.fbcdn.net\/images\/emoji.php\/v9\/t4b\/1\/16\/1f3bb.png\" alt=\"\ud83c\udfbb\" width=\"16\" height=\"16\" \/><\/span> Y\u00e1 t\u00e1n anunciaes les actuaciones de <span class=\"html-span xdj266r x11i5rnm xat24cr x1mh8g0r xexx8yu x4uap5 x18d9i69 xkhd6sd x1hl2dhg x16tdsg8 x1vvkbs\"><a class=\"x1i10hfl xjbqb8w x1ejq31n xd10rxx x1sy0etr x17r0tee x972fbf xcfux6l x1qhh985 xm0m39n x9f619 x1ypdohk xt0psk2 xe8uvvx xdj266r x11i5rnm xat24cr x1mh8g0r xexx8yu x4uap5 x18d9i69 xkhd6sd x16tdsg8 x1hl2dhg xggy1nq x1a2a7pz xkrqix3 x1sur9pj x1fey0fg x1s688f\" role=\"link\" href=\"https:\/\/www.facebook.com\/herbamorapandereteres?__cft__[0]=AZXyOtOs18qYjofYRgeOHnxHwR66cyjQqOdxxHzbFzrANDf9JG_dGIca5-fy0V_nkJO0L3DNA4-zpwwk-wUW1fz8AqxXy_9nDjmACZcp3bgi7kee8v-zbPiKrpqTCaqb2YbVZXC6_4HuFfDKpxySFk_1z7G0G2YE3TuodVYU4p3evr_nPERHneYUR5QGqtbSRhxp2wFa-5RZHG7iLcA-wjy4yYmi4Pq8W6qw9KaXn85xTA&amp;__tn__=-]K-y-y-R\"><span class=\"xt0psk2\"><span class=\"xjp7ctv\">Herbamora<\/span><\/span><\/a><\/span> <span class=\"html-span xdj266r x11i5rnm xat24cr x1mh8g0r xexx8yu x4uap5 x18d9i69 xkhd6sd x1hl2dhg x16tdsg8 x1vvkbs\"><a class=\"x1i10hfl xjbqb8w x1ejq31n xd10rxx x1sy0etr x17r0tee x972fbf xcfux6l x1qhh985 xm0m39n x9f619 x1ypdohk xt0psk2 xe8uvvx xdj266r x11i5rnm xat24cr x1mh8g0r xexx8yu x4uap5 x18d9i69 xkhd6sd x16tdsg8 x1hl2dhg xggy1nq x1a2a7pz xkrqix3 x1sur9pj x1fey0fg x1s688f\" role=\"link\" href=\"https:\/\/www.facebook.com\/hectorbragaoficial?__cft__[0]=AZXyOtOs18qYjofYRgeOHnxHwR66cyjQqOdxxHzbFzrANDf9JG_dGIca5-fy0V_nkJO0L3DNA4-zpwwk-wUW1fz8AqxXy_9nDjmACZcp3bgi7kee8v-zbPiKrpqTCaqb2YbVZXC6_4HuFfDKpxySFk_1z7G0G2YE3TuodVYU4p3evr_nPERHneYUR5QGqtbSRhxp2wFa-5RZHG7iLcA-wjy4yYmi4Pq8W6qw9KaXn85xTA&amp;__tn__=-]K-y-y-R\"><span class=\"xt0psk2\"><span class=\"xjp7ctv\">H\u00e9ctor Braga<\/span><\/span><\/a><\/span>, <span class=\"html-span xdj266r x11i5rnm xat24cr x1mh8g0r xexx8yu x4uap5 x18d9i69 xkhd6sd x1hl2dhg x16tdsg8 x1vvkbs\"><a class=\"x1i10hfl xjbqb8w x1ejq31n xd10rxx x1sy0etr x17r0tee x972fbf xcfux6l x1qhh985 xm0m39n x9f619 x1ypdohk xt0psk2 xe8uvvx xdj266r x11i5rnm xat24cr x1mh8g0r xexx8yu x4uap5 x18d9i69 xkhd6sd x16tdsg8 x1hl2dhg xggy1nq x1a2a7pz xkrqix3 x1sur9pj x1fey0fg x1s688f\" role=\"link\" href=\"https:\/\/www.facebook.com\/OrquestaCelticaAsturiana?__cft__[0]=AZXyOtOs18qYjofYRgeOHnxHwR66cyjQqOdxxHzbFzrANDf9JG_dGIca5-fy0V_nkJO0L3DNA4-zpwwk-wUW1fz8AqxXy_9nDjmACZcp3bgi7kee8v-zbPiKrpqTCaqb2YbVZXC6_4HuFfDKpxySFk_1z7G0G2YE3TuodVYU4p3evr_nPERHneYUR5QGqtbSRhxp2wFa-5RZHG7iLcA-wjy4yYmi4Pq8W6qw9KaXn85xTA&amp;__tn__=-]K-y-y-R\"><span class=\"xt0psk2\"><span class=\"xjp7ctv\">Orquesta C\u00e9ltica As<\/span><\/span><\/a><\/span><span class=\"html-span xdj266r x11i5rnm xat24cr x1mh8g0r xexx8yu x4uap5 x18d9i69 xkhd6sd x1hl2dhg x16tdsg8 x1vvkbs\"><a class=\"x1i10hfl xjbqb8w x1ejq31n xd10rxx x1sy0etr x17r0tee x972fbf xcfux6l x1qhh985 xm0m39n x9f619 x1ypdohk xt0psk2 xe8uvvx xdj266r x11i5rnm xat24cr x1mh8g0r xexx8yu x4uap5 x18d9i69 xkhd6sd x16tdsg8 x1hl2dhg xggy1nq x1a2a7pz xkrqix3 x1sur9pj x1fey0fg x1s688f\" role=\"link\" href=\"https:\/\/www.facebook.com\/OrquestaCelticaAsturiana?__cft__[0]=AZXyOtOs18qYjofYRgeOHnxHwR66cyjQqOdxxHzbFzrANDf9JG_dGIca5-fy0V_nkJO0L3DNA4-zpwwk-wUW1fz8AqxXy_9nDjmACZcp3bgi7kee8v-zbPiKrpqTCaqb2YbVZXC6_4HuFfDKpxySFk_1z7G0G2YE3TuodVYU4p3evr_nPERHneYUR5QGqtbSRhxp2wFa-5RZHG7iLcA-wjy4yYmi4Pq8W6qw9KaXn85xTA&amp;__tn__=-]K-y-y-R\"><span class=\"xt0psk2\"><span class=\"xjp7ctv\">turiana<\/span><\/span><\/a><\/span>, Amb\u00e1s ya Rams\u00e9s, Bandina Turcipi\u00e9, Banda Gaites Esbardu, <span class=\"html-span xdj266r x11i5rnm xat24cr x1mh8g0r xexx8yu x4uap5 x18d9i69 xkhd6sd x1hl2dhg x16tdsg8 x1vvkbs\"><a class=\"x1i10hfl xjbqb8w x1ejq31n xd10rxx x1sy0etr x17r0tee x972fbf xcfux6l x1qhh985 xm0m39n x9f619 x1ypdohk xt0psk2 xe8uvvx xdj266r x11i5rnm xat24cr x1mh8g0r xexx8yu x4uap5 x18d9i69 xkhd6sd x16tdsg8 x1hl2dhg xggy1nq x1a2a7pz xkrqix3 x1sur9pj x1fey0fg x1s688f\" role=\"link\" href=\"https:\/\/www.facebook.com\/bandapicoseuropa?__cft__[0]=AZXyOtOs18qYjofYRgeOHnxHwR66cyjQqOdxxHzbFzrANDf9JG_dGIca5-fy0V_nkJO0L3DNA4-zpwwk-wUW1fz8AqxXy_9nDjmACZcp3bgi7kee8v-zbPiKrpqTCaqb2YbVZXC6_4HuFfDKpxySFk_1z7G0G2YE3TuodVYU4p3evr_nPERHneYUR5QGqtbSRhxp2wFa-5RZHG7iLcA-wjy4yYmi4Pq8W6qw9KaXn85xTA&amp;__tn__=-]K-y-y-R\"><span class=\"xt0psk2\"><span class=\"xjp7ctv\">Banda de Gaitas Picos de Europa &#8211; DOP Cabrales<\/span><\/span><\/a><\/span>, <span class=\"html-span xdj266r x11i5rnm xat24cr x1mh8g0r xexx8yu x4uap5 x18d9i69 xkhd6sd x1hl2dhg x16tdsg8 x1vvkbs\"><a class=\"x1i10hfl xjbqb8w x1ejq31n xd10rxx x1sy0etr x17r0tee x972fbf xcfux6l x1qhh985 xm0m39n x9f619 x1ypdohk xt0psk2 xe8uvvx xdj266r x11i5rnm xat24cr x1mh8g0r xexx8yu x4uap5 x18d9i69 xkhd6sd x16tdsg8 x1hl2dhg xggy1nq x1a2a7pz xkrqix3 x1sur9pj x1fey0fg x1s688f\" role=\"link\" href=\"https:\/\/www.facebook.com\/bg.guestia?__cft__[0]=AZXyOtOs18qYjofYRgeOHnxHwR66cyjQqOdxxHzbFzrANDf9JG_dGIca5-fy0V_nkJO0L3DNA4-zpwwk-wUW1fz8AqxXy_9nDjmACZcp3bgi7kee8v-zbPiKrpqTCaqb2YbVZXC6_4HuFfDKpxySFk_1z7G0G2YE3TuodVYU4p3evr_nPERHneYUR5QGqtbSRhxp2wFa-5RZHG7iLcA-wjy4yYmi4Pq8W6qw9KaXn85xTA&amp;__tn__=-]K-y-y-R\"><span class=\"xt0psk2\"><span class=\"xjp7ctv\">BG G\u00fcestia<\/span><\/span><\/a><\/span> y m\u00e1s.<\/div>\n<div dir=\"auto\"><!--more--><\/div>\n<div dir=\"auto\">\n<p>Del <strong>19 al 27 de xunetu<\/strong>, Avil\u00e9s va convertise na capital folk d\u2019Asturies con una nueva edici\u00f3n del <strong>Festival Interc\u00e9lticu d\u2019Avil\u00e9s y Comerca<\/strong>, eventu que lleva <strong>dende 1997<\/strong> puxando polos sones del <strong>Arcu Atl\u00e1nticu<\/strong> nesti conceyu y la so redolada. Am\u00e1s de les feches, la organizaci\u00f3n ta acabante d\u2019avanzar parte d\u2019una programaci\u00f3n qu\u2019amesta a<strong>ctuaciones d\u2019artistes y d\u2019agrupaciones tradicionales<\/strong> de dientro y fuera d\u2019Asturies.<\/p>\n<p>Los conciertos y\u00e1 confirmaos son los d\u2019<strong>Herbamora, H\u00e9ctor Braga<\/strong> -estos dos, pa presentar los sos disco nuevos, <em><a href=\"https:\/\/musicasturiana.com\/producto\/herbamora-286-llunes\/\">286 Llunes<\/a><\/em> y <em><a href=\"https:\/\/musicasturiana.com\/producto\/hector-braga-cd-rabil\/\">Rabil<\/a><\/em>\u2013 y <strong>Orquesta C\u00e9ltica Asturiana<\/strong>, am\u00e1s de la <strong>Bandina Turcipi\u00e9 <\/strong>y el d\u00fau form\u00e1u por <strong>Amb\u00e1s ya Rams\u00e9s<\/strong>. Tami\u00e9n va tocar el veteranu grupu irland\u00e9s de folk <strong>Altan<\/strong>. Per otru llau, les agrupaciones asturianes de m\u00fasica tradicional que y\u00e1 t\u00e1n confirmaes son la Banda Gaites <strong>Esbardu<\/strong>, Banda Gaites <strong>La Tarabica<\/strong>, Grupu Baille Tradicional Esbardu, Grupu de Danza d\u2019Arcos Esbardu, Banda Gaites <strong>Picos d\u2019Europa<\/strong> y les l.lenices Banda Gaites <strong>G\u00fcestia <\/strong>y <a href=\"https:\/\/musicasturiana.com\/producto\/hector-braga-cd-rabil\/\">Grupu de Baille <strong>Xanzaina<\/strong><\/a>.<\/p>\n<p>Ent\u00e1 nun se conoz distribuci\u00f3n de les actuaciones por d\u00edes nin m\u00e1s programaci\u00f3n pero, como ye vezu, el FIA axuntar\u00e1 <strong>esposiciones, merc\u00e1u celta, talleres, atracciones pa la reciella, pasucais, recreaci\u00f3n hist\u00f3rica, gastronom\u00eda, llucha celta, baille, desfiles<\/strong> y m\u00e1s actuaciones d\u2019agrupaciones qu\u2019aporten dende dellos pa\u00edses celtes.<\/p>\n<figure class=\"wp-block-image aligncenter size-full\"><a href=\"https:\/\/musicasturiana.com\/wp-content\/uploads\/2025\/05\/festival-intercelticu-daviles-2025-avance.jpeg\"><img loading=\"lazy\" decoding=\"async\" class=\"wp-image-40032\" src=\"https:\/\/musicasturiana.com\/wp-content\/uploads\/2025\/05\/festival-intercelticu-daviles-2025-avance.jpeg\" alt=\"\" width=\"624\" height=\"600\" \/><\/a><\/figure>\n<\/div>\n<\/div>\n<\/div>\n<\/div>\n<\/div>\n<\/div>\n<\/div>\n<\/div>\n<\/div>\n<p>&nbsp;<\/p>\n","protected":false},"excerpt":{"rendered":"<p>musicasturiana.com\/ web \/ Del 19 al 27 de xunetu vuelve&#8217;l Festival Interceltico de Avil\u00e9s y Comarca Y\u00e1 t\u00e1n anunciaes les actuaciones de Herbamora H\u00e9ctor Braga, Orquesta C\u00e9ltica Asturiana, Amb\u00e1s ya Rams\u00e9s, Bandina Turcipi\u00e9, Banda Gaites Esbardu, Banda de Gaitas Picos de Europa &#8211; DOP Cabrales, BG G\u00fcestia y m\u00e1s.<\/p>\n","protected":false},"author":117,"featured_media":0,"comment_status":"open","ping_status":"open","sticky":false,"template":"","format":"standard","meta":{"footnotes":""},"categories":[204,35,125],"tags":[],"class_list":["post-49600","post","type-post","status-publish","format-standard","hentry","category-festivales","category-musica","category-musicasturiana-com"],"_links":{"self":[{"href":"https:\/\/edublog.educastur.es\/ixuxu\/wp-json\/wp\/v2\/posts\/49600","targetHints":{"allow":["GET"]}}],"collection":[{"href":"https:\/\/edublog.educastur.es\/ixuxu\/wp-json\/wp\/v2\/posts"}],"about":[{"href":"https:\/\/edublog.educastur.es\/ixuxu\/wp-json\/wp\/v2\/types\/post"}],"author":[{"embeddable":true,"href":"https:\/\/edublog.educastur.es\/ixuxu\/wp-json\/wp\/v2\/users\/117"}],"replies":[{"embeddable":true,"href":"https:\/\/edublog.educastur.es\/ixuxu\/wp-json\/wp\/v2\/comments?post=49600"}],"version-history":[{"count":1,"href":"https:\/\/edublog.educastur.es\/ixuxu\/wp-json\/wp\/v2\/posts\/49600\/revisions"}],"predecessor-version":[{"id":49601,"href":"https:\/\/edublog.educastur.es\/ixuxu\/wp-json\/wp\/v2\/posts\/49600\/revisions\/49601"}],"wp:attachment":[{"href":"https:\/\/edublog.educastur.es\/ixuxu\/wp-json\/wp\/v2\/media?parent=49600"}],"wp:term":[{"taxonomy":"category","embeddable":true,"href":"https:\/\/edublog.educastur.es\/ixuxu\/wp-json\/wp\/v2\/categories?post=49600"},{"taxonomy":"post_tag","embeddable":true,"href":"https:\/\/edublog.educastur.es\/ixuxu\/wp-json\/wp\/v2\/tags?post=49600"}],"curies":[{"name":"wp","href":"https:\/\/api.w.org\/{rel}","templated":true}]}}